{"id":369197,"date":"2022-07-16T18:26:33","date_gmt":"2022-07-16T22:26:33","guid":{"rendered":"http:\/\/diariodominicano.com\/?p=369197"},"modified":"2022-07-16T18:36:27","modified_gmt":"2022-07-16T22:36:27","slug":"instituto-duartiano-conmemora-184-anos-de-la-trinitaria","status":"publish","type":"post","link":"https:\/\/diariodominicano.com\/?p=369197","title":{"rendered":"Instituto Duartiano conmemora 184 a\u00f1os de La Trinitaria"},"content":{"rendered":"\n<p>Manuel Rodr\u00edguez, Jansen del Orbe, Miguel Franjul, Vincho Castillo, Wilson G\u00f3mez Milton Guevara. <em><strong>La entidad inici\u00f3 los actos programados para este s\u00e1bado con la entrega de reconocimientos a instituciones y personalidades por la defensa de la soberan\u00eda, en el tradicional \u201cDesayuno por la Patria\u201d.<\/strong><\/em><\/p>\n\n\n\n<figure class=\"wp-block-image size-large\"><img loading=\"lazy\" decoding=\"async\" width=\"1024\" height=\"683\" src=\"https:\/\/diariodominicano.com\/wp-content\/uploads\/2022\/07\/Wilson-Gomez-La-directiva-Instituto-Duartiano-encabezado-por-Wilson-Gomez-16072022-1024x683.jpg\" alt=\"\" class=\"wp-image-369201\" srcset=\"https:\/\/diariodominicano.com\/wp-content\/uploads\/2022\/07\/Wilson-Gomez-La-directiva-Instituto-Duartiano-encabezado-por-Wilson-Gomez-16072022-1024x683.jpg 1024w, https:\/\/diariodominicano.com\/wp-content\/uploads\/2022\/07\/Wilson-Gomez-La-directiva-Instituto-Duartiano-encabezado-por-Wilson-Gomez-16072022-300x200.jpg 300w, https:\/\/diariodominicano.com\/wp-content\/uploads\/2022\/07\/Wilson-Gomez-La-directiva-Instituto-Duartiano-encabezado-por-Wilson-Gomez-16072022-768x512.jpg 768w, https:\/\/diariodominicano.com\/wp-content\/uploads\/2022\/07\/Wilson-Gomez-La-directiva-Instituto-Duartiano-encabezado-por-Wilson-Gomez-16072022-1536x1024.jpg 1536w, https:\/\/diariodominicano.com\/wp-content\/uploads\/2022\/07\/Wilson-Gomez-La-directiva-Instituto-Duartiano-encabezado-por-Wilson-Gomez-16072022-2048x1365.jpg 2048w, https:\/\/diariodominicano.com\/wp-content\/uploads\/2022\/07\/Wilson-Gomez-La-directiva-Instituto-Duartiano-encabezado-por-Wilson-Gomez-16072022-816x544.jpg 816w\" sizes=\"auto, (max-width: 1024px) 100vw, 1024px\" \/><\/figure>\n\n\n\n<p> <strong>La directiva Instituto Duartiano, encabezado por Wilson G\u00f3mez. <\/strong><\/p>\n\n\n\n<figure class=\"wp-block-image size-large\"><img loading=\"lazy\" decoding=\"async\" width=\"1024\" height=\"683\" src=\"https:\/\/diariodominicano.com\/wp-content\/uploads\/2022\/07\/Los-reconocidos-Jansen-del-Orbe-Miguel-Franjul-Vincho-Castillo-y-Milton-Guevara16072022-1024x683.jpg\" alt=\"\" class=\"wp-image-369205\" srcset=\"https:\/\/diariodominicano.com\/wp-content\/uploads\/2022\/07\/Los-reconocidos-Jansen-del-Orbe-Miguel-Franjul-Vincho-Castillo-y-Milton-Guevara16072022-1024x683.jpg 1024w, https:\/\/diariodominicano.com\/wp-content\/uploads\/2022\/07\/Los-reconocidos-Jansen-del-Orbe-Miguel-Franjul-Vincho-Castillo-y-Milton-Guevara16072022-300x200.jpg 300w, https:\/\/diariodominicano.com\/wp-content\/uploads\/2022\/07\/Los-reconocidos-Jansen-del-Orbe-Miguel-Franjul-Vincho-Castillo-y-Milton-Guevara16072022-768x512.jpg 768w, https:\/\/diariodominicano.com\/wp-content\/uploads\/2022\/07\/Los-reconocidos-Jansen-del-Orbe-Miguel-Franjul-Vincho-Castillo-y-Milton-Guevara16072022-1536x1024.jpg 1536w, https:\/\/diariodominicano.com\/wp-content\/uploads\/2022\/07\/Los-reconocidos-Jansen-del-Orbe-Miguel-Franjul-Vincho-Castillo-y-Milton-Guevara16072022-2048x1365.jpg 2048w, https:\/\/diariodominicano.com\/wp-content\/uploads\/2022\/07\/Los-reconocidos-Jansen-del-Orbe-Miguel-Franjul-Vincho-Castillo-y-Milton-Guevara16072022-816x544.jpg 816w\" sizes=\"auto, (max-width: 1024px) 100vw, 1024px\" \/><\/figure>\n\n\n\n<p>Los reconocidos Jansen del Orbe, Miguel Franjul, Vincho Castillo y Milton Guevara.<\/p>\n\n\n\n<p><strong>Santo Domingo, RD.<\/strong>&#8211; El Instituto Duartiano reconoci\u00f3 a instituciones y personalidades por la defensa a la soberan\u00eda nacional durante la vig\u00e9sima versi\u00f3n de su acostumbrado \u201cDesayuno por la Patria\u201d, que marc\u00f3 el inicio de las actividades que se llevan a cabo este s\u00e1bado en conmemoraci\u00f3n del \u00a0184 aniversario de la fundaci\u00f3n de la Sociedad Secreta La Trinitaria.<\/p>\n\n\n\n<figure class=\"wp-block-image size-large\"><img loading=\"lazy\" decoding=\"async\" width=\"1024\" height=\"683\" src=\"https:\/\/diariodominicano.com\/wp-content\/uploads\/2022\/07\/Vincho-Castillo-Entrega-del-reconocimiento-del-Inst.-Duartiano-a-Vincho-Castillo-16072022-1024x683.jpg\" alt=\"\" class=\"wp-image-369204\" srcset=\"https:\/\/diariodominicano.com\/wp-content\/uploads\/2022\/07\/Vincho-Castillo-Entrega-del-reconocimiento-del-Inst.-Duartiano-a-Vincho-Castillo-16072022-1024x683.jpg 1024w, https:\/\/diariodominicano.com\/wp-content\/uploads\/2022\/07\/Vincho-Castillo-Entrega-del-reconocimiento-del-Inst.-Duartiano-a-Vincho-Castillo-16072022-300x200.jpg 300w, https:\/\/diariodominicano.com\/wp-content\/uploads\/2022\/07\/Vincho-Castillo-Entrega-del-reconocimiento-del-Inst.-Duartiano-a-Vincho-Castillo-16072022-768x512.jpg 768w, https:\/\/diariodominicano.com\/wp-content\/uploads\/2022\/07\/Vincho-Castillo-Entrega-del-reconocimiento-del-Inst.-Duartiano-a-Vincho-Castillo-16072022-1536x1024.jpg 1536w, https:\/\/diariodominicano.com\/wp-content\/uploads\/2022\/07\/Vincho-Castillo-Entrega-del-reconocimiento-del-Inst.-Duartiano-a-Vincho-Castillo-16072022-2048x1365.jpg 2048w, https:\/\/diariodominicano.com\/wp-content\/uploads\/2022\/07\/Vincho-Castillo-Entrega-del-reconocimiento-del-Inst.-Duartiano-a-Vincho-Castillo-16072022-816x544.jpg 816w\" sizes=\"auto, (max-width: 1024px) 100vw, 1024px\" \/><figcaption>Entrega del reconocimiento del Inst. Duartiano a Vincho Castillo <\/figcaption><\/figure>\n\n\n\n<p>Las distinciones fueron entregadas en el hotel Barcel\u00f3 Santo Domingo, por Wilson G\u00f3mez Ram\u00edrez, presidente y otros directivos de la entidad a Marino Vinicio (Vincho) Castillo, al magistrado Milton Ray Guevara, presidente del Tribunal Constitucional; al Cuerpo de Bomberos del Distrito Nacional y el peri\u00f3dico List\u00edn Diario, con la asistencia de funcionarios y representantes de instituciones p\u00fablicas, c\u00edvicas y militares.<\/p>\n\n\n\n<p>Los reconocimientos fueron entregados \u201cpor la trayectoria patri\u00f3tica expresada en su identificaci\u00f3n con el ideal duartiano, la vehemente defensa de la soberan\u00eda y de los derechos del pueblo dominicano\u201d, y al Cuerpo de Bomberos \u201cpor su acendrado esp\u00edritu de colaboraci\u00f3n patri\u00f3tica expresada en sus oportunos servicios a favor de las labores de difusi\u00f3n del ideal duartiano y de los s\u00edmbolos patrios\u201d.<\/p>\n\n\n\n<p>Las actividades del 184 aniversario de la fundaci\u00f3n de La Trinitaria continuar\u00e1n a las 3 de la tarde con la \u201cGran Marcha Patri\u00f3tica\u201d y el dep\u00f3sito de una ofrenda floral del Movimiento Duartianos Unidos y de la filial en Nueva York del Instituto Duartiano, partiendo desde el parque Duarte, en la Ciudad Colonial, hasta el Altar de la Patria.<\/p>\n\n\n\n<p>A las 5:30 de la tarde tendr\u00e1 efecto el develizamiento de las figuras de Los Trinitarios, a cargo del Consejo Nacional de Efem\u00e9rides Patrias y la Alcald\u00eda de Santo Domingo Este, en el anfiteatro La Dram\u00e1tica, ubicado en la Plaza Juan Pablo Duarte, en la autopista de San Isidro.<\/p>\n","protected":false},"excerpt":{"rendered":"<p>Manuel Rodr\u00edguez, Jansen del Orbe, Miguel Franjul, Vincho Castillo, Wilson G\u00f3mez Milton Guevara. La entidad inici\u00f3 los actos programados para este s\u00e1bado con la entrega de reconocimientos a instituciones y personalidades por la defensa de la soberan\u00eda, en el tradicional \u201cDesayuno por la Patria\u201d. La directiva Instituto Duartiano, encabezado por Wilson G\u00f3mez. Los reconocidos Jansen [&hellip;]<\/p>\n","protected":false},"author":28,"featured_media":369198,"comment_status":"closed","ping_status":"","sticky":true,"template":"","format":"standard","meta":{"footnotes":""},"categories":[26,27],"tags":[],"class_list":["post-369197","post","type-post","status-publish","format-standard","has-post-thumbnail","hentry","category-efemerides","category-portada"],"_links":{"self":[{"href":"https:\/\/diariodominicano.com\/index.php?rest_route=\/wp\/v2\/posts\/369197","targetHints":{"allow":["GET"]}}],"collection":[{"href":"https:\/\/diariodominicano.com\/index.php?rest_route=\/wp\/v2\/posts"}],"about":[{"href":"https:\/\/diariodominicano.com\/index.php?rest_route=\/wp\/v2\/types\/post"}],"author":[{"embeddable":true,"href":"https:\/\/diariodominicano.com\/index.php?rest_route=\/wp\/v2\/users\/28"}],"replies":[{"embeddable":true,"href":"https:\/\/diariodominicano.com\/index.php?rest_route=%2Fwp%2Fv2%2Fcomments&post=369197"}],"version-history":[{"count":5,"href":"https:\/\/diariodominicano.com\/index.php?rest_route=\/wp\/v2\/posts\/369197\/revisions"}],"predecessor-version":[{"id":369206,"href":"https:\/\/diariodominicano.com\/index.php?rest_route=\/wp\/v2\/posts\/369197\/revisions\/369206"}],"wp:featuredmedia":[{"embeddable":true,"href":"https:\/\/diariodominicano.com\/index.php?rest_route=\/wp\/v2\/media\/369198"}],"wp:attachment":[{"href":"https:\/\/diariodominicano.com\/index.php?rest_route=%2Fwp%2Fv2%2Fmedia&parent=369197"}],"wp:term":[{"taxonomy":"category","embeddable":true,"href":"https:\/\/diariodominicano.com\/index.php?rest_route=%2Fwp%2Fv2%2Fcategories&post=369197"},{"taxonomy":"post_tag","embeddable":true,"href":"https:\/\/diariodominicano.com\/index.php?rest_route=%2Fwp%2Fv2%2Ftags&post=369197"}],"curies":[{"name":"wp","href":"https:\/\/api.w.org\/{rel}","templated":true}]}}