{"id":369050,"date":"2022-07-16T09:15:39","date_gmt":"2022-07-16T13:15:39","guid":{"rendered":"http:\/\/diariodominicano.com\/?p=369050"},"modified":"2022-07-16T09:15:39","modified_gmt":"2022-07-16T13:15:39","slug":"lamenta-presidente-de-cuba-fallecimiento-del-comandante-balaguer","status":"publish","type":"post","link":"https:\/\/diariodominicano.com\/?p=369050","title":{"rendered":"Lamenta presidente de Cuba fallecimiento del comandante Balaguer"},"content":{"rendered":"\n<p>La Habana, 16 jul (Prensa Latina) El presidente de Cuba, Miguel D\u00edaz-Canel, lament\u00f3 hoy el deceso del comandante Jos\u00e9 Ram\u00f3n Balaguer, a los 90 a\u00f1os de edad.<\/p>\n\n\n\n<ul class=\"wp-block-list\"><li>julio 16, 2022<\/li><li>CDT08:34 (GMT) -0400<\/li><\/ul>\n\n\n\n<p>En nombre de sus compa\u00f1eros del @PartidoPCC, que prestigi\u00f3 con su ejemplaridad y del pueblo de #Cuba, a la que consagr\u00f3 su vida sin descanso, nuestro m\u00e1s sentido abrazo a familiares y amigos del Comandante Jos\u00e9 Ram\u00f3n Balaguer Cabrera, escribi\u00f3 el mandatario en su perfil en Twitter.<\/p>\n\n\n\n<p>Balaguer, fallecido la v\u00edspera, se desempe\u00f1\u00f3 en diversos cargos militares, diplom\u00e1ticos, partidistas y gubernamentales hasta que en 2019 solicit\u00f3 su liberaci\u00f3n por motivos de enfermedad.<\/p>\n\n\n\n<p>Desde 1952 se incorpor\u00f3 a la lucha contra la tiran\u00eda de Fulgencio Batista, raz\u00f3n por la cual fue apresado. En 1958 se incorpor\u00f3 al Ej\u00e9rcito Rebelde como combatiente y m\u00e9dico del II Frente Oriental Fran Pa\u00eds.<\/p>\n\n\n\n<p>Tras el triunfo de la Revoluci\u00f3n ocup\u00f3 varios cargos militares y en la direcci\u00f3n del Partido Comunista de Cuba (PCC) y fue miembro del Comit\u00e9 Central, su secretariado y el Bur\u00f3 Pol\u00edtico.<\/p>\n\n\n\n<p>Se desempe\u00f1\u00f3 adem\u00e1s como embajador de Cuba en la Uni\u00f3n de Rep\u00fablicas Socialistas Sovi\u00e9ticas, posteriormente Federaci\u00f3n de Rusia, diputado a la Asamblea Nacional del Poder Popular y ministro de Salud P\u00fablica.<\/p>\n\n\n\n<p>Fue fundador del PCC y recibi\u00f3 varias condecoraciones y reconocimientos otorgados por el Consejo de Estado. De acuerdo con una nota de prensa divulgada en la televisi\u00f3n cubana, a su fallecimiento dej\u00f3 como legado un ejemplo de consagraci\u00f3n, responsabilidad y lealtad.<\/p>\n\n\n\n<p>Sus cenizas ser\u00e1n expuestas hoy en el pante\u00f3n de los veteranos del cementerio de Col\u00f3n, en esta capital, y posteriormente trasladadas al mausoleo de los combatientes del II Frente Oriental Frank Pa\u00eds, en Santiago de Cuba.<\/p>\n\n\n\n<p>rgh\/evm<\/p>\n","protected":false},"excerpt":{"rendered":"<p>La Habana, 16 jul (Prensa Latina) El presidente de Cuba, Miguel D\u00edaz-Canel, lament\u00f3 hoy el deceso del comandante Jos\u00e9 Ram\u00f3n Balaguer, a los 90 a\u00f1os de edad. julio 16, 2022 CDT08:34 (GMT) -0400 En nombre de sus compa\u00f1eros del @PartidoPCC, que prestigi\u00f3 con su ejemplaridad y del pueblo de #Cuba, a la que consagr\u00f3 su [&hellip;]<\/p>\n","protected":false},"author":28,"featured_media":369051,"comment_status":"closed","ping_status":"","sticky":true,"template":"","format":"standard","meta":{"footnotes":""},"categories":[26,23,27],"tags":[],"class_list":["post-369050","post","type-post","status-publish","format-standard","has-post-thumbnail","hentry","category-efemerides","category-internacional","category-portada"],"_links":{"self":[{"href":"https:\/\/diariodominicano.com\/index.php?rest_route=\/wp\/v2\/posts\/369050","targetHints":{"allow":["GET"]}}],"collection":[{"href":"https:\/\/diariodominicano.com\/index.php?rest_route=\/wp\/v2\/posts"}],"about":[{"href":"https:\/\/diariodominicano.com\/index.php?rest_route=\/wp\/v2\/types\/post"}],"author":[{"embeddable":true,"href":"https:\/\/diariodominicano.com\/index.php?rest_route=\/wp\/v2\/users\/28"}],"replies":[{"embeddable":true,"href":"https:\/\/diariodominicano.com\/index.php?rest_route=%2Fwp%2Fv2%2Fcomments&post=369050"}],"version-history":[{"count":1,"href":"https:\/\/diariodominicano.com\/index.php?rest_route=\/wp\/v2\/posts\/369050\/revisions"}],"predecessor-version":[{"id":369052,"href":"https:\/\/diariodominicano.com\/index.php?rest_route=\/wp\/v2\/posts\/369050\/revisions\/369052"}],"wp:featuredmedia":[{"embeddable":true,"href":"https:\/\/diariodominicano.com\/index.php?rest_route=\/wp\/v2\/media\/369051"}],"wp:attachment":[{"href":"https:\/\/diariodominicano.com\/index.php?rest_route=%2Fwp%2Fv2%2Fmedia&parent=369050"}],"wp:term":[{"taxonomy":"category","embeddable":true,"href":"https:\/\/diariodominicano.com\/index.php?rest_route=%2Fwp%2Fv2%2Fcategories&post=369050"},{"taxonomy":"post_tag","embeddable":true,"href":"https:\/\/diariodominicano.com\/index.php?rest_route=%2Fwp%2Fv2%2Ftags&post=369050"}],"curies":[{"name":"wp","href":"https:\/\/api.w.org\/{rel}","templated":true}]}}