{"id":369007,"date":"2022-07-15T22:58:01","date_gmt":"2022-07-16T02:58:01","guid":{"rendered":"http:\/\/diariodominicano.com\/?p=369007"},"modified":"2022-07-16T22:40:45","modified_gmt":"2022-07-17T02:40:45","slug":"anecdotas-politicas-de-aqui-y-de-alla","status":"publish","type":"post","link":"https:\/\/diariodominicano.com\/?p=369007","title":{"rendered":"AN\u00c9CDOTAS POL\u00cdTICAS DE AQU\u00cd Y DE ALL\u00c1"},"content":{"rendered":"\n<p>POR TE\u00d3FILO LAPPOT ROBLES <\/p>\n\n\n\n<figure class=\"wp-block-image size-large\"><img loading=\"lazy\" decoding=\"async\" width=\"1024\" height=\"526\" src=\"https:\/\/diariodominicano.com\/wp-content\/uploads\/2021\/10\/Luperon-Despues-De-La-Restauracion-y-III-1024x526.jpg\" alt=\"\" class=\"wp-image-303513\" srcset=\"https:\/\/diariodominicano.com\/wp-content\/uploads\/2021\/10\/Luperon-Despues-De-La-Restauracion-y-III-1024x526.jpg 1024w, https:\/\/diariodominicano.com\/wp-content\/uploads\/2021\/10\/Luperon-Despues-De-La-Restauracion-y-III-300x154.jpg 300w, https:\/\/diariodominicano.com\/wp-content\/uploads\/2021\/10\/Luperon-Despues-De-La-Restauracion-y-III-768x395.jpg 768w, https:\/\/diariodominicano.com\/wp-content\/uploads\/2021\/10\/Luperon-Despues-De-La-Restauracion-y-III-1536x789.jpg 1536w, https:\/\/diariodominicano.com\/wp-content\/uploads\/2021\/10\/Luperon-Despues-De-La-Restauracion-y-III-2048x1052.jpg 2048w, https:\/\/diariodominicano.com\/wp-content\/uploads\/2021\/10\/Luperon-Despues-De-La-Restauracion-y-III-816x419.jpg 816w\" sizes=\"auto, (max-width: 1024px) 100vw, 1024px\" \/><figcaption>Gregorio Luper\u00f3n<\/figcaption><\/figure>\n\n\n\n<p>Vicente Celestino Duarte era un hombre de acci\u00f3n militar, lo cual demostr\u00f3 antes y&nbsp; en la proclamaci\u00f3n de la independencia nacional, as\u00ed como en los hechos que ocurrieron posteriormente.<\/p>\n\n\n\n<p>Por eso para nadie fue sorpresa que al retornar al pa\u00eds por el puerto de Monte Cristi, el 25 de febrero de 1864, poniendo fin a su \u00faltimo exilio en Venezuela, lo primero que le dijo al general Benito Monci\u00f3n, a la saz\u00f3n jefe restaurador en esa zona del territorio dominicano, fue que le enviaran de inmediato a los frentes de combates m\u00e1s activos en ese momento.<\/p>\n\n\n\n<p>En efecto, Vicente Celestino Duarte fue enviado a Yamas\u00e1, Monte Plata y zonas aleda\u00f1as (Guerra, Bayaguana, etc.) escenarios de jornadas gloriosas para las armas nacionales en el tramo final de esa epopeya que fue la Guerra Restauradora.<\/p>\n\n\n\n<p>En las cuencas fluviales de los r\u00edos Yabacao, Ozama y sus afluentes los restauradores obtuvieron triunfos en cadenas contra las fuerzas anexionistas. A los patriotas dominicanos que ten\u00edan dos a\u00f1os y meses luchando contra fuerzas militarmente superiores se unieron Vicente Celestino y otros pr\u00f3ceres revolucionarios que hicieron tierra por la ciudad m\u00e1s al noroeste del pa\u00eds.<\/p>\n\n\n\n<p>Al frente de los rebeldes dominicanos que iban venciendo a los anexionistas estaba el bizarro general Gregorio Luper\u00f3n, quien design\u00f3 al coronel Vicente Celestino Duarte en la importante funci\u00f3n de comisario pagador de las tropas.<\/p>\n\n\n\n<p>Cuando era inminente un sangriento combate entre restauradores y anexionistas, en la Sabana de Guabatico, Luper\u00f3n consider\u00f3 que por su edad (62 a\u00f1os) no era conveniente que tan ilustre personaje estuviera en la l\u00ednea de fuego, motivo por el cual le solicit\u00f3 que saliera del lugar por una ruta segura.<\/p>\n\n\n\n<p>Lo que no esperaba el adalid puertoplate\u00f1o, considerado como la primera espada de la restauraci\u00f3n de la soberan\u00eda dominicana, era la contundente respuesta que a su prudente petici\u00f3n &nbsp;le hizo el coronel Vicente Celestino Duarte, quien rompiendo el principio de la cadena de mando, le dijo lo siguiente:<\/p>\n\n\n\n<p>&nbsp;\u201cNo, no me retirar\u00e9, General, que hoy hay gloria para todos los dominicanos.\u201d<\/p>\n\n\n\n<p><strong>Ante el pat\u00edbulo<\/strong><\/p>\n\n\n\n<figure class=\"wp-block-image size-large\"><img loading=\"lazy\" decoding=\"async\" width=\"1024\" height=\"526\" src=\"https:\/\/diariodominicano.com\/wp-content\/uploads\/2021\/04\/Pedro-Santana-11-1024x526.jpg\" alt=\"\" class=\"wp-image-274138\" srcset=\"https:\/\/diariodominicano.com\/wp-content\/uploads\/2021\/04\/Pedro-Santana-11-1024x526.jpg 1024w, https:\/\/diariodominicano.com\/wp-content\/uploads\/2021\/04\/Pedro-Santana-11-300x154.jpg 300w, https:\/\/diariodominicano.com\/wp-content\/uploads\/2021\/04\/Pedro-Santana-11-768x395.jpg 768w, https:\/\/diariodominicano.com\/wp-content\/uploads\/2021\/04\/Pedro-Santana-11-1536x789.jpg 1536w, https:\/\/diariodominicano.com\/wp-content\/uploads\/2021\/04\/Pedro-Santana-11-2048x1052.jpg 2048w, https:\/\/diariodominicano.com\/wp-content\/uploads\/2021\/04\/Pedro-Santana-11-816x419.jpg 816w\" sizes=\"auto, (max-width: 1024px) 100vw, 1024px\" \/><figcaption>Pedro Santana<\/figcaption><\/figure>\n\n\n\n<p>Hace s\u00f3lo unos d\u00edas se cumplieron 161 a\u00f1os de la hecatombe hecha en el valle de San Juan por los anexionistas encabezados por Pedro Santana y otros gerifaltes militares (espa\u00f1oles y criollos) contra los patriotas dominicanos que vinieron a luchar por devolver la soberan\u00eda a la Rep\u00fablica Dominicana, arrebatada cuando se produjo la fat\u00eddica anexi\u00f3n a Espa\u00f1a, anunciada el 18 de marzo de 1861 desde un balc\u00f3n frente al Parque Col\u00f3n, as\u00ed llamado desde el 27 de febrero de 1887.<\/p>\n\n\n\n<p>Al evocar situaciones como esa masacre de San Juan vale recordar a la fil\u00f3sofa cristiana Simone Weil, quien al tratar sobre la opresi\u00f3n y la libertad, en su libro de ensayos llamado Escritos en Londres, narra que un d\u00eda al pisar el umbral de su iglesia sufri\u00f3 un dram\u00e1tico bloqueo mental con una carga de dudas sobre la cuesti\u00f3n de: \u201cpensar al mismo tiempos en la desdicha de los hombres, la perfecci\u00f3n de Dios y el lazo que une a los dos.\u201d<\/p>\n\n\n\n<p>Como en esta corta serie sobre an\u00e9cdotas pol\u00edticas hay que dejar de lado ese mensaje subliminal de Simone Weil, y&nbsp; no tocar tampoco las profundidades de los an\u00e1lisis del famoso antrop\u00f3logo y te\u00f3logo cristiano Pierre Teillard de Chardin, en su obra titulada El fen\u00f3meno humano, es pertinente continuar refrescando la memoria con hechos anecd\u00f3ticos del pasado.<\/p>\n\n\n\n<p>A las 4 de la tarde del fat\u00eddico 4 de julio de 1861, frente al pat\u00edbulo levantado en el cementerio de San Juan de la Maguana, un patriota apodado \u201cMedio Mundo\u201d dijo una impactante frase que qued\u00f3 como un s\u00edmbolo de conciencia y compromiso patrio en el altar del sacrificio de miles de dominicanos.<\/p>\n\n\n\n<p>Rudescindo de Le\u00f3n, que era el nombre de pila del h\u00e9roe y m\u00e1rtir referido, antes de caer fulminado por balas anexionistas proclam\u00f3, con la energ\u00eda del valiente que sabe que va a morir por una causa justa, lo siguiente: \u201c\u00a1Se\u00f1ores, ya s\u00ed se acab\u00f3 Medio Mundo!\u201d, en clara referencia a su sobrenombre.<\/p>\n\n\n\n<figure class=\"wp-block-image size-large\"><img loading=\"lazy\" decoding=\"async\" width=\"1024\" height=\"526\" src=\"https:\/\/diariodominicano.com\/wp-content\/uploads\/2021\/03\/9-de-marzo-de-1817-Nace-Francisco-del-RosarioSanchez-1024x526.jpg\" alt=\"\" class=\"wp-image-266811\" srcset=\"https:\/\/diariodominicano.com\/wp-content\/uploads\/2021\/03\/9-de-marzo-de-1817-Nace-Francisco-del-RosarioSanchez-1024x526.jpg 1024w, https:\/\/diariodominicano.com\/wp-content\/uploads\/2021\/03\/9-de-marzo-de-1817-Nace-Francisco-del-RosarioSanchez-300x154.jpg 300w, https:\/\/diariodominicano.com\/wp-content\/uploads\/2021\/03\/9-de-marzo-de-1817-Nace-Francisco-del-RosarioSanchez-768x395.jpg 768w, https:\/\/diariodominicano.com\/wp-content\/uploads\/2021\/03\/9-de-marzo-de-1817-Nace-Francisco-del-RosarioSanchez-1536x789.jpg 1536w, https:\/\/diariodominicano.com\/wp-content\/uploads\/2021\/03\/9-de-marzo-de-1817-Nace-Francisco-del-RosarioSanchez-2048x1052.jpg 2048w, https:\/\/diariodominicano.com\/wp-content\/uploads\/2021\/03\/9-de-marzo-de-1817-Nace-Francisco-del-RosarioSanchez-816x419.jpg 816w\" sizes=\"auto, (max-width: 1024px) 100vw, 1024px\" \/><figcaption>Francisco del Rosario S\u00e1nchez<\/figcaption><\/figure>\n\n\n\n<p>En ese mismo lugar de inmolaci\u00f3n, en aquel d\u00eda triste para la patria, luego de una pantomima de juicio, fueron fusilados el patricio Francisco del Rosario S\u00e1nchez y 21 otros patriotas.<\/p>\n\n\n\n<p>All\u00ed se produjo otra an\u00e9cdota envuelta en un mensaje hist\u00f3rico cuando el valiente capitale\u00f1o Francisco Mart\u00ednez, soldado independentista y restaurador, a quien apodaban Quiquita, le dijo con voz firme a uno de sus compa\u00f1eros de infortunio estas palabras impactantes:<\/p>\n\n\n\n<p>\u201cLevanta la cabeza para que no diga Santana que has estado triste.\u201d<\/p>\n\n\n\n<figure class=\"wp-block-image size-large\"><img loading=\"lazy\" decoding=\"async\" width=\"1024\" height=\"526\" src=\"https:\/\/diariodominicano.com\/wp-content\/uploads\/2022\/01\/Ulises-Heuroaux-1024x526.jpg\" alt=\"\" class=\"wp-image-321642\" srcset=\"https:\/\/diariodominicano.com\/wp-content\/uploads\/2022\/01\/Ulises-Heuroaux-1024x526.jpg 1024w, https:\/\/diariodominicano.com\/wp-content\/uploads\/2022\/01\/Ulises-Heuroaux-300x154.jpg 300w, https:\/\/diariodominicano.com\/wp-content\/uploads\/2022\/01\/Ulises-Heuroaux-768x395.jpg 768w, https:\/\/diariodominicano.com\/wp-content\/uploads\/2022\/01\/Ulises-Heuroaux-1536x789.jpg 1536w, https:\/\/diariodominicano.com\/wp-content\/uploads\/2022\/01\/Ulises-Heuroaux-2048x1052.jpg 2048w, https:\/\/diariodominicano.com\/wp-content\/uploads\/2022\/01\/Ulises-Heuroaux-816x419.jpg 816w\" sizes=\"auto, (max-width: 1024px) 100vw, 1024px\" \/><figcaption>Ulises Heureaux<\/figcaption><\/figure>\n\n\n\n<p><strong>Como en el juego de la baraja espa\u00f1ola<\/strong><\/p>\n\n\n\n<p>Luego de la muerte del s\u00e1trapa Ulises Heureaux (cuya \u00faltima respiraci\u00f3n fue en un callej\u00f3n de Moca, el 26 de julio de 1899) sus principales seguidores pretendieron mantenerse en el poder, generando sus acciones un mar de an\u00e9cdotas de pol\u00edtica criolla.<\/p>\n\n\n\n<p>Los generales lilisistas Wenceslao Figuereo, Te\u00f3filo Cordero Bid\u00f3, Jos\u00e9 Dolores (Lol\u00f3) Pichardo, Jos\u00e9 de Jes\u00fas \u00c1lvarez y otros, quienes formaban una abigarrada mezcla de antiguos partidarios de los partidos Rojo y Azul, quisieron aplicar m\u00e9todos parecidos a los utilizados por su jefe ya difunto.<\/p>\n\n\n\n<p>Los remanentes lilisistas s\u00f3lo pudieron sostener el r\u00e9gimen descabezado durante un mes y 4 d\u00edas. Como ocurri\u00f3 con la famosa carabina de Ambrosio, el tiro le sali\u00f3 por la culata. El presidente Figuereo fue sustituido por Horacio V\u00e1squez, uno de los conjurados en la gesta hist\u00f3rica de Moca.<\/p>\n\n\n\n<p>En narraciones dominicanas del pasado se describe que el general Te\u00f3filo Cordero Bid\u00f3, \u201cun personaje indispensable\u201d en el r\u00e9gimen herido de muerte en una angosta calle mocana, trat\u00f3 de atajar la revuelta desatada en &nbsp;diversos lugares del norte del pa\u00eds para expulsar del poder a los que entonces pretend\u00edan mantenerse al frente de la llamada Cosa P\u00fablica utilizando el espectro del implacable puertoplate\u00f1o que primero se llam\u00f3 Hilari\u00f3n Lebert, hasta que su padre, al darle su apellido Heureaux, le puso por nombre Ulises.<\/p>\n\n\n\n<p>Cuando la balanza de la lucha armada que se realizaba en pueblos y campos del Cibao se inclinaba en favor de los rebeldes el referido general Te\u00f3filo Cordero Bid\u00f3 le envi\u00f3 a su jefe inmediato el siguiente telegrama:\u201cPresidente de la Rep\u00fablica. Capital. S\u00f3lo necesito oro. Por lo dem\u00e1s, con mi espada me basto. Cordero.\u201d<\/p>\n\n\n\n<p>Al leer ese breve texto el mencionado Lol\u00f3 Pichardo, que al parecer era experto en el juego de baraja espa\u00f1ola (oro, espada, basto, copa) am\u00e9n de que era un hombre culto y con un gran sentido del humor, y quien luego de la muerte del tirano mov\u00eda los hilos del gobierno en desbandada, atin\u00f3 a decirle a Figuereo:<\/p>\n\n\n\n<p>-\u201c\u00bfOro, espada y basto? Presidente: tengamos mucho cuidado con este hombre, porque nos copa.\u201d<\/p>\n\n\n\n<figure class=\"wp-block-image size-large\"><img loading=\"lazy\" decoding=\"async\" width=\"1024\" height=\"527\" src=\"https:\/\/diariodominicano.com\/wp-content\/uploads\/2022\/07\/Abraham-Lincoln-2-1024x527.jpg\" alt=\"\" class=\"wp-image-369226\" srcset=\"https:\/\/diariodominicano.com\/wp-content\/uploads\/2022\/07\/Abraham-Lincoln-2-1024x527.jpg 1024w, https:\/\/diariodominicano.com\/wp-content\/uploads\/2022\/07\/Abraham-Lincoln-2-300x154.jpg 300w, https:\/\/diariodominicano.com\/wp-content\/uploads\/2022\/07\/Abraham-Lincoln-2-768x395.jpg 768w, https:\/\/diariodominicano.com\/wp-content\/uploads\/2022\/07\/Abraham-Lincoln-2-1536x790.jpg 1536w, https:\/\/diariodominicano.com\/wp-content\/uploads\/2022\/07\/Abraham-Lincoln-2-2048x1053.jpg 2048w, https:\/\/diariodominicano.com\/wp-content\/uploads\/2022\/07\/Abraham-Lincoln-2-816x420.jpg 816w\" sizes=\"auto, (max-width: 1024px) 100vw, 1024px\" \/><\/figure>\n\n\n\n<p><strong>Abraham Lincoln<\/strong><\/p>\n\n\n\n<p>En la abultada biograf\u00eda de Abraham Lincoln hay una mir\u00edada de an\u00e9cdotas&nbsp; producidas en las diferentes facetas de su esplendente personalidad: abogado de intensa actividad, pol\u00edtico, legislador, combatiente en la guerra de Secesi\u00f3n,&nbsp; decimosexto presidente de los EE.UU., abolicionista de la esclavitud, etc.<\/p>\n\n\n\n<p>En su condici\u00f3n de abogado en ejercicio, mucho antes de ser primer mandatario de su pa\u00eds, le correspondi\u00f3 llevar el mismo d\u00eda y ante el mismo tribunal dos asuntos contenciosos muy parecidos.<\/p>\n\n\n\n<p>En ambos casos hizo planteamientos diferentes, pues en uno actu\u00f3 como acusador, defendiendo al demandante, y en el otro estaba en la barra de la defensa de un acusado.<\/p>\n\n\n\n<p>En el primer lance el tribunal acogi\u00f3 su tesis sobre los agravios sufridos por su cliente. Le dio ganancia de causa en todos los aspectos planteados y Lincoln se sinti\u00f3 euf\u00f3rico por esa victoria procesal.<\/p>\n\n\n\n<p>Tres horas m\u00e1s tarde estaba en la barra de enfrente, representando a un comerciante demandado por sus hechos personales.<\/p>\n\n\n\n<p>Lincoln hizo piruetas verbales para convencer al mismo juez que conoci\u00f3 el caso anterior sobre la inocencia de su cliente, pero en su segundo discurso forense eran evidentes las contradicciones con la forma expresiva que argument\u00f3 en horas de la ma\u00f1ana.<\/p>\n\n\n\n<p>Concluidos los debates, y antes de dictar su fallo, el juez actuante, dejando de lado lo que en Derecho se conoce como la casu\u00edstica, le pregunt\u00f3 de manera algo socarrona a Lincoln sobre su ambivalencia jur\u00eddica.<\/p>\n\n\n\n<p>Quien luego se convirti\u00f3 en una figura hist\u00f3rica de alcance mundial le dio una respuesta que se convirti\u00f3 en un cl\u00e1sico del anecdotario judicial mundial:<\/p>\n\n\n\n<p>-\u201cMagistrado, esta ma\u00f1ana pude tener errores conceptuales, pero ahora, en este segundo caso estoy seguro que tengo la raz\u00f3n.\u201d<\/p>\n\n\n\n<p>Luego de 133 a\u00f1os de su muerte una an\u00e9cdota surgida en el 1998, por un esc\u00e1ndalo sexual en la Casa Blanca (suceso Clinton-Lewinsky), hizo reaparecer en la escena p\u00fablica estadounidense la sagacidad&nbsp; que tuvo Lincoln como abogado:<\/p>\n\n\n\n<p>Entonces se hizo popular una comparaci\u00f3n anecd\u00f3tica: Lincoln nunca ment\u00eda. Nixon nunca dec\u00eda verdad y Clinton no reconoce diferencia entre verdad y mentira.<\/p>\n","protected":false},"excerpt":{"rendered":"<p>POR TE\u00d3FILO LAPPOT ROBLES Vicente Celestino Duarte era un hombre de acci\u00f3n militar, lo cual demostr\u00f3 antes y&nbsp; en la proclamaci\u00f3n de la independencia nacional, as\u00ed como en los hechos que ocurrieron posteriormente. Por eso para nadie fue sorpresa que al retornar al pa\u00eds por el puerto de Monte Cristi, el 25 de febrero de [&hellip;]<\/p>\n","protected":false},"author":28,"featured_media":369241,"comment_status":"closed","ping_status":"","sticky":true,"template":"","format":"standard","meta":{"footnotes":""},"categories":[21,26,27],"tags":[],"class_list":["post-369007","post","type-post","status-publish","format-standard","has-post-thumbnail","hentry","category-cultura","category-efemerides","category-portada"],"_links":{"self":[{"href":"https:\/\/diariodominicano.com\/index.php?rest_route=\/wp\/v2\/posts\/369007","targetHints":{"allow":["GET"]}}],"collection":[{"href":"https:\/\/diariodominicano.com\/index.php?rest_route=\/wp\/v2\/posts"}],"about":[{"href":"https:\/\/diariodominicano.com\/index.php?rest_route=\/wp\/v2\/types\/post"}],"author":[{"embeddable":true,"href":"https:\/\/diariodominicano.com\/index.php?rest_route=\/wp\/v2\/users\/28"}],"replies":[{"embeddable":true,"href":"https:\/\/diariodominicano.com\/index.php?rest_route=%2Fwp%2Fv2%2Fcomments&post=369007"}],"version-history":[{"count":10,"href":"https:\/\/diariodominicano.com\/index.php?rest_route=\/wp\/v2\/posts\/369007\/revisions"}],"predecessor-version":[{"id":369248,"href":"https:\/\/diariodominicano.com\/index.php?rest_route=\/wp\/v2\/posts\/369007\/revisions\/369248"}],"wp:featuredmedia":[{"embeddable":true,"href":"https:\/\/diariodominicano.com\/index.php?rest_route=\/wp\/v2\/media\/369241"}],"wp:attachment":[{"href":"https:\/\/diariodominicano.com\/index.php?rest_route=%2Fwp%2Fv2%2Fmedia&parent=369007"}],"wp:term":[{"taxonomy":"category","embeddable":true,"href":"https:\/\/diariodominicano.com\/index.php?rest_route=%2Fwp%2Fv2%2Fcategories&post=369007"},{"taxonomy":"post_tag","embeddable":true,"href":"https:\/\/diariodominicano.com\/index.php?rest_route=%2Fwp%2Fv2%2Ftags&post=369007"}],"curies":[{"name":"wp","href":"https:\/\/api.w.org\/{rel}","templated":true}]}}