{"id":368896,"date":"2022-07-15T19:08:44","date_gmt":"2022-07-15T23:08:44","guid":{"rendered":"http:\/\/diariodominicano.com\/?p=368896"},"modified":"2022-07-15T19:15:17","modified_gmt":"2022-07-15T23:15:17","slug":"ofician-misa-para-conmemorar-el-146-aniversario-muerte-del-procer-juan-pablo-duarte","status":"publish","type":"post","link":"https:\/\/diariodominicano.com\/?p=368896","title":{"rendered":"Ofician misa para conmemorar el 146 aniversario muerte del pr\u00f3cer Juan Pablo Duarte"},"content":{"rendered":"\n<p><strong>SANTO DOMINGO<\/strong>.-El Ministerio de Defensa (MIDE) ofici\u00f3 una misa para conmemorar el 146 aniversario del fallecimiento del Padre de la Patria y Fundador de la Rep\u00fablica, General Juan Pablo Duarte y D\u00edez., as\u00ed como para recordar y enaltecer los valores patri\u00f3ticos y ejemplar del patricio, que dedic\u00f3 su vida al compromiso de defender&nbsp; la soberan\u00eda nacional.<\/p>\n\n\n\n<figure class=\"wp-block-image size-large\"><img loading=\"lazy\" decoding=\"async\" width=\"1024\" height=\"682\" src=\"https:\/\/diariodominicano.com\/wp-content\/uploads\/2022\/07\/En-la-homilia-oficiada-en-la-parroquia-Nuestra-Senora-de-la-Altagracia-del-MIDE-por-el-Capellan-castrense-Gerardo-DOleo-Giron-ARD.WhatsApp-Image-2022-07-15-at-2.48.37-PM-1024x682.jpeg\" alt=\"\" class=\"wp-image-368899\" srcset=\"https:\/\/diariodominicano.com\/wp-content\/uploads\/2022\/07\/En-la-homilia-oficiada-en-la-parroquia-Nuestra-Senora-de-la-Altagracia-del-MIDE-por-el-Capellan-castrense-Gerardo-DOleo-Giron-ARD.WhatsApp-Image-2022-07-15-at-2.48.37-PM-1024x682.jpeg 1024w, https:\/\/diariodominicano.com\/wp-content\/uploads\/2022\/07\/En-la-homilia-oficiada-en-la-parroquia-Nuestra-Senora-de-la-Altagracia-del-MIDE-por-el-Capellan-castrense-Gerardo-DOleo-Giron-ARD.WhatsApp-Image-2022-07-15-at-2.48.37-PM-300x200.jpeg 300w, https:\/\/diariodominicano.com\/wp-content\/uploads\/2022\/07\/En-la-homilia-oficiada-en-la-parroquia-Nuestra-Senora-de-la-Altagracia-del-MIDE-por-el-Capellan-castrense-Gerardo-DOleo-Giron-ARD.WhatsApp-Image-2022-07-15-at-2.48.37-PM-768x512.jpeg 768w, https:\/\/diariodominicano.com\/wp-content\/uploads\/2022\/07\/En-la-homilia-oficiada-en-la-parroquia-Nuestra-Senora-de-la-Altagracia-del-MIDE-por-el-Capellan-castrense-Gerardo-DOleo-Giron-ARD.WhatsApp-Image-2022-07-15-at-2.48.37-PM-816x544.jpeg 816w, https:\/\/diariodominicano.com\/wp-content\/uploads\/2022\/07\/En-la-homilia-oficiada-en-la-parroquia-Nuestra-Senora-de-la-Altagracia-del-MIDE-por-el-Capellan-castrense-Gerardo-DOleo-Giron-ARD.WhatsApp-Image-2022-07-15-at-2.48.37-PM.jpeg 1280w\" sizes=\"auto, (max-width: 1024px) 100vw, 1024px\" \/><figcaption>En la homil\u00eda, oficiada en la parroquia Nuestra Se\u00f1ora de la Altagracia del MIDE por el Capell\u00e1n castrense, Gerardo D&#8217;Oleo Gir\u00f3n, ARD..<\/figcaption><\/figure>\n\n\n\n<figure class=\"wp-block-image size-large\"><img loading=\"lazy\" decoding=\"async\" width=\"1024\" height=\"682\" src=\"https:\/\/diariodominicano.com\/wp-content\/uploads\/2022\/07\/Misa-15-de-julioWhatsApp-Image-2022-07-15-at-2.48.37-PM-1-1024x682.jpeg\" alt=\"\" class=\"wp-image-368902\" srcset=\"https:\/\/diariodominicano.com\/wp-content\/uploads\/2022\/07\/Misa-15-de-julioWhatsApp-Image-2022-07-15-at-2.48.37-PM-1-1024x682.jpeg 1024w, https:\/\/diariodominicano.com\/wp-content\/uploads\/2022\/07\/Misa-15-de-julioWhatsApp-Image-2022-07-15-at-2.48.37-PM-1-300x200.jpeg 300w, https:\/\/diariodominicano.com\/wp-content\/uploads\/2022\/07\/Misa-15-de-julioWhatsApp-Image-2022-07-15-at-2.48.37-PM-1-768x512.jpeg 768w, https:\/\/diariodominicano.com\/wp-content\/uploads\/2022\/07\/Misa-15-de-julioWhatsApp-Image-2022-07-15-at-2.48.37-PM-1-816x544.jpeg 816w, https:\/\/diariodominicano.com\/wp-content\/uploads\/2022\/07\/Misa-15-de-julioWhatsApp-Image-2022-07-15-at-2.48.37-PM-1.jpeg 1280w\" sizes=\"auto, (max-width: 1024px) 100vw, 1024px\" \/><\/figure>\n\n\n\n<p>En la homil\u00eda, oficiada en la parroquia Nuestra Se\u00f1ora de la Altagracia del MIDE por el Capell\u00e1n castrense, Gerardo D&#8217;Oleo Gir\u00f3n, ARD., la rese\u00f1a hist\u00f3rica estuvo a cargo del Director de Historia Militar del MIDE, Coronel S\u00f3crates Suazo Ruiz, ERD., quien calific\u00f3 de trascendental la fecha de emblem\u00e1tica\u201d.<\/p>\n\n\n\n<figure class=\"wp-block-image size-large\"><img loading=\"lazy\" decoding=\"async\" width=\"1024\" height=\"682\" src=\"https:\/\/diariodominicano.com\/wp-content\/uploads\/2022\/07\/WhatsApp-Image-2022-07-15-at-2.48.38-PM-1-1024x682.jpeg\" alt=\"\" class=\"wp-image-368901\" srcset=\"https:\/\/diariodominicano.com\/wp-content\/uploads\/2022\/07\/WhatsApp-Image-2022-07-15-at-2.48.38-PM-1-1024x682.jpeg 1024w, https:\/\/diariodominicano.com\/wp-content\/uploads\/2022\/07\/WhatsApp-Image-2022-07-15-at-2.48.38-PM-1-300x200.jpeg 300w, https:\/\/diariodominicano.com\/wp-content\/uploads\/2022\/07\/WhatsApp-Image-2022-07-15-at-2.48.38-PM-1-768x512.jpeg 768w, https:\/\/diariodominicano.com\/wp-content\/uploads\/2022\/07\/WhatsApp-Image-2022-07-15-at-2.48.38-PM-1-816x544.jpeg 816w, https:\/\/diariodominicano.com\/wp-content\/uploads\/2022\/07\/WhatsApp-Image-2022-07-15-at-2.48.38-PM-1.jpeg 1280w\" sizes=\"auto, (max-width: 1024px) 100vw, 1024px\" \/><figcaption>Coronel S\u00f3crates Suazo con la rese\u00f1a hist\u00f3rica.<\/figcaption><\/figure>\n\n\n\n<p>\u201cHoy acuden a nuestras memorias agradecidas del patricio, su talante de instructor militar en la escuela de esgrima de la Atarazana, su condici\u00f3n de comandante militar en la regi\u00f3n Sur, en marzo de 1844, y su rendici\u00f3n de cuentas, escrupulosa, de la jornada de Sabana Buey, Bani\u201d, manifest\u00f3 Suazo Ruiz.<\/p>\n\n\n\n<p>El historiador militar del MIDE destac\u00f3 -adem\u00e1s- la presencia de Duarte en la regi\u00f3n del Cibao arengando a las tropas y al pueblo, para consolidar la Independencia Nacional, contra los planes proteccionistas del Plan Levasseur, coronado con su discurso en Puerto Plata, donde reclam\u00f3 la unidad de todos los dominicanos, y regreso del patricio con las armas en las manos, durante la Guerra de Restauraci\u00f3n, 1864.<\/p>\n\n\n\n<p>En la misa participaron el General de Brigada M\u00e9lido J.Barrios Marte, ERD., en representaci\u00f3n del Teniente General Carlos Luciano D\u00edaz Morfa, ERD., Ministro de Defensa; adem\u00e1s la directora de Equidad de G\u00e9nero del MIDE, y representantes de las diferentes dependencias de las Fuerzas Armadas.<\/p>\n\n\n\n<p><strong><em>Departamento de Prensa<\/em><\/strong><\/p>\n\n\n\n<p><em><strong>Direcci\u00f3n de Asuntos Civiles del Estado Mayor Conjunto, J5<\/strong><\/em><\/p>\n\n\n\n<p><em><strong>Ministerio de Defensa de Rep\u00fablica Dominicana<\/strong><\/em><\/p>\n","protected":false},"excerpt":{"rendered":"<p>SANTO DOMINGO.-El Ministerio de Defensa (MIDE) ofici\u00f3 una misa para conmemorar el 146 aniversario del fallecimiento del Padre de la Patria y Fundador de la Rep\u00fablica, General Juan Pablo Duarte y D\u00edez., as\u00ed como para recordar y enaltecer los valores patri\u00f3ticos y ejemplar del patricio, que dedic\u00f3 su vida al compromiso de defender&nbsp; la soberan\u00eda [&hellip;]<\/p>\n","protected":false},"author":28,"featured_media":368897,"comment_status":"closed","ping_status":"","sticky":true,"template":"","format":"standard","meta":{"footnotes":""},"categories":[26,27],"tags":[],"class_list":["post-368896","post","type-post","status-publish","format-standard","has-post-thumbnail","hentry","category-efemerides","category-portada"],"_links":{"self":[{"href":"https:\/\/diariodominicano.com\/index.php?rest_route=\/wp\/v2\/posts\/368896","targetHints":{"allow":["GET"]}}],"collection":[{"href":"https:\/\/diariodominicano.com\/index.php?rest_route=\/wp\/v2\/posts"}],"about":[{"href":"https:\/\/diariodominicano.com\/index.php?rest_route=\/wp\/v2\/types\/post"}],"author":[{"embeddable":true,"href":"https:\/\/diariodominicano.com\/index.php?rest_route=\/wp\/v2\/users\/28"}],"replies":[{"embeddable":true,"href":"https:\/\/diariodominicano.com\/index.php?rest_route=%2Fwp%2Fv2%2Fcomments&post=368896"}],"version-history":[{"count":3,"href":"https:\/\/diariodominicano.com\/index.php?rest_route=\/wp\/v2\/posts\/368896\/revisions"}],"predecessor-version":[{"id":368903,"href":"https:\/\/diariodominicano.com\/index.php?rest_route=\/wp\/v2\/posts\/368896\/revisions\/368903"}],"wp:featuredmedia":[{"embeddable":true,"href":"https:\/\/diariodominicano.com\/index.php?rest_route=\/wp\/v2\/media\/368897"}],"wp:attachment":[{"href":"https:\/\/diariodominicano.com\/index.php?rest_route=%2Fwp%2Fv2%2Fmedia&parent=368896"}],"wp:term":[{"taxonomy":"category","embeddable":true,"href":"https:\/\/diariodominicano.com\/index.php?rest_route=%2Fwp%2Fv2%2Fcategories&post=368896"},{"taxonomy":"post_tag","embeddable":true,"href":"https:\/\/diariodominicano.com\/index.php?rest_route=%2Fwp%2Fv2%2Ftags&post=368896"}],"curies":[{"name":"wp","href":"https:\/\/api.w.org\/{rel}","templated":true}]}}