{"id":368885,"date":"2022-07-15T18:57:21","date_gmt":"2022-07-15T22:57:21","guid":{"rendered":"http:\/\/diariodominicano.com\/?p=368885"},"modified":"2022-07-15T19:02:32","modified_gmt":"2022-07-15T23:02:32","slug":"instituto-duartiano-conmemora-hoy-fallecimiento-del-patricio-y-manana-la-creacion-de-la-trinitaria-2","status":"publish","type":"post","link":"https:\/\/diariodominicano.com\/?p=368885","title":{"rendered":"Instituto Duartiano conmemora hoy fallecimiento del patricio y ma\u00f1ana la creaci\u00f3n de La Trinitaria"},"content":{"rendered":"\n<p>Directivos develizan una tarja de Duarte, en la calle 26 de enero, en Bella Vista.<\/p>\n\n\n\n<figure class=\"wp-block-image size-large\"><img loading=\"lazy\" decoding=\"async\" width=\"1024\" height=\"652\" src=\"https:\/\/diariodominicano.com\/wp-content\/uploads\/2022\/07\/Ofrenda-floral-depositada-este-viernes-en-el-Altar-de-la-Patria.-1024x652.jpg\" alt=\"\" class=\"wp-image-368887\" srcset=\"https:\/\/diariodominicano.com\/wp-content\/uploads\/2022\/07\/Ofrenda-floral-depositada-este-viernes-en-el-Altar-de-la-Patria.-1024x652.jpg 1024w, https:\/\/diariodominicano.com\/wp-content\/uploads\/2022\/07\/Ofrenda-floral-depositada-este-viernes-en-el-Altar-de-la-Patria.-300x191.jpg 300w, https:\/\/diariodominicano.com\/wp-content\/uploads\/2022\/07\/Ofrenda-floral-depositada-este-viernes-en-el-Altar-de-la-Patria.-768x489.jpg 768w, https:\/\/diariodominicano.com\/wp-content\/uploads\/2022\/07\/Ofrenda-floral-depositada-este-viernes-en-el-Altar-de-la-Patria.-1536x978.jpg 1536w, https:\/\/diariodominicano.com\/wp-content\/uploads\/2022\/07\/Ofrenda-floral-depositada-este-viernes-en-el-Altar-de-la-Patria.-2048x1304.jpg 2048w, https:\/\/diariodominicano.com\/wp-content\/uploads\/2022\/07\/Ofrenda-floral-depositada-este-viernes-en-el-Altar-de-la-Patria.-816x520.jpg 816w\" sizes=\"auto, (max-width: 1024px) 100vw, 1024px\" \/><figcaption> <strong>Ofrenda floral depositada este viernes en el Altar de la Patria.<\/strong> <\/figcaption><\/figure>\n\n\n\n<p><br><strong>Ofrenda floral depositada este viernes en el Altar de la Patria.<\/strong><\/p>\n\n\n\n<figure class=\"wp-block-image size-large\"><img loading=\"lazy\" decoding=\"async\" width=\"1024\" height=\"869\" src=\"https:\/\/diariodominicano.com\/wp-content\/uploads\/2022\/07\/El-presidente-Instituto-Duartiano-Wilson-Gomez-interviene-en-el-acto.-1024x869.jpg\" alt=\"\" class=\"wp-image-368892\" srcset=\"https:\/\/diariodominicano.com\/wp-content\/uploads\/2022\/07\/El-presidente-Instituto-Duartiano-Wilson-Gomez-interviene-en-el-acto.-1024x869.jpg 1024w, https:\/\/diariodominicano.com\/wp-content\/uploads\/2022\/07\/El-presidente-Instituto-Duartiano-Wilson-Gomez-interviene-en-el-acto.-300x255.jpg 300w, https:\/\/diariodominicano.com\/wp-content\/uploads\/2022\/07\/El-presidente-Instituto-Duartiano-Wilson-Gomez-interviene-en-el-acto.-768x652.jpg 768w, https:\/\/diariodominicano.com\/wp-content\/uploads\/2022\/07\/El-presidente-Instituto-Duartiano-Wilson-Gomez-interviene-en-el-acto.-1536x1303.jpg 1536w, https:\/\/diariodominicano.com\/wp-content\/uploads\/2022\/07\/El-presidente-Instituto-Duartiano-Wilson-Gomez-interviene-en-el-acto.-2048x1737.jpg 2048w, https:\/\/diariodominicano.com\/wp-content\/uploads\/2022\/07\/El-presidente-Instituto-Duartiano-Wilson-Gomez-interviene-en-el-acto.-816x692.jpg 816w\" sizes=\"auto, (max-width: 1024px) 100vw, 1024px\" \/><figcaption>El presidente Instituto Duartiano, Wilson G\u00f3mez, interviene en el acto.<\/figcaption><\/figure>\n\n\n\n<p><em><strong>Este s\u00e1bado ser\u00e1n reconocidas instituciones y personalidades por la defensa de la soberan\u00eda, en el tradicional \u201cDesayuno por la Patria\u201d.<\/strong><\/em><\/p>\n\n\n\n<p>Santo Domingo, RD. El Instituto Duartiano conmemora este viernes con varios actos el 146 aniversario del fallecimiento del patricio Juan Pablo Duarte y D\u00edez, y ma\u00f1ana s\u00e1bado agotar\u00e1 diferentes actividades para celebrar los 184 a\u00f1os de la fundaci\u00f3n de la Sociedad Secreta La Trinitaria, entre la que se destaca la realizaci\u00f3n del acostumbrado \u201cDesayuno por la Patria\u201d.<br>Una ofrenda floral en el mausoleo de los padres de la Patria, en el parque Independencia, marc\u00f3 el inicio en las primeras horas de hoy de esta jornada patri\u00f3tica, encabezada por el presidente del organismo, doctor Wilson G\u00f3mez Ram\u00edrez, directivos, colaboradores y representantes de instituciones p\u00fablicas y militares.<\/p>\n\n\n\n<figure class=\"wp-block-image size-large\"><img loading=\"lazy\" decoding=\"async\" width=\"1024\" height=\"683\" src=\"https:\/\/diariodominicano.com\/wp-content\/uploads\/2022\/07\/Develizamiento-de-la-tarja-del-patricio-en-el-sector-Bella-Vista.-1024x683.jpg\" alt=\"\" class=\"wp-image-368894\" srcset=\"https:\/\/diariodominicano.com\/wp-content\/uploads\/2022\/07\/Develizamiento-de-la-tarja-del-patricio-en-el-sector-Bella-Vista.-1024x683.jpg 1024w, https:\/\/diariodominicano.com\/wp-content\/uploads\/2022\/07\/Develizamiento-de-la-tarja-del-patricio-en-el-sector-Bella-Vista.-300x200.jpg 300w, https:\/\/diariodominicano.com\/wp-content\/uploads\/2022\/07\/Develizamiento-de-la-tarja-del-patricio-en-el-sector-Bella-Vista.-768x512.jpg 768w, https:\/\/diariodominicano.com\/wp-content\/uploads\/2022\/07\/Develizamiento-de-la-tarja-del-patricio-en-el-sector-Bella-Vista.-1536x1024.jpg 1536w, https:\/\/diariodominicano.com\/wp-content\/uploads\/2022\/07\/Develizamiento-de-la-tarja-del-patricio-en-el-sector-Bella-Vista.-2048x1365.jpg 2048w, https:\/\/diariodominicano.com\/wp-content\/uploads\/2022\/07\/Develizamiento-de-la-tarja-del-patricio-en-el-sector-Bella-Vista.-816x544.jpg 816w\" sizes=\"auto, (max-width: 1024px) 100vw, 1024px\" \/><figcaption>Develizamiento de la tarja del patricio en el sector Bella Vista..<\/figcaption><\/figure>\n\n\n\n<p><br>Tambi\u00e9n este viernes los actos de recordaci\u00f3n del fallecimiento de Juan Pablo Duarte incluyeron, adem\u00e1s, el develizamiento de una tarja del patricio, en la calle 26 de enero, en el sector Bella Vista; y a las 5:30 de la tarde, un oficio religioso en la parroquia Nuestra Se\u00f1ora del Carmen, en la calle Arzobispo Nouel n\u00famero 57, en la Ciudad Colonial.<\/p>\n\n\n\n<p><br><strong>Actos de este s\u00e1bado por fundaci\u00f3n de La Trinitaria<\/strong><\/p>\n\n\n\n<p><br>Ma\u00f1ana las actividades del 184 aniversario de la creaci\u00f3n de La Trinitaria iniciar\u00e1n a las 8:30 de la ma\u00f1ana, con el acostumbrado \u201cDesayuno por la Patria\u201d, en el sal\u00f3n La Fiesta del Hotel Barcel\u00f3 Lina, en el marco del cual recibir\u00e1n reconocimientos el doctor Marino Vinicio Castillo Rodr\u00edguez, el magistrado Milton Ray Guevara, el Cuerpo de Bomberos del Distrito Nacional y el peri\u00f3dico List\u00edn Diario.<\/p>\n\n\n\n<p><br>Estas distinciones ser\u00e1n entregadas \u201cpor la trayectoria patri\u00f3tica expresada en su identificaci\u00f3n con el ideal duartiano, la vehemente defensa de la soberan\u00eda y de los derechos del pueblo dominicano\u201d, y al Cuerpo de Bomberos \u201cpor su acendrado esp\u00edritu de colaboraci\u00f3n patri\u00f3tica expresada en sus oportunos servicios a favor de las labores de difusi\u00f3n del ideal duartiano y de los s\u00edmbolos patrios\u201d.<\/p>\n\n\n\n<p><br>Este s\u00e1bado 16 las actividades del 184 aniversario de la fundaci\u00f3n de La Trinitaria continuar\u00e1n a las 3 de la tarde con la \u201cGran Marcha Patri\u00f3tica\u201d y el dep\u00f3sito de una ofrenda floral del Movimiento Duartianos Unidos y de la filial en Nueva York del Instituto Duartiano, partiendo desde el parque Duarte, en la Ciudad Colonial, hasta el Altar de la Patria.<\/p>\n\n\n\n<p><br>Este mismo d\u00eda, a las 5:30 de la tarde, tendr\u00e1 efecto el develizamiento de las figuras de Los Trinitarios, a cargo del Consejo Nacional de Efem\u00e9rides Patrias y la Alcald\u00eda de Santo Domingo Este, en el anfiteatro La Dram\u00e1tica, ubicado en la Plaza Juan Pablo Duarte, en autopista de San Isidro.<\/p>\n\n\n\n<p><br><strong>Sobre el Instituto Duartiano<\/strong><\/p>\n\n\n\n<p><br>El Instituto Duartiano es un organismo de car\u00e1cter oficial y aut\u00f3nomo, fundado el 26 de enero de 1964, y la Ley n\u00famero 127-01, del 27 de julio de 2001, le otorg\u00f3 autonom\u00eda.<\/p>\n\n\n\n<p><br>Tiene como objetivo promover la historia, los ideales, los valores y el ejemplo del patricio Juan Pablo Duarte. Es la instituci\u00f3n responsable de la difusi\u00f3n de la vida y los ejemplos del Padre de la Patria, as\u00ed como la gloriosa historia de los dominicanos.<br>Tiene la misi\u00f3n de llevar al pueblo dominicano la historia de Juan Pablo Duarte y tratar de que, por medio del conocimiento de sus ideales, laboriosidad, honestidad acrisolada, patriotismo, esp\u00edritu de servicio y vida ejemplar, exista un mejor ciudadano y una patria justa y feliz, como la so\u00f1\u00f3 el padre de la Patria.<\/p>\n\n\n\n<p><strong>Pies de las fotos:<\/strong><br><strong>Foto 1:<\/strong>Wilson G\u00f3mez Ram\u00edrez, presidente del Instituto Duartiano y otros directivos develizan una tarja de Juan Pablo Duarte, en la calle 26 de enero, en el sector Bella Vista.<br><strong>Foto 2:<\/strong>Un aspecto de la ofrenda floral depositada este viernes en el Altar de la Patria.<br><strong>Foto 3:<\/strong>El presidente del Instituto Duartiano, Wilson G\u00f3mez Ram\u00edrez, interviene en el acto, en el parque Independencia.<br><strong>Foto 4:<\/strong>Ofrenda floral este viernes en el mausoleo de los padres de la Patria.<br><strong>Foto 5:<\/strong>Develizamiento de la tarja del patricio en el sector Bella Vista.<\/p>\n\n\n\n<p><strong>Links para ver o descargar v\u00eddeo<\/strong><br><strong>Por YouTube:<\/strong>V\u00cdDEO 1:<a href=\"https:\/\/youtu.be\/amRysw0mov4\" target=\"_blank\" rel=\"noreferrer noopener\">https:\/\/youtu.be\/amRysw0mov4<\/a>V\u00cdDEO 2:&nbsp;<a href=\"https:\/\/youtu.be\/Y5Ws0ghKO5Q\" target=\"_blank\" rel=\"noreferrer noopener\">https:\/\/youtu.be\/Y5Ws0ghKO5Q<\/a><\/p>\n","protected":false},"excerpt":{"rendered":"<p>Directivos develizan una tarja de Duarte, en la calle 26 de enero, en Bella Vista. Ofrenda floral depositada este viernes en el Altar de la Patria. Este s\u00e1bado ser\u00e1n reconocidas instituciones y personalidades por la defensa de la soberan\u00eda, en el tradicional \u201cDesayuno por la Patria\u201d. Santo Domingo, RD. El Instituto Duartiano conmemora este viernes [&hellip;]<\/p>\n","protected":false},"author":28,"featured_media":368886,"comment_status":"closed","ping_status":"","sticky":true,"template":"","format":"standard","meta":{"footnotes":""},"categories":[26,27],"tags":[],"class_list":["post-368885","post","type-post","status-publish","format-standard","has-post-thumbnail","hentry","category-efemerides","category-portada"],"_links":{"self":[{"href":"https:\/\/diariodominicano.com\/index.php?rest_route=\/wp\/v2\/posts\/368885","targetHints":{"allow":["GET"]}}],"collection":[{"href":"https:\/\/diariodominicano.com\/index.php?rest_route=\/wp\/v2\/posts"}],"about":[{"href":"https:\/\/diariodominicano.com\/index.php?rest_route=\/wp\/v2\/types\/post"}],"author":[{"embeddable":true,"href":"https:\/\/diariodominicano.com\/index.php?rest_route=\/wp\/v2\/users\/28"}],"replies":[{"embeddable":true,"href":"https:\/\/diariodominicano.com\/index.php?rest_route=%2Fwp%2Fv2%2Fcomments&post=368885"}],"version-history":[{"count":4,"href":"https:\/\/diariodominicano.com\/index.php?rest_route=\/wp\/v2\/posts\/368885\/revisions"}],"predecessor-version":[{"id":368895,"href":"https:\/\/diariodominicano.com\/index.php?rest_route=\/wp\/v2\/posts\/368885\/revisions\/368895"}],"wp:featuredmedia":[{"embeddable":true,"href":"https:\/\/diariodominicano.com\/index.php?rest_route=\/wp\/v2\/media\/368886"}],"wp:attachment":[{"href":"https:\/\/diariodominicano.com\/index.php?rest_route=%2Fwp%2Fv2%2Fmedia&parent=368885"}],"wp:term":[{"taxonomy":"category","embeddable":true,"href":"https:\/\/diariodominicano.com\/index.php?rest_route=%2Fwp%2Fv2%2Fcategories&post=368885"},{"taxonomy":"post_tag","embeddable":true,"href":"https:\/\/diariodominicano.com\/index.php?rest_route=%2Fwp%2Fv2%2Ftags&post=368885"}],"curies":[{"name":"wp","href":"https:\/\/api.w.org\/{rel}","templated":true}]}}