{"id":368466,"date":"2022-07-14T00:10:59","date_gmt":"2022-07-14T04:10:59","guid":{"rendered":"http:\/\/diariodominicano.com\/?p=368466"},"modified":"2022-07-14T00:11:45","modified_gmt":"2022-07-14T04:11:45","slug":"el-gobierno-de-haiti-intensifica-represion-contra-los-trinitarios","status":"publish","type":"post","link":"https:\/\/diariodominicano.com\/?p=368466","title":{"rendered":"El Gobierno de Hait\u00ed intensifica represi\u00f3n contra los trinitarios"},"content":{"rendered":"\n<figure class=\"wp-block-image size-large\"><img loading=\"lazy\" decoding=\"async\" width=\"1024\" height=\"526\" src=\"https:\/\/diariodominicano.com\/wp-content\/uploads\/2019\/02\/Jean-Pierre-Boyer-1-1-1024x526.jpg\" alt=\"\" class=\"wp-image-262996\" srcset=\"https:\/\/diariodominicano.com\/wp-content\/uploads\/2019\/02\/Jean-Pierre-Boyer-1-1-1024x526.jpg 1024w, https:\/\/diariodominicano.com\/wp-content\/uploads\/2019\/02\/Jean-Pierre-Boyer-1-1-300x154.jpg 300w, https:\/\/diariodominicano.com\/wp-content\/uploads\/2019\/02\/Jean-Pierre-Boyer-1-1-768x395.jpg 768w, https:\/\/diariodominicano.com\/wp-content\/uploads\/2019\/02\/Jean-Pierre-Boyer-1-1-1536x789.jpg 1536w, https:\/\/diariodominicano.com\/wp-content\/uploads\/2019\/02\/Jean-Pierre-Boyer-1-1-2048x1052.jpg 2048w, https:\/\/diariodominicano.com\/wp-content\/uploads\/2019\/02\/Jean-Pierre-Boyer-1-1-816x419.jpg 816w\" sizes=\"auto, (max-width: 1024px) 100vw, 1024px\" \/><\/figure>\n\n\n\n<p><strong>Por H\u00e9ctor Tineo Nolasco<\/strong><\/p>\n\n\n\n<p><strong>Diariodominicano.com<\/strong><\/p>\n\n\n\n<p>SANTO DOMINGO, el 14 de julio de 1843, el Gobierno haitiano continu\u00f3 los actos de represi\u00f3n contra los ciudadanos sospechosos de apoyar las actividades en procura de fundar la Rep\u00fablica Dominicana.<\/p>\n\n\n\n<p>&nbsp;&nbsp; El d\u00eda 14 de julio de 1843, miembros del Ej\u00e9rcito Haitiano arrestaron a los ciudadanos Pedro Pablo Bonilla, Juan Nepomuceno Ravelo,&nbsp; Manuel Leguisam\u00f3n, Silvano Pujols,&nbsp; Jos\u00e9 Manuel Machado y Norberto Linares.<\/p>\n\n\n\n<p>&nbsp;&nbsp; Tambi\u00e9n fueron detenidos&nbsp;&nbsp; Gabriel Jos\u00e9 Luna, y los oficiales del Ej\u00e9rcito Haitiano Pedro Valverde Lara, Juan Ru\u00edz, Ignacio de Paula,&nbsp; y Alejandro Dis\u00fa Batequi.<\/p>\n\n\n\n<p>&nbsp;&nbsp;&nbsp; Juan Pablo Duarte, para evadir la persecuci\u00f3n se refugi\u00f3 el mismo d\u00eda 14 de julio en la residencia de su amigo&nbsp; Manuel Hern\u00e1ndez.<\/p>\n\n\n\n<p>&nbsp;&nbsp;&nbsp;&nbsp; Rosa Duarte&nbsp; informa&nbsp; en sus apuntes que a las cuatro de las tarde comenzaron las acciones contra los trinitarios.<\/p>\n\n\n\n<p>&nbsp;&nbsp;&nbsp; \u201cA las 7 de la noche Juan Pablo Duarte y Juan Isidro Pina mudaron de asilo&nbsp; y fueron a ocultarse en casa del se\u00f1or&nbsp; Manuel Hern\u00e1ndez\u201d.<\/p>\n\n\n\n<p>&nbsp;&nbsp;&nbsp; Rosa Duarte anota que a las 9 de la noche se le&nbsp; uni\u00f3 Juan Isidro P\u00e9rez y estuvieron all\u00ed hasta el 16 en la noche cuando sus enemigos descubrieron el lugar donde se encontraban.<\/p>\n\n\n\n<p>&nbsp;&nbsp;&nbsp;&nbsp; La ocupaci\u00f3n haitiana del Santo Domingo Espa\u00f1ol, hoy Rep\u00fablica Dominicana, hab\u00eda comenzado de manera oficial el d\u00eda 9 de febrero de 1822, cuando Jos\u00e9 N\u00fa\u00f1ez de C\u00e1ceres, el l\u00edder de la Independencia Ef\u00edmera les,&nbsp; entreg\u00f3 las&nbsp; llaves&nbsp; de la ciudad al Presidente haitiano Pedro Boyer.<\/p>\n\n\n\n<p>Boyer hab\u00eda iniciado&nbsp; su marcha hacia Santo Domingo,&nbsp; el d\u00eda 1 de enero de 1822, con un Ej\u00e9rcito de 12 mil hombres, el cual dividi\u00f3 en dos columnas: una que cortar\u00eda el sur,&nbsp; al mando de Pedro Boyer, y otra por el norte, del general Guy Joseph Bonnet.<\/p>\n\n\n\n<p>&nbsp;&nbsp;&nbsp;&nbsp; El Presidente Pedro Boyer entr\u00f3 a la ciudad de Santo Domingo, el d\u00eda 8 de febrero de 1822, al tomar el sector San Carlos, que en ese momento estaba en la periferia de la Capital.<\/p>\n\n\n\n<p>&nbsp;&nbsp; <strong>En el momento que se inici\u00f3 la ocupaci\u00f3n haitiana el Santo Domingo Espa\u00f1ol estaba dividido en tres \u201cpartidos\u201d: uno pro-haitiano, uno procolombiano&nbsp; y otro hispano. Esa realidad posibilit\u00f3 la entrada de los haitianos sin enfrentar dificultades de importancia.<\/strong><strong><\/strong><\/p>\n\n\n\n<p>&nbsp;&nbsp;&nbsp; Juan Pablo Duarte inici\u00f3 la lucha por la independencia dominicana el 16 de julio de 1838, cuando fund\u00f3 la sociedad secreta La Trinitaria.<\/p>\n\n\n\n<p>&nbsp;&nbsp;&nbsp; A pesar de los actos de represi\u00f3n del Gobierno haitiano en contra de los independentistas, la Rep\u00fablica Dominicana fue proclamada el 27 de febrero de&nbsp; 1844.<\/p>\n","protected":false},"excerpt":{"rendered":"<p>Por H\u00e9ctor Tineo Nolasco Diariodominicano.com SANTO DOMINGO, el 14 de julio de 1843, el Gobierno haitiano continu\u00f3 los actos de represi\u00f3n contra los ciudadanos sospechosos de apoyar las actividades en procura de fundar la Rep\u00fablica Dominicana. &nbsp;&nbsp; El d\u00eda 14 de julio de 1843, miembros del Ej\u00e9rcito Haitiano arrestaron a los ciudadanos Pedro Pablo Bonilla, [&hellip;]<\/p>\n","protected":false},"author":28,"featured_media":326471,"comment_status":"closed","ping_status":"","sticky":true,"template":"","format":"standard","meta":{"footnotes":""},"categories":[26,27],"tags":[],"class_list":["post-368466","post","type-post","status-publish","format-standard","has-post-thumbnail","hentry","category-efemerides","category-portada"],"_links":{"self":[{"href":"https:\/\/diariodominicano.com\/index.php?rest_route=\/wp\/v2\/posts\/368466","targetHints":{"allow":["GET"]}}],"collection":[{"href":"https:\/\/diariodominicano.com\/index.php?rest_route=\/wp\/v2\/posts"}],"about":[{"href":"https:\/\/diariodominicano.com\/index.php?rest_route=\/wp\/v2\/types\/post"}],"author":[{"embeddable":true,"href":"https:\/\/diariodominicano.com\/index.php?rest_route=\/wp\/v2\/users\/28"}],"replies":[{"embeddable":true,"href":"https:\/\/diariodominicano.com\/index.php?rest_route=%2Fwp%2Fv2%2Fcomments&post=368466"}],"version-history":[{"count":2,"href":"https:\/\/diariodominicano.com\/index.php?rest_route=\/wp\/v2\/posts\/368466\/revisions"}],"predecessor-version":[{"id":368468,"href":"https:\/\/diariodominicano.com\/index.php?rest_route=\/wp\/v2\/posts\/368466\/revisions\/368468"}],"wp:featuredmedia":[{"embeddable":true,"href":"https:\/\/diariodominicano.com\/index.php?rest_route=\/wp\/v2\/media\/326471"}],"wp:attachment":[{"href":"https:\/\/diariodominicano.com\/index.php?rest_route=%2Fwp%2Fv2%2Fmedia&parent=368466"}],"wp:term":[{"taxonomy":"category","embeddable":true,"href":"https:\/\/diariodominicano.com\/index.php?rest_route=%2Fwp%2Fv2%2Fcategories&post=368466"},{"taxonomy":"post_tag","embeddable":true,"href":"https:\/\/diariodominicano.com\/index.php?rest_route=%2Fwp%2Fv2%2Ftags&post=368466"}],"curies":[{"name":"wp","href":"https:\/\/api.w.org\/{rel}","templated":true}]}}