{"id":368252,"date":"2022-07-13T00:01:30","date_gmt":"2022-07-13T04:01:30","guid":{"rendered":"http:\/\/diariodominicano.com\/?p=368252"},"modified":"2022-07-13T00:01:30","modified_gmt":"2022-07-13T04:01:30","slug":"pedro-santana-proclamado-jefe-supremo-de-la-republica-dominicana-con-el-apoyo-de-francia","status":"publish","type":"post","link":"https:\/\/diariodominicano.com\/?p=368252","title":{"rendered":"Pedro Santana proclamado Jefe Supremo de la Rep\u00fablica Dominicana con el apoyo de Francia"},"content":{"rendered":"\n<p><strong>Por H\u00e9ctor Tineo Nolasco<\/strong><\/p>\n\n\n\n<p><strong>Diariodominicano.com<\/strong><\/p>\n\n\n\n<p>SANTO DOMINGO, el&nbsp; 13 de julio de 1844, el general Pedro Santana fue proclamado Jefe Supremo de la Rep\u00fablica Dominicana. El mismo d\u00eda Santana y sus colaboradores continuaron con su plan para dar un golpe a los miembros de la Junta Central Gubernativa, que presid\u00eda&nbsp; el pr\u00f3cer Francisco del Rosario S\u00e1nchez, desde el d\u00eda 9 de junio de 1844.<\/p>\n\n\n\n<p>&nbsp;&nbsp;&nbsp;&nbsp; &nbsp;&nbsp;&nbsp;&nbsp; El d\u00eda anterior, el 12 de julio de 1844, el general Santana, jefe del Ej\u00e9rcito del Sur, hab\u00eda entrado con sus tropas a ciudad Santo Domingo, con lo que dio inicio a su plan para derrocar a la Junta Central Gubernativa. Logr\u00f3 su objetivo con el apoyo del c\u00f3nsul de Francia, Saint Denys, quien advirti\u00f3 a Francisco del Rosario S\u00e1nchez, qu\u00e9 si enfrentaba con violencia al jefe militar del sur, se iba a retirar con sus barcos de guerra.<\/p>\n\n\n\n<p>&nbsp;&nbsp;&nbsp; &nbsp;&nbsp;&nbsp;&nbsp;&nbsp; Francisco del Rosario S\u00e1nchez tambi\u00e9n se encontr\u00f3 con la dificultad de que el Comandante de Armas de la Plaza de Santo Domingo, general Jos\u00e9 Joaqu\u00edn Puello, se neg\u00f3 a enfrentar a Pedro Santana que hab\u00eda salido con su ej\u00e9rcito desde Azua para tomar a ciudad de Santo Domingo.<\/p>\n\n\n\n<p>&nbsp;&nbsp; &nbsp;&nbsp;&nbsp;&nbsp;&nbsp;&nbsp; El Presidente de la Junta Central Gubernativa, ante esa circunstancia viaj\u00f3 a San Crist\u00f3bal, para tratar de encontrar una salida pol\u00edtica en una conversaci\u00f3n con el general Santana, pero no fue posible pues en lugar de di\u00e1logo lo que vivi\u00f3 con el jefe militar fue una acalorada discusi\u00f3n.<\/p>\n\n\n\n<p>&nbsp;&nbsp;&nbsp; &nbsp;&nbsp;&nbsp;&nbsp;&nbsp; Pedro Santana acus\u00f3 a la Junta Central Gubernativa de haberle negado el apoyo que necesitaba el Ej\u00e9rcito cuando estaba en campa\u00f1a en Azua. Al final de la discusi\u00f3n S\u00e1nchez&nbsp; se vio obligado a permitir la entrada del Ej\u00e9rcito del Sur.<\/p>\n\n\n\n<p>&nbsp;&nbsp;&nbsp; &nbsp;&nbsp;&nbsp;&nbsp;&nbsp; El&nbsp; acontecimiento se produjo a las 11 de la ma\u00f1ana del d\u00eda 12 de julio de 1844, cuando Santana entr\u00f3 a la ciudad comandando a su fuerza militar de 2 mil hombres.<\/p>\n\n\n\n<p>&nbsp;&nbsp;&nbsp; &nbsp;&nbsp;&nbsp;&nbsp;&nbsp; Al entrar a la ciudad, los militares fueron concentrados en la Plaza de Armas. All\u00ed el coronel Antonio Abad Alfau, encabez\u00f3 a los oficiales que empezaron a expresar:<\/p>\n\n\n\n<p>&nbsp;&nbsp; &nbsp;&nbsp;&nbsp;&nbsp;&nbsp;&nbsp; <strong>\u201cAbajo la Junta, viva el General Santana, Jefe Supremo del Pueblo\u201d, lo que dej\u00f3 claro que la reci\u00e9n fundada Rep\u00fablica estaba a punto de ver un nuevo golpe contra la Junta Central Gubernativa.<\/strong><strong><\/strong><\/p>\n\n\n\n<p>&nbsp;&nbsp; &nbsp;&nbsp;&nbsp;&nbsp;&nbsp;&nbsp; El prop\u00f3sito de Santana era instalarse como Dictador, pero el c\u00f3nsul Saint Denys, lo convenci\u00f3 de que lo m\u00e1s conveniente era que sacara a los miembros de la Junta Central Gubernativa que encabezaba S\u00e1nchez y se reintegrara a los que formaban el organismo cuando lo presid\u00eda Tom\u00e1s Bobadilla y Briones.<\/p>\n\n\n\n<p>&nbsp;&nbsp;&nbsp; &nbsp;&nbsp;&nbsp;&nbsp;&nbsp; Saint Denys calific\u00f3 de ilegales a los miembros de la Junta que fueron escogidos cuando S\u00e1nchez fue designado Presidente.<\/p>\n\n\n\n<p>&nbsp; &nbsp;&nbsp;&nbsp;&nbsp;&nbsp;&nbsp;&nbsp; El d\u00eda 9 de junio un grupo de trinitarios decidi\u00f3 perpetrar un golpe de Estado para quitar el poder a los conservadores que controlaban la Junta Central Gubernativa, presidida por Bobadilla, quienes deseaban convertir la naciente Rep\u00fablica Dominicana en un protectorado de Francia.<\/p>\n\n\n\n<p>&nbsp;&nbsp;&nbsp; &nbsp;&nbsp;&nbsp;&nbsp;&nbsp; El plan se inici\u00f3 en la Fortaleza Ozama, en Santo Domingo, donde recibieron apoyo de un grupo de oficiales.<\/p>\n\n\n\n<p>&nbsp;&nbsp;&nbsp; &nbsp;&nbsp;&nbsp;&nbsp;&nbsp; Los trinitarios estimaban que Tom\u00e1s Bobadilla y los miembros de la Junta Central Gubernativa, Jos\u00e9 Mar\u00eda Caminero, Francisco Javier Abr\u00e9u y Francisco Ru\u00edz, eran culpables de conspirar contra la soberan\u00eda nacional al mantener negociaciones encaminadas a obtener la protecci\u00f3n de los franceses.<\/p>\n\n\n\n<p>&nbsp;&nbsp; &nbsp;&nbsp;&nbsp;&nbsp;&nbsp;&nbsp; Una versi\u00f3n&nbsp; da cuenta de que la exaltaci\u00f3n de los \u00e1nimos era tal que Francisco del Rosario S\u00e1nchez previ\u00f3 que varios de los conservadores podr\u00edan perder la vida en el movimiento y les avis\u00f3 los alcances del plan para que tuvieran tiempo de buscar asilo&nbsp; en el consulado franc\u00e9s, como luego lo hicieron varios.<\/p>\n\n\n\n<p>&nbsp;&nbsp;&nbsp; &nbsp;&nbsp;&nbsp;&nbsp;&nbsp; Al consumarse el golpe de Estado contra la Junta Central&nbsp; Gubernativa, el pr\u00f3cer Francisco del Rosario S\u00e1nchez fue escogido Presidente en lugar de Tom\u00e1s Bobadilla.<\/p>\n\n\n\n<p>&nbsp;&nbsp; &nbsp;&nbsp;&nbsp;&nbsp;&nbsp;&nbsp; Como dem\u00e1s miembros de la Junta Central Gubernativa fueron designados los trinitarios Pedro Alejandro Pina, Manuel Mar\u00eda Valverde y Juan Isidro P\u00e9rez.<\/p>\n\n\n\n<p>&nbsp;&nbsp; &nbsp;&nbsp;&nbsp;&nbsp;&nbsp;&nbsp; El&nbsp; pr\u00f3cer Juan Pablo Duarte, quien ostentaba el rango de general, miembro de la Junta, fue designado Comandante Militar de Santo Domingo, la principal guarnici\u00f3n militar de Rep\u00fablica Dominicana.<\/p>\n\n\n\n<p>&nbsp; &nbsp;&nbsp;&nbsp;&nbsp;&nbsp;&nbsp;&nbsp; Los trinitarios hab\u00edan iniciado el plan para derrocar a los miembros de la Junta Central Gubernativa, a finales de Mayo de 1844, por entender que pon\u00edan en peligro la soberan\u00eda nacional.<\/p>\n\n\n\n<p>&nbsp;&nbsp;&nbsp; &nbsp;&nbsp;&nbsp;&nbsp;&nbsp; A partir del d\u00eda 12 de julio de 1844, sus planes se vieron en el punto de la frustraci\u00f3n, porque a pocos d\u00edas el general Pedro Santana con el apoyo del c\u00f3nsul franc\u00e9s consumar\u00eda el golpe y tomar\u00eda el poder hasta legitimarse como el primer Presidente de la Rep\u00fablica Dominicana.&nbsp;<\/p>\n","protected":false},"excerpt":{"rendered":"<p>Por H\u00e9ctor Tineo Nolasco Diariodominicano.com SANTO DOMINGO, el&nbsp; 13 de julio de 1844, el general Pedro Santana fue proclamado Jefe Supremo de la Rep\u00fablica Dominicana. El mismo d\u00eda Santana y sus colaboradores continuaron con su plan para dar un golpe a los miembros de la Junta Central Gubernativa, que presid\u00eda&nbsp; el pr\u00f3cer Francisco del Rosario [&hellip;]<\/p>\n","protected":false},"author":28,"featured_media":274138,"comment_status":"closed","ping_status":"","sticky":true,"template":"","format":"standard","meta":{"footnotes":""},"categories":[26,27],"tags":[],"class_list":["post-368252","post","type-post","status-publish","format-standard","has-post-thumbnail","hentry","category-efemerides","category-portada"],"_links":{"self":[{"href":"https:\/\/diariodominicano.com\/index.php?rest_route=\/wp\/v2\/posts\/368252","targetHints":{"allow":["GET"]}}],"collection":[{"href":"https:\/\/diariodominicano.com\/index.php?rest_route=\/wp\/v2\/posts"}],"about":[{"href":"https:\/\/diariodominicano.com\/index.php?rest_route=\/wp\/v2\/types\/post"}],"author":[{"embeddable":true,"href":"https:\/\/diariodominicano.com\/index.php?rest_route=\/wp\/v2\/users\/28"}],"replies":[{"embeddable":true,"href":"https:\/\/diariodominicano.com\/index.php?rest_route=%2Fwp%2Fv2%2Fcomments&post=368252"}],"version-history":[{"count":1,"href":"https:\/\/diariodominicano.com\/index.php?rest_route=\/wp\/v2\/posts\/368252\/revisions"}],"predecessor-version":[{"id":368253,"href":"https:\/\/diariodominicano.com\/index.php?rest_route=\/wp\/v2\/posts\/368252\/revisions\/368253"}],"wp:featuredmedia":[{"embeddable":true,"href":"https:\/\/diariodominicano.com\/index.php?rest_route=\/wp\/v2\/media\/274138"}],"wp:attachment":[{"href":"https:\/\/diariodominicano.com\/index.php?rest_route=%2Fwp%2Fv2%2Fmedia&parent=368252"}],"wp:term":[{"taxonomy":"category","embeddable":true,"href":"https:\/\/diariodominicano.com\/index.php?rest_route=%2Fwp%2Fv2%2Fcategories&post=368252"},{"taxonomy":"post_tag","embeddable":true,"href":"https:\/\/diariodominicano.com\/index.php?rest_route=%2Fwp%2Fv2%2Ftags&post=368252"}],"curies":[{"name":"wp","href":"https:\/\/api.w.org\/{rel}","templated":true}]}}