{"id":368240,"date":"2022-07-12T23:34:31","date_gmt":"2022-07-13T03:34:31","guid":{"rendered":"http:\/\/diariodominicano.com\/?p=368240"},"modified":"2022-07-13T00:15:52","modified_gmt":"2022-07-13T04:15:52","slug":"salcedo-dictara-conferencia-en-nueva-york","status":"publish","type":"post","link":"https:\/\/diariodominicano.com\/?p=368240","title":{"rendered":"Salcedo dictar\u00e1 conferencia en Nueva York"},"content":{"rendered":"\n<p> Escenas de la pel\u00edcula y trabajo de preproducci\u00f3n <\/p>\n\n\n\n<figure class=\"wp-block-image size-large\"><img loading=\"lazy\" decoding=\"async\" width=\"1024\" height=\"574\" src=\"https:\/\/diariodominicano.com\/wp-content\/uploads\/2022\/07\/Roberto-Salcedo1207202220220712_130248-1024x574.jpg\" alt=\"\" class=\"wp-image-368245\" srcset=\"https:\/\/diariodominicano.com\/wp-content\/uploads\/2022\/07\/Roberto-Salcedo1207202220220712_130248-1024x574.jpg 1024w, https:\/\/diariodominicano.com\/wp-content\/uploads\/2022\/07\/Roberto-Salcedo1207202220220712_130248-300x168.jpg 300w, https:\/\/diariodominicano.com\/wp-content\/uploads\/2022\/07\/Roberto-Salcedo1207202220220712_130248-768x431.jpg 768w, https:\/\/diariodominicano.com\/wp-content\/uploads\/2022\/07\/Roberto-Salcedo1207202220220712_130248-816x458.jpg 816w, https:\/\/diariodominicano.com\/wp-content\/uploads\/2022\/07\/Roberto-Salcedo1207202220220712_130248.jpg 1280w\" sizes=\"auto, (max-width: 1024px) 100vw, 1024px\" \/><figcaption>Roberto Salcedo<\/figcaption><\/figure>\n\n\n\n<p>Roberto Salcedo ofrecer\u00e1 una conferencia en Nueva York sobre su trayectoria en distintos roles dentro de la sociedad dominicana, este 27 de julio en Scientology, en el 227 W de la calle 46 entre 7ma y 8va avenidas.<\/p>\n\n\n\n<p>Al encuentro con Salcedo han sido convocados l\u00edderes de opini\u00f3n, dirigentes comunitarios, personalidades de la urbe y la prensa en general.<\/p>\n\n\n\n<p>Discurrir\u00e1 sobre la trayectoria de esta reconocida figura en el arte, la comunicaci\u00f3n, la actividad empresarial y la pol\u00edtica.<\/p>\n\n\n\n<figure class=\"wp-block-image size-large\"><img loading=\"lazy\" decoding=\"async\" width=\"1024\" height=\"574\" src=\"https:\/\/diariodominicano.com\/wp-content\/uploads\/2022\/07\/Roberto-salcedo320220712_130201-1024x574.jpg\" alt=\"\" class=\"wp-image-368246\" srcset=\"https:\/\/diariodominicano.com\/wp-content\/uploads\/2022\/07\/Roberto-salcedo320220712_130201-1024x574.jpg 1024w, https:\/\/diariodominicano.com\/wp-content\/uploads\/2022\/07\/Roberto-salcedo320220712_130201-300x168.jpg 300w, https:\/\/diariodominicano.com\/wp-content\/uploads\/2022\/07\/Roberto-salcedo320220712_130201-768x431.jpg 768w, https:\/\/diariodominicano.com\/wp-content\/uploads\/2022\/07\/Roberto-salcedo320220712_130201-816x458.jpg 816w, https:\/\/diariodominicano.com\/wp-content\/uploads\/2022\/07\/Roberto-salcedo320220712_130201.jpg 1280w\" sizes=\"auto, (max-width: 1024px) 100vw, 1024px\" \/><\/figure>\n\n\n\n<p>Salcedo tendr\u00e1 la oportunidad, adem\u00e1s, de hablar a los presentes sobre su m\u00e1s reciente emprendimiento, su primera incursi\u00f3n en el cine a trav\u00e9s de la pel\u00edcula que escribi\u00f3 y protagoniza y que se encuentra ya en la etapa final de su filmaci\u00f3n.<\/p>\n\n\n\n<p>Esta producci\u00f3n cinematogr\u00e1fica despierta gran exceptiva por la fuerte tem\u00e1tica que aborda, la de la violencia intrafamiliar caracterizada en Rep\u00fablica Dominicana por una fuerte incidencia de los feminicidios.<\/p>\n\n\n\n<p>Salcedo escribi\u00f3 este guion despu\u00e9s de meses de investigaci\u00f3n sobre la violencia hacia la mujer. Proceso que comprendi\u00f3 entrevistas con v\u00edctimas, estudios de casos cl\u00ednicos y asesor\u00eda de profesionales de la salud mental y de las ciencias sociales.<\/p>\n\n\n\n<p>Salcedo interpreta un dif\u00edcil personaje, que en la trama se ve sometido a duras pruebas y transiciones psicol\u00f3gicas. En el elenco est\u00e1n, adem\u00e1s, Lissette Selman, Isaura Taveras y Roc\u00edo Salcedo.<\/p>\n\n\n\n<figure class=\"wp-block-image size-large\"><img loading=\"lazy\" decoding=\"async\" width=\"1024\" height=\"971\" src=\"https:\/\/diariodominicano.com\/wp-content\/uploads\/2022\/07\/Roberto-Salcedo-420220712_130305-1024x971.jpg\" alt=\"\" class=\"wp-image-368247\" srcset=\"https:\/\/diariodominicano.com\/wp-content\/uploads\/2022\/07\/Roberto-Salcedo-420220712_130305-1024x971.jpg 1024w, https:\/\/diariodominicano.com\/wp-content\/uploads\/2022\/07\/Roberto-Salcedo-420220712_130305-300x284.jpg 300w, https:\/\/diariodominicano.com\/wp-content\/uploads\/2022\/07\/Roberto-Salcedo-420220712_130305-768x728.jpg 768w, https:\/\/diariodominicano.com\/wp-content\/uploads\/2022\/07\/Roberto-Salcedo-420220712_130305-1536x1457.jpg 1536w, https:\/\/diariodominicano.com\/wp-content\/uploads\/2022\/07\/Roberto-Salcedo-420220712_130305-816x774.jpg 816w, https:\/\/diariodominicano.com\/wp-content\/uploads\/2022\/07\/Roberto-Salcedo-420220712_130305.jpg 2048w\" sizes=\"auto, (max-width: 1024px) 100vw, 1024px\" \/><\/figure>\n\n\n\n<p>El ex alcalde de Santo Domingo en tres periodos intercambiar\u00e1 experiencias sobre sus gestiones al frente del cabildo de la principal ciudad dominicana, a prop\u00f3sito de que estar\u00e1n presentes l\u00edderes comunitarios de Nueva York<\/p>\n\n\n\n<p>\u201cLos dominicanos en Nueva esperan con ansias este reencuentro con una de las figuras de la televisi\u00f3n y los escenarios m\u00e1s apreciadas dentro y fuera del pa\u00eds\u201d, resalta el comunicador Miguel Estrella, quien junto a Arelis Mej\u00eda y Johnny Arrendel invitan a la actividad a trav\u00e9s de la empresa V\u00eda L\u00e1ctea&nbsp; Media.<\/p>\n\n\n\n<p>Explic\u00f3 que V\u00eda L\u00e1ctea Media es una iniciativa de alta tecnolog\u00eda comunicacional gerenteada desde Nueva York por Arelis Mej\u00eda, Miguel Estrella y Johnny Arrendel.<\/p>\n\n\n\n<p>Para informaci\u00f3n (347) 682 7698 (347) 6827697<\/p>\n\n\n\n<p>juan anibal arrendel n<\/p>\n\n\n\n<p><\/p>\n","protected":false},"excerpt":{"rendered":"<p>Escenas de la pel\u00edcula y trabajo de preproducci\u00f3n Roberto Salcedo ofrecer\u00e1 una conferencia en Nueva York sobre su trayectoria en distintos roles dentro de la sociedad dominicana, este 27 de julio en Scientology, en el 227 W de la calle 46 entre 7ma y 8va avenidas. Al encuentro con Salcedo han sido convocados l\u00edderes de [&hellip;]<\/p>\n","protected":false},"author":28,"featured_media":368241,"comment_status":"closed","ping_status":"","sticky":true,"template":"","format":"standard","meta":{"footnotes":""},"categories":[36,25,27],"tags":[],"class_list":["post-368240","post","type-post","status-publish","format-standard","has-post-thumbnail","hentry","category-hombresmujeresycosas","category-gente","category-portada"],"_links":{"self":[{"href":"https:\/\/diariodominicano.com\/index.php?rest_route=\/wp\/v2\/posts\/368240","targetHints":{"allow":["GET"]}}],"collection":[{"href":"https:\/\/diariodominicano.com\/index.php?rest_route=\/wp\/v2\/posts"}],"about":[{"href":"https:\/\/diariodominicano.com\/index.php?rest_route=\/wp\/v2\/types\/post"}],"author":[{"embeddable":true,"href":"https:\/\/diariodominicano.com\/index.php?rest_route=\/wp\/v2\/users\/28"}],"replies":[{"embeddable":true,"href":"https:\/\/diariodominicano.com\/index.php?rest_route=%2Fwp%2Fv2%2Fcomments&post=368240"}],"version-history":[{"count":3,"href":"https:\/\/diariodominicano.com\/index.php?rest_route=\/wp\/v2\/posts\/368240\/revisions"}],"predecessor-version":[{"id":368261,"href":"https:\/\/diariodominicano.com\/index.php?rest_route=\/wp\/v2\/posts\/368240\/revisions\/368261"}],"wp:featuredmedia":[{"embeddable":true,"href":"https:\/\/diariodominicano.com\/index.php?rest_route=\/wp\/v2\/media\/368241"}],"wp:attachment":[{"href":"https:\/\/diariodominicano.com\/index.php?rest_route=%2Fwp%2Fv2%2Fmedia&parent=368240"}],"wp:term":[{"taxonomy":"category","embeddable":true,"href":"https:\/\/diariodominicano.com\/index.php?rest_route=%2Fwp%2Fv2%2Fcategories&post=368240"},{"taxonomy":"post_tag","embeddable":true,"href":"https:\/\/diariodominicano.com\/index.php?rest_route=%2Fwp%2Fv2%2Ftags&post=368240"}],"curies":[{"name":"wp","href":"https:\/\/api.w.org\/{rel}","templated":true}]}}