{"id":368189,"date":"2022-07-12T21:53:20","date_gmt":"2022-07-13T01:53:20","guid":{"rendered":"http:\/\/diariodominicano.com\/?p=368189"},"modified":"2022-07-12T21:59:00","modified_gmt":"2022-07-13T01:59:00","slug":"dgii-reconoce-contribuyentes-responsables-en-la-region-este","status":"publish","type":"post","link":"https:\/\/diariodominicano.com\/?p=368189","title":{"rendered":"DGII reconoce contribuyentes responsables en la Regi\u00f3n Este (Fotos)"},"content":{"rendered":"\n<p> <strong>El director general de la  DGII, Luis Valdez Veras, en el momento que habl\u00f3. Dijo  que los reconocimientos son parte del eje de cercan\u00eda de la actual gesti\u00f3n tributaria, la cual no est\u00e1 para perseguir a nadie, sino para acompa\u00f1ar y asistir a los contribuyentes sin desmedro de sus atribuciones. <\/strong><\/p>\n\n\n\n<figure class=\"wp-block-image size-large\"><img loading=\"lazy\" decoding=\"async\" width=\"1024\" height=\"682\" src=\"https:\/\/diariodominicano.com\/wp-content\/uploads\/2022\/07\/WhatsApp-Image-2022-07-12-at-1.36.58-PM-1-1024x682.jpeg\" alt=\"\" class=\"wp-image-368191\" srcset=\"https:\/\/diariodominicano.com\/wp-content\/uploads\/2022\/07\/WhatsApp-Image-2022-07-12-at-1.36.58-PM-1-1024x682.jpeg 1024w, https:\/\/diariodominicano.com\/wp-content\/uploads\/2022\/07\/WhatsApp-Image-2022-07-12-at-1.36.58-PM-1-300x200.jpeg 300w, https:\/\/diariodominicano.com\/wp-content\/uploads\/2022\/07\/WhatsApp-Image-2022-07-12-at-1.36.58-PM-1-768x512.jpeg 768w, https:\/\/diariodominicano.com\/wp-content\/uploads\/2022\/07\/WhatsApp-Image-2022-07-12-at-1.36.58-PM-1-1536x1023.jpeg 1536w, https:\/\/diariodominicano.com\/wp-content\/uploads\/2022\/07\/WhatsApp-Image-2022-07-12-at-1.36.58-PM-1-816x544.jpeg 816w, https:\/\/diariodominicano.com\/wp-content\/uploads\/2022\/07\/WhatsApp-Image-2022-07-12-at-1.36.58-PM-1.jpeg 1600w\" sizes=\"auto, (max-width: 1024px) 100vw, 1024px\" \/><figcaption>El acto de apertura encabezado por el titular de la DGII, licenciado Luis Valdez Veras.<\/figcaption><\/figure>\n\n\n\n<p><strong>LA ROMANA, RD.<\/strong> La Direcci\u00f3n General de Impuestos (DGII) reconoci\u00f3 este martes a nueve contribuyentes de la Regi\u00f3n Este del pa\u00eds por tener un perfil de riesgo con altos niveles de cumplimiento de sus obligaciones tributarias y una trayectoria valiosa aportando al crecimiento econ\u00f3mico nacional.<\/p>\n\n\n\n<p>El acto estuvo encabezado por el titular de la DGII, Luis Valdez Veras, quien destac\u00f3 que estos reconocimientos son parte del eje de cercan\u00eda de la actual gesti\u00f3n tributaria, la cual no est\u00e1 para perseguir a nadie, sino para acompa\u00f1ar y asistir a los contribuyentes sin desmedro de sus atribuciones.<\/p>\n\n\n\n<p>Los contribuyentes reconocidos fueron Grupo Marba dominicana SRL, de B\u00e1varo; Farmacias Elsa Mar\u00eda, del El Seibo; Agencia Hungo, de Hato Mayor; Cooperativa de Ahorros y Cr\u00e9dito del Progreso, de Monte Plata; Enrique Motors, de Hig\u00fcey; Cer\u00e1mica El Almac\u00e9n y Cl\u00ednica de Medicina Familiar Dr. Franklin Pe\u00f1a SRL, de San Pedro de Macor\u00eds, as\u00ed como Mayol &amp; co., Tejidos del Sol; y Eco Planeta Caribe como Facturador Electr\u00f3nico.<\/p>\n\n\n\n<figure class=\"wp-block-image size-large\"><img loading=\"lazy\" decoding=\"async\" width=\"1024\" height=\"666\" src=\"https:\/\/diariodominicano.com\/wp-content\/uploads\/2022\/07\/WhatsApp-Image-2022-07-12-at-1.36.30-PM-1024x666.jpeg\" alt=\"\" class=\"wp-image-368192\" srcset=\"https:\/\/diariodominicano.com\/wp-content\/uploads\/2022\/07\/WhatsApp-Image-2022-07-12-at-1.36.30-PM-1024x666.jpeg 1024w, https:\/\/diariodominicano.com\/wp-content\/uploads\/2022\/07\/WhatsApp-Image-2022-07-12-at-1.36.30-PM-300x195.jpeg 300w, https:\/\/diariodominicano.com\/wp-content\/uploads\/2022\/07\/WhatsApp-Image-2022-07-12-at-1.36.30-PM-768x499.jpeg 768w, https:\/\/diariodominicano.com\/wp-content\/uploads\/2022\/07\/WhatsApp-Image-2022-07-12-at-1.36.30-PM-816x531.jpeg 816w, https:\/\/diariodominicano.com\/wp-content\/uploads\/2022\/07\/WhatsApp-Image-2022-07-12-at-1.36.30-PM.jpeg 1527w\" sizes=\"auto, (max-width: 1024px) 100vw, 1024px\" \/><\/figure>\n\n\n\n<p>\u201cNo concibo que un contribuyente que cumpla con el 98 por ciento de los indicadores, la DGII venga con una fiscalizaci\u00f3n a cada momento. Ustedes son socios de la instituci\u00f3n\u201d, expres\u00f3 Valdez Veras.<\/p>\n\n\n\n<figure class=\"wp-block-image size-large\"><img loading=\"lazy\" decoding=\"async\" width=\"1024\" height=\"682\" src=\"https:\/\/diariodominicano.com\/wp-content\/uploads\/2022\/07\/WhatsApp-Image-2022-07-12-at-1.36.32-PM-1024x682.jpeg\" alt=\"\" class=\"wp-image-368196\" srcset=\"https:\/\/diariodominicano.com\/wp-content\/uploads\/2022\/07\/WhatsApp-Image-2022-07-12-at-1.36.32-PM-1024x682.jpeg 1024w, https:\/\/diariodominicano.com\/wp-content\/uploads\/2022\/07\/WhatsApp-Image-2022-07-12-at-1.36.32-PM-300x200.jpeg 300w, https:\/\/diariodominicano.com\/wp-content\/uploads\/2022\/07\/WhatsApp-Image-2022-07-12-at-1.36.32-PM-768x512.jpeg 768w, https:\/\/diariodominicano.com\/wp-content\/uploads\/2022\/07\/WhatsApp-Image-2022-07-12-at-1.36.32-PM-1536x1023.jpeg 1536w, https:\/\/diariodominicano.com\/wp-content\/uploads\/2022\/07\/WhatsApp-Image-2022-07-12-at-1.36.32-PM-816x544.jpeg 816w, https:\/\/diariodominicano.com\/wp-content\/uploads\/2022\/07\/WhatsApp-Image-2022-07-12-at-1.36.32-PM.jpeg 1600w\" sizes=\"auto, (max-width: 1024px) 100vw, 1024px\" \/><\/figure>\n\n\n\n<p>Se\u00f1al\u00f3 que la DGII trabaja con el perfil de riesgo de cada contribuyente para un tratamiento adecuado y que pr\u00f3ximamente podr\u00e1n acceder al mismo a trav\u00e9s de su Oficina Virtual y ver en que est\u00e1 fallando e introducir sus mejoras con apoyo de la instituci\u00f3n.<\/p>\n\n\n\n<figure class=\"wp-block-image size-large\"><img loading=\"lazy\" decoding=\"async\" width=\"1024\" height=\"682\" src=\"https:\/\/diariodominicano.com\/wp-content\/uploads\/2022\/07\/WhatsApp-Image-2022-07-12-at-1.36.33-PM-1024x682.jpeg\" alt=\"\" class=\"wp-image-368198\" srcset=\"https:\/\/diariodominicano.com\/wp-content\/uploads\/2022\/07\/WhatsApp-Image-2022-07-12-at-1.36.33-PM-1024x682.jpeg 1024w, https:\/\/diariodominicano.com\/wp-content\/uploads\/2022\/07\/WhatsApp-Image-2022-07-12-at-1.36.33-PM-300x200.jpeg 300w, https:\/\/diariodominicano.com\/wp-content\/uploads\/2022\/07\/WhatsApp-Image-2022-07-12-at-1.36.33-PM-768x512.jpeg 768w, https:\/\/diariodominicano.com\/wp-content\/uploads\/2022\/07\/WhatsApp-Image-2022-07-12-at-1.36.33-PM-1536x1023.jpeg 1536w, https:\/\/diariodominicano.com\/wp-content\/uploads\/2022\/07\/WhatsApp-Image-2022-07-12-at-1.36.33-PM-816x544.jpeg 816w, https:\/\/diariodominicano.com\/wp-content\/uploads\/2022\/07\/WhatsApp-Image-2022-07-12-at-1.36.33-PM.jpeg 1600w\" sizes=\"auto, (max-width: 1024px) 100vw, 1024px\" \/><\/figure>\n\n\n\n<p>Valdez Veras reconoci\u00f3 el cumplimiento responsable sobre todo en este momento de crisis econ\u00f3mica global, pese a la cual se ha logrado mantener las metas de recaudaciones y adem\u00e1s con excedentes en las estimaciones.<\/p>\n\n\n\n<figure class=\"wp-block-image size-large\"><img loading=\"lazy\" decoding=\"async\" width=\"1024\" height=\"682\" src=\"https:\/\/diariodominicano.com\/wp-content\/uploads\/2022\/07\/WhatsApp-Image-2022-07-12-at-1.36.58-PM-1024x682.jpeg\" alt=\"\" class=\"wp-image-368193\" srcset=\"https:\/\/diariodominicano.com\/wp-content\/uploads\/2022\/07\/WhatsApp-Image-2022-07-12-at-1.36.58-PM-1024x682.jpeg 1024w, https:\/\/diariodominicano.com\/wp-content\/uploads\/2022\/07\/WhatsApp-Image-2022-07-12-at-1.36.58-PM-300x200.jpeg 300w, https:\/\/diariodominicano.com\/wp-content\/uploads\/2022\/07\/WhatsApp-Image-2022-07-12-at-1.36.58-PM-768x512.jpeg 768w, https:\/\/diariodominicano.com\/wp-content\/uploads\/2022\/07\/WhatsApp-Image-2022-07-12-at-1.36.58-PM-1536x1023.jpeg 1536w, https:\/\/diariodominicano.com\/wp-content\/uploads\/2022\/07\/WhatsApp-Image-2022-07-12-at-1.36.58-PM-816x544.jpeg 816w, https:\/\/diariodominicano.com\/wp-content\/uploads\/2022\/07\/WhatsApp-Image-2022-07-12-at-1.36.58-PM.jpeg 1600w\" sizes=\"auto, (max-width: 1024px) 100vw, 1024px\" \/><figcaption>Parte de los asistentes al acto  de reconocimiento a contribuyentes responsables.<\/figcaption><\/figure>\n\n\n\n<figure class=\"wp-block-image size-large\"><img loading=\"lazy\" decoding=\"async\" width=\"1024\" height=\"682\" src=\"https:\/\/diariodominicano.com\/wp-content\/uploads\/2022\/07\/WhatsApp-Image-2022-07-12-at-1.36.58-PM-2-1024x682.jpeg\" alt=\"\" class=\"wp-image-368194\" srcset=\"https:\/\/diariodominicano.com\/wp-content\/uploads\/2022\/07\/WhatsApp-Image-2022-07-12-at-1.36.58-PM-2-1024x682.jpeg 1024w, https:\/\/diariodominicano.com\/wp-content\/uploads\/2022\/07\/WhatsApp-Image-2022-07-12-at-1.36.58-PM-2-300x200.jpeg 300w, https:\/\/diariodominicano.com\/wp-content\/uploads\/2022\/07\/WhatsApp-Image-2022-07-12-at-1.36.58-PM-2-768x512.jpeg 768w, https:\/\/diariodominicano.com\/wp-content\/uploads\/2022\/07\/WhatsApp-Image-2022-07-12-at-1.36.58-PM-2-1536x1023.jpeg 1536w, https:\/\/diariodominicano.com\/wp-content\/uploads\/2022\/07\/WhatsApp-Image-2022-07-12-at-1.36.58-PM-2-816x544.jpeg 816w, https:\/\/diariodominicano.com\/wp-content\/uploads\/2022\/07\/WhatsApp-Image-2022-07-12-at-1.36.58-PM-2.jpeg 1600w\" sizes=\"auto, (max-width: 1024px) 100vw, 1024px\" \/><\/figure>\n\n\n\n<p>Exhort\u00f3 a los reconocidos a mantener su perfil, puesto que la DGII no dejar\u00e1 de cumplir con el mandato de ley.<\/p>\n\n\n\n<p>Igualmente, recomend\u00f3 a los empresarios sumarse a la Facturaci\u00f3n Electr\u00f3nica en este plazo voluntario, pues se trata de una modalidad con muchas ventajas en la gesti\u00f3n tributaria, adem\u00e1s que la DGII cuenta con el Facturador Gratuito para aquellas empresas que no cuenten con el sistema.<\/p>\n\n\n\n<p>Antonio Cepeda de Mayor y Compa\u00f1\u00eda, Silvia Acosta de Tejidos del Sol y Tomas Herrera de Farmacias Elsa Mar\u00eda, agradecieron a las autoridades tributarias por reconocer la dedicaci\u00f3n y esfuerzos de estar al d\u00eda con sus compromisos a pesar de las situaciones que presentan y favorecieron seguir cumpliendo sus obligaciones con el Estado.<\/p>\n\n\n\n<p>Junto a Valdez Veras estuvieron la gobernadora de La Romana, Jackeline<\/p>\n\n\n\n<p>Fern\u00e1ndez, Julia Mery V\u00e1squez, gobernadora de Hato Mayor, senador de La Altagracia, Virgilio Cedano y Camilo Alvarado, administrador local, Bienvenido Santana Guilamo, Presidente Consejo de Administraci\u00f3n ETED<\/p>\n\n\n\n<p><strong>Misa<\/strong><\/p>\n\n\n\n<p>Previamente, la DGII celebr\u00f3 una misa en Acci\u00f3n de Gracias por su 25 aniversario, en la Parroquia Santa Rosa de Lima de esta ciudad, oficiada por el obispo de La Altagracia, Jes\u00fas Castro Marte, quien elogi\u00f3 a la DGII por la actividad porque evidencia la descentralizaci\u00f3n en la gesti\u00f3n.<\/p>\n\n\n\n<p>Asimismo, destac\u00f3 la pol\u00edtica de puertas abiertas, cercan\u00eda, transparencia &nbsp;y responsabilidad que desarrolla la actual gesti\u00f3n tributaria y que ha contemplado en su Plan Estrat\u00e9gico Institucional.<\/p>\n\n\n\n<p>Castro tambi\u00e9n resalt\u00f3 la responsabilidad de la DGII con la transparencia, ya que es la entidad recaudadora, lo que implica un manejo \u00e9tico del personal a cargo de esos procesos. Dijo que el hecho que la actual gesti\u00f3n no haya ruidos implica que la gesti\u00f3n actual marcha bien, lo que significa mucho para el pa\u00eds.<\/p>\n\n\n\n<p>Estos eventos se estar\u00e1n realizando en otras provincias como parte de las actividades por el 25 aniversario de la instituci\u00f3n.<\/p>\n\n\n\n<p>Adem\u00e1s de las citadas autoridades, por la DGII estuvieron los subdirectores Francisco Torres, Subdirector General, Yorlin V\u00e1squez, Subdirectora Jur\u00eddica, Freddy Torres, Subdirector de Fiscalizaci\u00f3n, Ricela Spraus, Subdirectora de Facilitaci\u00f3n y Servicios, Eddy Arango, Coordinador de Gabinete, \u00a0Raqueline Pe\u00f1a Amaro, Gerente de Recursos Humanos, Carlos Reyes, Gerente de Comunicaci\u00f3n Estrat\u00e9gica y Marvin Cardoza, Gerente de Riesgo Tributario.<\/p>\n\n\n\n<p>Comunicacion Estrategica P<a target=\"_blank\" href=\"mailto:comunicacionestrategicap@dgii.gov.do\" rel=\"noreferrer noopener\">comunicacionestrategicap@dg<\/a><\/p>\n","protected":false},"excerpt":{"rendered":"<p>El director general de la DGII, Luis Valdez Veras, en el momento que habl\u00f3. Dijo que los reconocimientos son parte del eje de cercan\u00eda de la actual gesti\u00f3n tributaria, la cual no est\u00e1 para perseguir a nadie, sino para acompa\u00f1ar y asistir a los contribuyentes sin desmedro de sus atribuciones. LA ROMANA, RD. La Direcci\u00f3n [&hellip;]<\/p>\n","protected":false},"author":28,"featured_media":368190,"comment_status":"closed","ping_status":"","sticky":true,"template":"","format":"standard","meta":{"footnotes":""},"categories":[36,18,27],"tags":[],"class_list":["post-368189","post","type-post","status-publish","format-standard","has-post-thumbnail","hentry","category-hombresmujeresycosas","category-economia","category-portada"],"_links":{"self":[{"href":"https:\/\/diariodominicano.com\/index.php?rest_route=\/wp\/v2\/posts\/368189","targetHints":{"allow":["GET"]}}],"collection":[{"href":"https:\/\/diariodominicano.com\/index.php?rest_route=\/wp\/v2\/posts"}],"about":[{"href":"https:\/\/diariodominicano.com\/index.php?rest_route=\/wp\/v2\/types\/post"}],"author":[{"embeddable":true,"href":"https:\/\/diariodominicano.com\/index.php?rest_route=\/wp\/v2\/users\/28"}],"replies":[{"embeddable":true,"href":"https:\/\/diariodominicano.com\/index.php?rest_route=%2Fwp%2Fv2%2Fcomments&post=368189"}],"version-history":[{"count":4,"href":"https:\/\/diariodominicano.com\/index.php?rest_route=\/wp\/v2\/posts\/368189\/revisions"}],"predecessor-version":[{"id":368200,"href":"https:\/\/diariodominicano.com\/index.php?rest_route=\/wp\/v2\/posts\/368189\/revisions\/368200"}],"wp:featuredmedia":[{"embeddable":true,"href":"https:\/\/diariodominicano.com\/index.php?rest_route=\/wp\/v2\/media\/368190"}],"wp:attachment":[{"href":"https:\/\/diariodominicano.com\/index.php?rest_route=%2Fwp%2Fv2%2Fmedia&parent=368189"}],"wp:term":[{"taxonomy":"category","embeddable":true,"href":"https:\/\/diariodominicano.com\/index.php?rest_route=%2Fwp%2Fv2%2Fcategories&post=368189"},{"taxonomy":"post_tag","embeddable":true,"href":"https:\/\/diariodominicano.com\/index.php?rest_route=%2Fwp%2Fv2%2Ftags&post=368189"}],"curies":[{"name":"wp","href":"https:\/\/api.w.org\/{rel}","templated":true}]}}