{"id":368176,"date":"2022-07-12T21:04:59","date_gmt":"2022-07-13T01:04:59","guid":{"rendered":"http:\/\/diariodominicano.com\/?p=368176"},"modified":"2022-07-12T23:14:52","modified_gmt":"2022-07-13T03:14:52","slug":"pld-recuerda-98anos-del-inicio-de-la-retirada-de-las-tropas-de-estados-unidos-en-republica-dominicana","status":"publish","type":"post","link":"https:\/\/diariodominicano.com\/?p=368176","title":{"rendered":"PLD recuerda 98a\u00f1os del inicio de la retirada de las tropas de Estados Unidos en Rep\u00fablica Dominicana"},"content":{"rendered":"\n<p><\/p>\n\n\n\n<p>El Partido de la Liberaci\u00f3n Dominicana (PLD) recuerda que un d\u00eda como hoy 12 de julio de 1924 inicia el fin de la intervenci\u00f3n de las tropas de ocupaci\u00f3n del gobierno de los Estados Unidos de Am\u00e9rica, que por ocho a\u00f1os mancill\u00f3 la soberan\u00eda nacional, desde noviembre de 1916.<\/p>\n\n\n\n<p>Historiadores dominicanos refieren que este acontecimiento, ocurrido hace 98 a\u00f1os, marc\u00f3 el nacimiento de lo que se conoce como la Tercera Rep\u00fablica, se destaca este d\u00eda en un despacho de la Secretar\u00eda de Comunicaciones del PLD.<\/p>\n\n\n\n<p>Esta fecha se enmarca dentro de las conmemoraciones patrias dominicanas, mediante la Ley n\u00famero 50, del 22 de julio de 1963, aprobada durante el gobierno del profesor Juan Bosch,&nbsp;&nbsp;que declar\u00f3&nbsp;&nbsp;el d\u00eda 12 de julio como \u201cD\u00eda de Regocijo y de Conmemoraci\u00f3n Patri\u00f3tica\u00bb.<\/p>\n\n\n\n<p>Desde que inici\u00f3 la ocupaci\u00f3n norteamericana, tuvo la oposici\u00f3n de numerosos sectores nacionales que la enfrentaron con fervor y gallard\u00eda con armas y con la lucha c\u00edvica. Los patriotas que enfrentaron a las tropas extranjeras fueron perseguidos y encarcelados de forma sistem\u00e1tica y sometidos a vej\u00e1menes y a torturas, nunca vistos en la Rep\u00fablica Dominicana.<\/p>\n\n\n\n<p>El 3 de julio de 1916, en el cerro de La Barranquita, en la provincia Valverde; una columna compuesta por 80 hombres con escasas armas, al mando del general Carlos Daniel y el capit\u00e1n M\u00e1ximo Cabral, hicieron resistencia heroica al ej\u00e9rcito invasor que avanzaba desde Montecristi hacia Santiago, enfrentando al invasor, a sabiendas que era una lucha desigual, pero necesaria.<\/p>\n\n\n\n<p>En distintos escritos el Profesor Juan Bosch, fundador del Partido de la Liberaci\u00f3n Dominicana dej\u00f3 como testimonio, que siendo a\u00fan un adolescente presenci\u00f3 el momento en que se arri\u00f3 la bandera de Estados Unidos en los alrededores de la Torre del Homenaje en la zona colonial, y en lugar de su bandera se izaba nuestro lienzo tricolor.<\/p>\n\n\n\n<p>En este 98 aniversario del inicio del final de la intervenci\u00f3n de Estados Unidos,&nbsp;&nbsp;el PLD exhorta a las nuevas generaciones a profundizar en el estudio de la historia del pa\u00eds para preservar el legado de nuestros patriotas, h\u00e9roes y m\u00e1rtires y sus aportes para consolidar a Rep\u00fablica Dominicana como naci\u00f3n y Estado soberano. Comit\u00e9s Intermedios del PLD tienen de nombre esta fecha.<\/p>\n\n\n\n<p><strong>SECRETARIA DE COMUNICACIONES<\/strong><\/p>\n\n\n\n<p><strong>12 JULIO 2022&nbsp;&nbsp;<\/strong><\/p>\n","protected":false},"excerpt":{"rendered":"<p>El Partido de la Liberaci\u00f3n Dominicana (PLD) recuerda que un d\u00eda como hoy 12 de julio de 1924 inicia el fin de la intervenci\u00f3n de las tropas de ocupaci\u00f3n del gobierno de los Estados Unidos de Am\u00e9rica, que por ocho a\u00f1os mancill\u00f3 la soberan\u00eda nacional, desde noviembre de 1916. Historiadores dominicanos refieren que este acontecimiento, [&hellip;]<\/p>\n","protected":false},"author":28,"featured_media":368178,"comment_status":"closed","ping_status":"","sticky":true,"template":"","format":"standard","meta":{"footnotes":""},"categories":[26,22,27],"tags":[],"class_list":["post-368176","post","type-post","status-publish","format-standard","has-post-thumbnail","hentry","category-efemerides","category-politica","category-portada"],"_links":{"self":[{"href":"https:\/\/diariodominicano.com\/index.php?rest_route=\/wp\/v2\/posts\/368176","targetHints":{"allow":["GET"]}}],"collection":[{"href":"https:\/\/diariodominicano.com\/index.php?rest_route=\/wp\/v2\/posts"}],"about":[{"href":"https:\/\/diariodominicano.com\/index.php?rest_route=\/wp\/v2\/types\/post"}],"author":[{"embeddable":true,"href":"https:\/\/diariodominicano.com\/index.php?rest_route=\/wp\/v2\/users\/28"}],"replies":[{"embeddable":true,"href":"https:\/\/diariodominicano.com\/index.php?rest_route=%2Fwp%2Fv2%2Fcomments&post=368176"}],"version-history":[{"count":1,"href":"https:\/\/diariodominicano.com\/index.php?rest_route=\/wp\/v2\/posts\/368176\/revisions"}],"predecessor-version":[{"id":368177,"href":"https:\/\/diariodominicano.com\/index.php?rest_route=\/wp\/v2\/posts\/368176\/revisions\/368177"}],"wp:featuredmedia":[{"embeddable":true,"href":"https:\/\/diariodominicano.com\/index.php?rest_route=\/wp\/v2\/media\/368178"}],"wp:attachment":[{"href":"https:\/\/diariodominicano.com\/index.php?rest_route=%2Fwp%2Fv2%2Fmedia&parent=368176"}],"wp:term":[{"taxonomy":"category","embeddable":true,"href":"https:\/\/diariodominicano.com\/index.php?rest_route=%2Fwp%2Fv2%2Fcategories&post=368176"},{"taxonomy":"post_tag","embeddable":true,"href":"https:\/\/diariodominicano.com\/index.php?rest_route=%2Fwp%2Fv2%2Ftags&post=368176"}],"curies":[{"name":"wp","href":"https:\/\/api.w.org\/{rel}","templated":true}]}}