{"id":36807,"date":"2007-10-10T19:43:15","date_gmt":"2007-10-10T19:43:15","guid":{"rendered":"http:\/\/diariodominicano.ddns.net\/?p=36807"},"modified":"2007-10-10T19:43:15","modified_gmt":"2007-10-10T19:43:15","slug":"medicos-colaboracionistas-2","status":"publish","type":"post","link":"https:\/\/diariodominicano.com\/?p=36807","title":{"rendered":"M\u00e9dicos Colaboracionistas"},"content":{"rendered":"<p><body><\/p>\n<p class=\"titulogrande1\"><strong>M\u00e9dicos Colaboracionista<\/strong> <\/p>\n<p>&#13;<\/p>\n<p class=\"textogrande\">Carlos R.  Alvarado Grim\u00e1n<\/p>\n<p>&#13;<\/p>\n<p align=\"justify\" class=\"text1noticias\">Resulta sumamente preocupante, el profundo caos que impera en el  sector p\u00fablico de salud en Venezuela. La red hospitalaria y el sistema  ambulatorio se caen a pedazos y carecen de insumos b\u00e1sicos. Las bacterias y la  pestilencia se han apoderado de la mayor\u00eda de sus quir\u00f3fanos y pasillos. Los  pobres, supuestos beneficiarios de la revoluci\u00f3n, esperando por la a\u00f1orada  atenci\u00f3n m\u00e9dica, mueren de mengua, y enfermedades cre\u00eddas erradicadas han  resurgido como fantasmas del pasado. Las estad\u00edsticas gubernamentales en  materia de salud son secretas o manipuladas.<br \/>&#13;<br \/>\n  <br \/>&#13;<br \/>\n  El sistema paralelo de atenci\u00f3n m\u00e9dica impuesto por Ch\u00e1vez, conocido como  misi\u00f3n \u201cBarrio Adentro\u201d languidece. La confianza hacia los supuestos m\u00e9dicos  cubanos declina aceleradamente. La gente por temor a represalias no denuncia  los supuestos casos de mala praxis m\u00e9dica, pero son vox populi. Los  medicamentos expedidos por los cubanos son de dudosa calidad, obsoletos y no  est\u00e1n supuestamente, certificados por farmaceutas nacionales. La construcci\u00f3n  de los llamados m\u00f3dulos de Barrio Adentro, s\u00f3lo han servido para abultar las  cuentas bancarias de contratistas y de los bendecidos por la revoluci\u00f3n. De  hecho, muchas de estas instalaciones est\u00e1n abandonadas o trabajan a tiempo  parcial.<br \/>&#13;<br \/>\n  <br \/>&#13;<br \/>\n  Lamentablemente, todo este inefable escenario se materializa con el silencio  c\u00f3mplice y la participaci\u00f3n activa de algunos m\u00e9dicos oportunistas,  acomodaticios, y con graves problemas de dignidad. M\u00e9dicos adheridos a la  chequera de Ch\u00e1vez, que doblan la cerviz por su propio bienestar y que hoy por  hoy, tienen el tup\u00e9 de satanizar las luchas reivindicativas adelantadas por los  gremios m\u00e9dicos. Ma\u00f1ana estos m\u00e9dicos inicuos en su descargo alegar\u00e1n que  ten\u00edan familias que alimentar; gastos que cubrir, necesidades personales que  satisfacer. \u00bfPero es que acaso la mayor\u00eda de los venezolanos y m\u00e9dicos dignos  no tenemos iguales necesidades? En los \u00faltimos a\u00f1os muchos venezolanos hemos  sufrido privaciones de nuestros derechos fundamentales, incluyendo el derecho  al trabajo. Sin embargo, esto no ha sido \u00f3bice para que cejemos en nuestras  luchas, que en medio de la adversidad libramos en defensa de la dignidad, la  libertad y la democracia.<br \/>&#13;<br \/>\n  <br \/>&#13;<br \/>\nLa historia sabr\u00e1 juzgar la actitud de todos aquellos colaboracionistas del  r\u00e9gimen, que vendieron su dignidad para ponerla en manos del efectismo, la  demagogia y para aupar el ejercicio ilegal de la medicina en el pa\u00eds. Albert  Camus ya lo dijo: \u201cno es el odio el que hablar\u00e1 ma\u00f1ana, sino la justicia misma,  fundada en la memoria\u201d.<\/p>\n<p>&#13;<\/p>\n<p align=\"justify\" class=\"text1noticias\">Carlos R.  Alvarado Grim\u00e1n <br \/>&#13;<br \/>\n  <br \/>&#13;<br \/>\n  Celular:  0414.790.0934 <br \/>&#13;<br \/>\n  <br \/>&#13;<br \/>\n  e-mail:aser_ne@yahoo.ca <\/p>\n<p>&#13;<\/p>\n<div align=\"justify\" class=\"text1noticias\">http:\/\/www.aserne.blogspot.com<\/div>\n<p>&#13;<\/p>\n<h6> 2007-10-10 19:43:15 <\/h6>\n<p><!--\n<link rel=\"stylesheet\" href=\"css\/bootstrap.min.css\">\n\n\n<ul class=\"pagination\">\n\t    \n\t\n\n<li >\n\t<a href='?page_no=12632'>Previous<\/a>\n\t<\/li>\n\n\n       \n    \n\n<li><a href='?page_no=1'>1<\/a><\/li>\n\n\n\n<li><a href='?page_no=2'>2<\/a><\/li>\n\n\n\n<li><a>...<\/a><\/li>\n\n\n\n<li><a href='?page_no=12631'>12631<\/a><\/li>\n\n\n\n<li><a href='?page_no=12632'>12632<\/a><\/li>\n\n\n\n<li class='active'><a>12633<\/a><\/li>\n\n\n\n<li><a href='?page_no=12634'>12634<\/a><\/li>\n\n\n\n<li><a href='?page_no=12635'>12635<\/a><\/li>\n\n\n\n<li><a>...<\/a><\/li>\n\n\n\n<li><a href='?page_no=13611'>13611<\/a><\/li>\n\n\n\n<li><a href='?page_no=13612'>13612<\/a><\/li>\n\n    \n\t\n\n<li >\n\t<a href='?page_no=12634'>Next<\/a>\n\t<\/li>\n\n\n    \n\n<li><a href='?page_no=13612'>Last &rsaquo;&rsaquo;<\/a><\/li>\n\n<\/ul>\n\n\n--><br \/>\n<\/body><\/p>\n","protected":false},"excerpt":{"rendered":"<p>M\u00e9dicos Colaboracionista &#13; Carlos R. Alvarado Grim\u00e1n &#13; Resulta sumamente preocupante, el profundo caos que impera en el sector p\u00fablico de salud en Venezuela. La red hospitalaria y el sistema ambulatorio se caen a pedazos y carecen de insumos b\u00e1sicos. Las bacterias y la pestilencia se han apoderado de la mayor\u00eda de sus quir\u00f3fanos y [&hellip;]<\/p>\n","protected":false},"author":3,"featured_media":0,"comment_status":"open","ping_status":"open","sticky":false,"template":"","format":"standard","meta":{"footnotes":""},"categories":[16],"tags":[],"class_list":["post-36807","post","type-post","status-publish","format-standard","hentry","category-opiniones"],"_links":{"self":[{"href":"https:\/\/diariodominicano.com\/index.php?rest_route=\/wp\/v2\/posts\/36807","targetHints":{"allow":["GET"]}}],"collection":[{"href":"https:\/\/diariodominicano.com\/index.php?rest_route=\/wp\/v2\/posts"}],"about":[{"href":"https:\/\/diariodominicano.com\/index.php?rest_route=\/wp\/v2\/types\/post"}],"author":[{"embeddable":true,"href":"https:\/\/diariodominicano.com\/index.php?rest_route=\/wp\/v2\/users\/3"}],"replies":[{"embeddable":true,"href":"https:\/\/diariodominicano.com\/index.php?rest_route=%2Fwp%2Fv2%2Fcomments&post=36807"}],"version-history":[{"count":0,"href":"https:\/\/diariodominicano.com\/index.php?rest_route=\/wp\/v2\/posts\/36807\/revisions"}],"wp:attachment":[{"href":"https:\/\/diariodominicano.com\/index.php?rest_route=%2Fwp%2Fv2%2Fmedia&parent=36807"}],"wp:term":[{"taxonomy":"category","embeddable":true,"href":"https:\/\/diariodominicano.com\/index.php?rest_route=%2Fwp%2Fv2%2Fcategories&post=36807"},{"taxonomy":"post_tag","embeddable":true,"href":"https:\/\/diariodominicano.com\/index.php?rest_route=%2Fwp%2Fv2%2Ftags&post=36807"}],"curies":[{"name":"wp","href":"https:\/\/api.w.org\/{rel}","templated":true}]}}