{"id":36801,"date":"2007-10-11T04:55:32","date_gmt":"2007-10-11T04:55:32","guid":{"rendered":"http:\/\/diariodominicano.ddns.net\/?p=36801"},"modified":"2007-10-11T04:55:32","modified_gmt":"2007-10-11T04:55:32","slug":"la-naturaleza-frente-a-la-tormenta-global","status":"publish","type":"post","link":"https:\/\/diariodominicano.com\/?p=36801","title":{"rendered":"La naturaleza frente a la tormenta global"},"content":{"rendered":"<p><body><\/p>\n<p class=\"titulogrande1\">La naturaleza frente a la tormenta global<\/p>\n<p>&#13;<\/p>\n<p class=\"textogrande\">Eduardo Gudynas<\/p>\n<p>&#13;<\/p>\n<p align=\"justify\" class=\"text1noticias\"><strong>ALAI AMLATINA, 10\/10\/07.- <\/strong>La globalizaci\u00f3n actual est\u00e1 por  detr\u00e1s de muchos de los problemas ambientales que padece Am\u00e9rica  Latina. El flujo exportador continental sigue creciendo, pero esa inserci\u00f3n  internacional sigue dependiendo de materias primas, las que son  simplemente recursos naturales con escaso procesamiento y reducido valor  agregado, y que generan severos impactos ambientales.<\/p>\n<p>&#13;<\/p>\n<p align=\"justify\" class=\"text1noticias\">Por un lado existe una postura que reconoce la gravedad de  los problemas ambientales, pero entiende que la globalizaci\u00f3n es  inevitable. Por lo tanto renuncia a un cambio en la esencia de los mecanismos internacionales, y apela a incorporar a la Naturaleza en los  mercados globales y gestionarla mediante mecanismos econ\u00f3micos. Otra  postura, en cambio, considera que la conservaci\u00f3n de nuestros recursos  naturales solo ser\u00e1 posible una vez que se logre una autonom\u00eda frente  a la globalizaci\u00f3n. Ese paso es indispensable para recuperar las posibilidades de un desarrollo sostenible que preserve la Naturaleza.<\/p>\n<p>&#13;<\/p>\n<p align=\"justify\" class=\"text1noticias\">Estas posiciones se discutieron en el Congreso  Latinoamericano de \u00c1reas Protegidas, celebrado pocos d\u00edas atr\u00e1s en Bariloche  (Argentina). Un buen ejemplo de la aceptaci\u00f3n fatalista de la globalizaci\u00f3n lo ofreci\u00f3 Conservation International (CI), una instituci\u00f3n  transnacional dedicada a temas de conservaci\u00f3n en varios pa\u00edses del continente.  Esta organizaci\u00f3n present\u00f3 el documento \u201cUna tormenta perfecta en  la Amazonia\u201d, redactado por Timothy Killeen, un investigador  estadounidense de CI que reside en Bolivia desde hace varios a\u00f1os, donde se  ilustra con impactante detalle los problemas ambientales que se suceden  en los tr\u00f3picos amaz\u00f3nicos. Su pron\u00f3stico es ominoso: en el  escenario m\u00e1s probable apenas lograr\u00e1 preservarse un 30 a 40% de la Amazonia.<\/p>\n<p>&#13;<\/p>\n<p align=\"justify\" class=\"text1noticias\">El an\u00e1lisis de CI ofrece muchos ejemplos de las conexiones  perversas de la globalizaci\u00f3n actual y sus efectos ambientales, pero en  sus propuestas queda atrapada en una aceptaci\u00f3n fatalista de la globalizaci\u00f3n actual. No habr\u00eda alternativas reales y  posibles frente a esta tormenta mundial, y por lo tanto la \u00fanica posibilidad  es adaptarse a sus reglas. Se debe reconocer el predominio de los  mercados y manipularlos mediante mecanismos regulativos \u2013 dice CI. <br \/>&#13;<br \/>\n  <br \/>&#13;<br \/>\n  Consecuentemente, sus planes de gesti\u00f3n se basan  esencialmente en <br \/>&#13;<br \/>\n  mecanismos de mercados, sea por medio de cobrar los llamados  \u201cservicios <br \/>&#13;<br \/>\n  ambientales\u201d como por subvencionar sistemas de producci\u00f3n  m\u00e1s <br \/>&#13;<br \/>\n  respetuosos del ambiente.<\/p>\n<p>&#13;<\/p>\n<p align=\"justify\" class=\"text1noticias\">El problema es que buena parte de las propuestas de CI  refuerzan la situaci\u00f3n de un desarrollo dependiente. En efecto, se dedica  mucha atenci\u00f3n a vender los llamados cr\u00e9ditos para la fijaci\u00f3n de  carbono, donde se financia la protecci\u00f3n de la floresta como una  m\u00e1quina para fijar los gases invernaderos generados en los pa\u00edses  industrializados. <br \/>&#13;<br \/>\n  <br \/>&#13;<br \/>\n  As\u00ed como hoy se venden materias primas, bajo ese mecanismo,  vender\u00edamos \u201cbonos de carbono\u201d, donde nuestras tierras ser\u00edan los  sumideros ecol\u00f3gicos para que los pa\u00edses industrializados mantengan su  ritmo de emisiones contaminantes.<\/p>\n<p>&#13;<\/p>\n<p align=\"justify\" class=\"text1noticias\">Esos mecanismos imponen un papel para Am\u00e9rica Latina como  amortiguador ambiental global, bajo un mercado verde transnacional que es  funcional a los estilos de producci\u00f3n capitalista contempor\u00e1nea. Este  camino no desencadena cambios en la esencia de los estilos de  desarrollo, y deja pendientes casi todos los problemas actuales, que van desde  la redistribuci\u00f3n de la riqueza a la necesidad de generar  nuestras propias opciones de industrializaci\u00f3n.<\/p>\n<p>&#13;<\/p>\n<p align=\"justify\" class=\"text1noticias\">Pero una limitaci\u00f3n a\u00fan m\u00e1s impactante de la propuesta de CI  es que parece desarrollarse en un vac\u00edo geopol\u00edtico. Muy poco se  dice de las reglas internacionales de comercio, de la marcha de la  integraci\u00f3n regional dentro de Am\u00e9rica Latina, o de las diferentes posturas gubernamentales sobre el desarrollo y la globalizaci\u00f3n. Si  bien se tratan los nuevos planes de integraci\u00f3n carretera, no se  analiza adecuadamente que su prop\u00f3sito actual es zambullirse todav\u00eda  m\u00e1s en los mercados globales. Quedan pendientes cuestiones claves como  el papel de la   Organizaci\u00f3n Mundial de Comercio, los t\u00e9rminos de intercambio comercial, o los flujos de capital que financian la  extracci\u00f3n de los recursos naturales. En resumen, CI se deja llevar por la  tormenta global.<\/p>\n<p>&#13;<\/p>\n<p align=\"justify\" class=\"text1noticias\">En la marcha econ\u00f3mica actual las exportaciones siguen  creciendo en importancia, pero la mayor parte depende de recursos  naturales. En Brasil y los dem\u00e1s pa\u00edses del Cono Sur, las materias primas representaban el 60% de las exportaciones totales en 2005;  en los pa\u00edses andinos trepaba al 84,5 % del total de las ventas externas.  En otras palabras, m\u00e1s de la mitad de las exportaciones dependen de  recursos naturales, y desde all\u00ed se genera una presi\u00f3n enorme sobre  los espacios naturales. Si bien Chile es presentado como un ejemplo de  manejo econ\u00f3mico serio supuestamente muy diferente de sus vecinos,  desde la perspectiva de una econom\u00eda ecol\u00f3gica observamos que m\u00e1s del  86 % de sus exportaciones son productos primarios (recursos naturales  con muy escaso procesamiento), y por lo tanto muy similar al patr\u00f3n  exportador de pa\u00edses como Per\u00fa (85% de las exportaciones totales) o  Bolivia (89%). <br \/>&#13;<br \/>\n  <br \/>&#13;<br \/>\nEsta dependencia se repite en casi todos los pa\u00edses.<\/p>\n<p>&#13;<\/p>\n<p align=\"justify\" class=\"text1noticias\">Los planes actuales de interconexi\u00f3n carretera y energ\u00e9tica  apuntan a acentuar esta estrategia todav\u00eda m\u00e1s, abriendo distintas  \u00e1reas silvestres, y en especial en los tr\u00f3picos, por un lado a la  explotaci\u00f3n y por el otro lado, vincul\u00e1ndolas con los puertos oce\u00e1nicos.  <br \/>&#13;<br \/>\n  <br \/>&#13;<br \/>\n  Estos procesos hacen que Am\u00e9rica Latina quede atada a la globalizaci\u00f3n  actual. <br \/>&#13;<br \/>\n  <br \/>&#13;<br \/>\n  De hecho, el nivel de consumo de los pa\u00edses industrializados  y de las nuevas econom\u00edas de alto crecimiento, como China, solo es  posible aspirando recursos materiales y energ\u00eda del Tercer Mundo, y  por lo tanto ese mismo entramado genera un tipo de globalizaci\u00f3n que  permite esa transferencia de recursos.<\/p>\n<p>&#13;<\/p>\n<p align=\"justify\" class=\"text1noticias\">Para enfrentar estos problemas es necesario otra postura  frente a la globalizaci\u00f3n: la conservaci\u00f3n y uso sostenible de los  recursos naturales solo es posible bajo un cambio radical en los  estilos de desarrollo y las relaciones globales. Por lo tanto,  cualquier propuesta ecol\u00f3gica seria debe reclamar otro estilo de desarrollo, y consecuentemente otra mundializaci\u00f3n. Es posible que en  algunos casos sean \u00fatiles los mecanismos de mercado (en especial para  evitar que los emprendimientos privados arrojen los costos econ\u00f3micos del  deterioro ambiental hacia las comunidades locales o los municipios),  pero ser\u00e1n indispensables otras medidas m\u00e1s profundas sobre los estilos  de desarrollo, reduciendo su dependencia de los recursos  naturales y su consumo energ\u00e9tico, orient\u00e1ndolos en primer lugar hacia las  necesidades nacionales y regionales, y s\u00f3lo despu\u00e9s volcarse a los  mercados globales.<\/p>\n<p>&#13;<\/p>\n<p align=\"justify\" class=\"text1noticias\">Bajo esta perspectiva el concepto de autonom\u00eda aparece como  un concepto clave. Es indispensable recuperar la autonom\u00eda frente a la globalizaci\u00f3n, reconquistar la autonom\u00eda para ensayar otros  estilos de desarrollo que puedan remontar las condiciones y exigencias  de los mercados globales. No es posible insistir en adaptar la Naturaleza a los mercados, sino que los mercados deben ser adaptados para  asegurar la conservaci\u00f3n de la Naturaleza. Desde  ese compromiso deben enfrentarse los factores globales tales como la demanda de recursos  naturales y la din\u00e1mica de los mercados financieros internacionales, as\u00ed  como sus instituciones pol\u00edticas. Por lo tanto, el camino actual debe  apuntar a recuperar la autonom\u00eda para no ser arrastrados por la  tormenta global.<\/p>\n<p>&#13;<\/p>\n<p align=\"justify\" class=\"text1noticias\">&#8211; E. Gudynas es investigador en D3E (Desarrollo, Econom\u00eda,  Ecolog\u00eda, Equidad \u2013 Am\u00e9rica Latina), en Montevideo (Uruguay).<\/p>\n<p>&#13;<\/p>\n<h6> 2007-10-11 04:55:32 <\/h6>\n<p><!--\n<link rel=\"stylesheet\" href=\"css\/bootstrap.min.css\">\n\n\n<ul class=\"pagination\">\n\t    \n\t\n\n<li >\n\t<a href='?page_no=12627'>Previous<\/a>\n\t<\/li>\n\n\n       \n    \n\n<li><a href='?page_no=1'>1<\/a><\/li>\n\n\n\n<li><a href='?page_no=2'>2<\/a><\/li>\n\n\n\n<li><a>...<\/a><\/li>\n\n\n\n<li><a href='?page_no=12626'>12626<\/a><\/li>\n\n\n\n<li><a href='?page_no=12627'>12627<\/a><\/li>\n\n\n\n<li class='active'><a>12628<\/a><\/li>\n\n\n\n<li><a href='?page_no=12629'>12629<\/a><\/li>\n\n\n\n<li><a href='?page_no=12630'>12630<\/a><\/li>\n\n\n\n<li><a>...<\/a><\/li>\n\n\n\n<li><a href='?page_no=13611'>13611<\/a><\/li>\n\n\n\n<li><a href='?page_no=13612'>13612<\/a><\/li>\n\n    \n\t\n\n<li >\n\t<a href='?page_no=12629'>Next<\/a>\n\t<\/li>\n\n\n    \n\n<li><a href='?page_no=13612'>Last &rsaquo;&rsaquo;<\/a><\/li>\n\n<\/ul>\n\n\n--><br \/>\n<\/body><\/p>\n","protected":false},"excerpt":{"rendered":"<p>La naturaleza frente a la tormenta global &#13; Eduardo Gudynas &#13; ALAI AMLATINA, 10\/10\/07.- La globalizaci\u00f3n actual est\u00e1 por detr\u00e1s de muchos de los problemas ambientales que padece Am\u00e9rica Latina. El flujo exportador continental sigue creciendo, pero esa inserci\u00f3n internacional sigue dependiendo de materias primas, las que son simplemente recursos naturales con escaso procesamiento y [&hellip;]<\/p>\n","protected":false},"author":3,"featured_media":0,"comment_status":"open","ping_status":"open","sticky":false,"template":"","format":"standard","meta":{"footnotes":""},"categories":[16],"tags":[],"class_list":["post-36801","post","type-post","status-publish","format-standard","hentry","category-opiniones"],"_links":{"self":[{"href":"https:\/\/diariodominicano.com\/index.php?rest_route=\/wp\/v2\/posts\/36801","targetHints":{"allow":["GET"]}}],"collection":[{"href":"https:\/\/diariodominicano.com\/index.php?rest_route=\/wp\/v2\/posts"}],"about":[{"href":"https:\/\/diariodominicano.com\/index.php?rest_route=\/wp\/v2\/types\/post"}],"author":[{"embeddable":true,"href":"https:\/\/diariodominicano.com\/index.php?rest_route=\/wp\/v2\/users\/3"}],"replies":[{"embeddable":true,"href":"https:\/\/diariodominicano.com\/index.php?rest_route=%2Fwp%2Fv2%2Fcomments&post=36801"}],"version-history":[{"count":0,"href":"https:\/\/diariodominicano.com\/index.php?rest_route=\/wp\/v2\/posts\/36801\/revisions"}],"wp:attachment":[{"href":"https:\/\/diariodominicano.com\/index.php?rest_route=%2Fwp%2Fv2%2Fmedia&parent=36801"}],"wp:term":[{"taxonomy":"category","embeddable":true,"href":"https:\/\/diariodominicano.com\/index.php?rest_route=%2Fwp%2Fv2%2Fcategories&post=36801"},{"taxonomy":"post_tag","embeddable":true,"href":"https:\/\/diariodominicano.com\/index.php?rest_route=%2Fwp%2Fv2%2Ftags&post=36801"}],"curies":[{"name":"wp","href":"https:\/\/api.w.org\/{rel}","templated":true}]}}