{"id":36800,"date":"2007-10-11T19:53:49","date_gmt":"2007-10-11T19:53:49","guid":{"rendered":"http:\/\/diariodominicano.ddns.net\/?p=36800"},"modified":"2007-10-11T19:53:49","modified_gmt":"2007-10-11T19:53:49","slug":"reflexiones-del-comandante-en-jefe-9","status":"publish","type":"post","link":"https:\/\/diariodominicano.com\/?p=36800","title":{"rendered":"REFLEXIONES DEL COMANDANTE EN JEFE"},"content":{"rendered":"<p><body><\/p>\n<p class=\"titulogrande1\"><u>Reflexiones del Comandante en Jefe<\/u> <\/p>\n<p>&#13;<\/p>\n<p align=\"justify\"><strong>El silencio c\u00f3mplice<\/strong><br \/>&#13;<br \/>\n  <br \/>&#13;<br \/>\n    <span class=\"text1noticias\">El mundo no puede darse el lujo de  permitir que el drama de la guerra de la OTAN contra Yugoslavia sea olvidado  por el silencio de quienes fueron actores y c\u00f3mplices importantes de aquel  brutal genocidio.<br \/>&#13;<br \/>\n    <br \/>&#13;<br \/>\n    En la reuni\u00f3n de Clinton con Aznar el  13 de abril de 1999 en la Casa Blanca, donde se tom\u00f3 la decisi\u00f3n de  intensificar los bombardeos y se sugiri\u00f3 por Aznar atacar la televisi\u00f3n, la  radio y otros puntos que costar\u00edan la vida a incontables civiles indefensos,  estaban el presidente Clinton, el Consejero de Seguridad Nacional Sandy Berger,  la Secretaria de Estado Madeleine Albright y otros colaboradores cercanos al  Presidente, entre ellos el que recibi\u00f3 de Berger la orden de no tomar nota  cuando se hablaba de Cuba. <br \/>&#13;<br \/>\n    <br \/>&#13;<br \/>\n    Tal vez en declaraciones de prensa o  en alg\u00fan libro o memoria, algunos de ellos escribiera aisladamente sobre la  aventura, pero no en el contexto de la situaci\u00f3n de peligro real y guerras  suicidas hacia los que Estados Unidos conduce a la humanidad. <br \/>&#13;<br \/>\n    <br \/>&#13;<br \/>\n    Existen  documentos secretos para ser publicados dentro de 200 a\u00f1os como legado  hist\u00f3rico de alg\u00fan Presidente, cuando al paso que vamos ya no habr\u00e1 publicidad  ni lectores. <br \/>&#13;<br \/>\n    <br \/>&#13;<br \/>\n    Han transcurrido menos de diez a\u00f1os  desde entonces. <br \/>&#13;<br \/>\n    <br \/>&#13;<br \/>\n    En Europa y en otras partes tienen  muchos c\u00f3mplices que guardan silencio.<br \/>&#13;<br \/>\n    <br \/>&#13;<br \/>\n    Despu\u00e9s del tercer mensaje a  Milosevic, visit\u00f3 Cuba el Ministro de Transporte de Italia, a quien recib\u00ed y  con el que abord\u00e9 directamente el asunto de la guerra contra Yugoslavia el 30  de marzo de 1999.<br \/>&#13;<br \/>\n    <br \/>&#13;<br \/>\n    A continuaci\u00f3n lo que le dije, seg\u00fan  notas tomadas de nuestra conversaci\u00f3n en presencia del personal de mi Oficina y  del Ministerio de Relaciones Exteriores:<br \/>&#13;<br \/>\n    <br \/>&#13;<br \/>\n\u00abComenc\u00e9 pregunt\u00e1ndole por qu\u00e9  hab\u00edan invadido a Serbia. C\u00f3mo iban a encontrar una soluci\u00f3n. Que en mi opini\u00f3n  era un gran error y los conducir\u00eda a un callej\u00f3n sin salida si los serbios  resist\u00edan. \u00bfQu\u00e9 necesidad ten\u00eda Europa de desintegrar a Yugoslavia, que hab\u00eda  llevado a cabo muchas reformas y que, estrictamente hablando, finalizada la  Guerra Fr\u00eda, no pod\u00eda ser calificada como un Estado comunista ni mucho menos  enemiga de Europa? Que Europa, por satisfacer la demanda del gobierno alem\u00e1n,  hab\u00eda promovido y apoyado la separaci\u00f3n de Croacia, donde en realidad, durante  la Segunda Guerra Mundial, la Alemania nazi organiz\u00f3 los temibles grupos chetniks que cometieron infinidad de cr\u00edmenes y masacres contra los serbios y el  movimiento de liberaci\u00f3n dirigido por Tito.<br \/>&#13;<br \/>\n<br \/>&#13;<br \/>\n\u00abPor esta complacencia y falta de  previsi\u00f3n pol\u00edtica, en medio de la euforia de los d\u00edas de crisis del campo  socialista y de la URSS, Europa de-sintegr\u00f3 a Yugoslavia, lo que condujo a  episodios sangrientos y de modo especial a la larga y cruenta guerra de Bosnia  y finalmente a la actual guerra de la OTAN contra Serbia. Como se hab\u00eda  producido tambi\u00e9n la separaci\u00f3n de Macedonia, que signific\u00f3 la mutilaci\u00f3n de la  mayor parte de la Rep\u00fablica Federativa de Yugoslavia. De este modo solo  restaban Serbia, Montenegro y Kosovo.<br \/>&#13;<br \/>\n<br \/>&#13;<br \/>\n\u00abComo se conoce, durante decenas  de a\u00f1os la poblaci\u00f3n de origen alban\u00e9s de Kosovo no ces\u00f3 de crecer hasta  constituir una amplia mayor\u00eda. Que en vida de Tito, bastante antes de su  muerte, muchas familias serbias abandonaron Kosovo buscando seguridad ante  numerosos actos de violencia que grupos extremistas de Kosovo comet\u00edan contra  ellas. Se produjo en aquella \u00e9poca contra los serbios que viv\u00edan en Kosovo lo  que hoy se califica como limpieza \u00e9tnica.<br \/>&#13;<br \/>\n<br \/>&#13;<br \/>\n\u00abLa innecesaria y sangrienta  desintegraci\u00f3n de Yugoslavia estimul\u00f3 y desat\u00f3 los conflictos latentes entre la  mayor\u00eda de origen alban\u00e9s y la minor\u00eda serbia de Kosovo, que est\u00e1n en la base  del problema actual.<br \/>&#13;<br \/>\n<br \/>&#13;<br \/>\n\u00abEl pueblo serbio constituye el  n\u00facleo fundamental de lo que resta de la antigua Yugoslavia. Es un pueblo  combativo y valiente que ha sido extraordinariamente humillado. Ten\u00eda la  convicci\u00f3n de que Serbia habr\u00eda aceptado una soluci\u00f3n honorable y pac\u00edfica al  problema de Kosovo sobre la base de una amplia autonom\u00eda.<br \/>&#13;<br \/>\n<br \/>&#13;<br \/>\n\u00abLos grupos moderados de Kosovo,  actuando de forma inteligente y constructiva, apoyaban esa soluci\u00f3n puesto que  la presencia de una gran mayor\u00eda de poblaci\u00f3n de origen alban\u00e9s har\u00eda posible  m\u00e1s tarde o m\u00e1s temprano el surgimiento de un Estado independiente por v\u00edas  pac\u00edficas. Europa sabe perfectamente que los grupos extremistas de Kosovo no  quer\u00edan esa soluci\u00f3n; exig\u00edan la inmediata independencia y para ello deseaban  la intervenci\u00f3n de las fuerzas de la OTAN. <br \/>&#13;<br \/>\n<br \/>&#13;<br \/>\n\u00abEs injusto cargar toda la  responsabilidad sobre Serbia. Serbia no ha invadido ning\u00fan pa\u00eds soberano. Se ha  opuesto, en esencia, a la presencia militar de tropas extranjeras en su territorio.  A lo largo de meses, especialmente en las \u00faltimas semanas, no se hizo otra cosa  que amenazarla constantemente. Se le exig\u00eda la rendici\u00f3n incondicional. A  ning\u00fan pa\u00eds se le puede tratar de esa forma, y menos a\u00fan al pueblo que en los  tiempos de la Europa ocupada luch\u00f3 con m\u00e1s hero\u00edsmo contra los nazis y tiene  gran experiencia en la guerra irregular.<br \/>&#13;<br \/>\n<br \/>&#13;<br \/>\n\u00abSi los serbios resisten \u2014y tengo  la convicci\u00f3n de que van a resistir\u2014, a la OTAN no le quedar\u00eda otra alternativa  que un genocidio; pero un genocidio que no tendr\u00eda \u00e9xito por dos razones: <br \/>&#13;<br \/>\n<br \/>&#13;<br \/>\n\u00abPrimero: no podr\u00edan derrotar al  pueblo serbio si aplica toda su experiencia y su doctrina de lucha irregular. <br \/>&#13;<br \/>\n<br \/>&#13;<br \/>\n\u00abSegundo: La opini\u00f3n p\u00fablica de  los propios pa\u00edses de la OTAN no lo permitir\u00eda.<br \/>&#13;<br \/>\n<br \/>&#13;<br \/>\n\u00abNo es cuesti\u00f3n de divisiones  acorazadas, bombarderos invisibles, misiles Tomahawks y Cruceros o cualquier  otra arma de las llamadas inteligentes. Tendr\u00eda que lanzarse un misil o una  bomba por cada hombre capaz de portar un fusil, una bazuka o un arma antia\u00e9rea  port\u00e1til. Todo el poder de la OTAN en ese caso estar\u00eda de m\u00e1s. Hay guerras de  las galaxias y guerras en tierra. Pese a todos los adelantos tecnol\u00f3gicos, el  combatiente individual tendr\u00eda el peso principal en ese tipo de lucha.<br \/>&#13;<br \/>\n<br \/>&#13;<br \/>\n\u00abAparte de Kosovo, un problema  mucho m\u00e1s grande se est\u00e1 gestando en perjuicio de los intereses de Europa y del  mundo. A Rusia se le ha humillado terriblemente. La OTAN avanz\u00f3 ya hasta las  fronteras de lo que fue la URSS. Promete incluir a otros Estados del antiguo  campo socialista, e incluso a los pa\u00edses b\u00e1lticos que fueron parte de la Uni\u00f3n  Sovi\u00e9tica. Los rusos tienen toda la raz\u00f3n para pensar que no se detendr\u00edan  hasta las murallas del Kremlin.<br \/>&#13;<br \/>\n<br \/>&#13;<br \/>\n\u00abLos rusos son eslavos al igual  que los serbios, y este sentimiento es muy fuerte entre esos pueblos. Los ataques  contra Serbia constituyen para ellos una enorme humillaci\u00f3n, y han provocado,  m\u00e1s que ning\u00fan otro hecho, profundos y justificados sentimientos de inseguridad  no solo para ellos sino tambi\u00e9n para otros pa\u00edses como la India y China, que  l\u00f3gicamente tratar\u00e1n de unirse a Rusia para garantizar su seguridad. No creo  que los rusos dejen de hacer todo lo que sea necesario para preservar una  capacidad de respuesta como \u00fanica garant\u00eda ante lo que est\u00e1 ocurriendo.<br \/>&#13;<br \/>\n<br \/>&#13;<br \/>\n\u00abNi Europa ni el mundo, con sus  actuales y agobiantes problemas econ\u00f3micos, ganar\u00edan absolutamente nada con  este curso de los acontecimientos.<br \/>&#13;<br \/>\n<br \/>&#13;<br \/>\n\u00abHace breves d\u00edas, en la  madrugada del viernes 26 de marzo, al regresar anticipadamente de Colombia  hacia la URSS, hizo escala en el Aeropuerto de La Habana, el Presidente de la  DUMA del Estado de la Federaci\u00f3n Rusa, Guennadi Selezniov. Por mi propia  iniciativa abord\u00e9 estos problemas. Le dije que no hab\u00eda ninguna soluci\u00f3n  militar posible, que sin duda cualquier esfuerzo por apoyar militarmente a  Serbia conducir\u00eda inevitablemente a una guerra general, por cuanto los \u00fanicos  medios con que cuentan hoy para hacerla no son los convencionales; que la  batalla era de car\u00e1cter pol\u00edtico y no militar.<br \/>&#13;<br \/>\n<br \/>&#13;<br \/>\n\u00abEl propio Selezniov inform\u00f3  p\u00fablicamente sobre este punto de vista que le comuniqu\u00e9.<br \/>&#13;<br \/>\n<br \/>&#13;<br \/>\n\u00abTanto Europa como el mundo  tienen el deber de buscar esa soluci\u00f3n que, aunque dif\u00edcil y compleja, es  perfectamente posible. Si en vez de dedicarse por entero a amenazar a Serbia  con terribles bombardeos hubiesen presionado a los extremistas de Kosovo, se  habr\u00eda podido encontrar esa soluci\u00f3n. Solo la OTAN puede frenar a los  extremistas de Kosovo si lo hace de forma franca y categ\u00f3rica. No se trata de  utilizar las armas para ello, sino de advertirlo de tal forma que no les quepa  la menor duda de que no contar\u00e1n con su apoyo. Indiscutiblemente que las bombas  que se lanzan sobre Serbia desde hace una semana no contribuir\u00e1n jam\u00e1s a ese  esfuerzo disuasivo.<br \/>&#13;<br \/>\n<br \/>&#13;<br \/>\n\u00abPor otro lado, considero un  grave error de la pol\u00edtica que tanto Estados Unidos como Europa est\u00e1n siguiendo  de mantener a Rusia al borde del abismo en el campo econ\u00f3mico, tratando de  imponerle las f\u00f3rmulas imposibles del Fondo Monetario Internacional.<br \/>&#13;<br \/>\n<br \/>&#13;<br \/>\n\u00abOccidente no habla de los 300  000 millones de d\u00f3lares que han sido robados en Rusia y trasladados a Portugal,  Espa\u00f1a, Francia, Italia, Austria y otros pa\u00edses. Quince veces m\u00e1s que la m\u00edsera  suma de 20 000 millones que lleva ya meses discuti\u00e9ndose como pr\u00e9stamo del  Fondo Monetario Internacional. De ese saqueo despiadado de las riquezas rusas,  Occidente no est\u00e1 exento de culpa con los m\u00e9todos y modelos de pol\u00edticas  econ\u00f3micas que recomend\u00f3 o impuso a Rusia. <br \/>&#13;<br \/>\n<br \/>&#13;<br \/>\n\u00abUna explosi\u00f3n interna en Rusia  ser\u00eda catastr\u00f3fica. A esto se a\u00f1ade el avance de la OTAN que ya mencion\u00e9, el  proyecto de cancelar el Acuerdo sobre Defensa Antimisiles Estrat\u00e9gicos, y ahora  la incre\u00edble humillaci\u00f3n del ataque lanzado por las poderosas fuerzas de la  OTAN contra un peque\u00f1o pa\u00eds como Serbia.<br \/>&#13;<br \/>\n<br \/>&#13;<br \/>\n\u00abQue estaba contra todo tipo de  genocidio o de matanza, vengan de donde vengan, y que todas las etnias y  religiones deben ser acreedoras, sin excepci\u00f3n alguna, al respeto de su derecho  a la vida, la cultura y la paz.<br \/>&#13;<br \/>\n<br \/>&#13;<br \/>\n\u00abSi me he tomado la libertad de  explicar esto es porque pienso en el deber de advertir estos peligros y la  necesidad de solucionarlos. Exponerlo no perjudica absolutamente a nadie y  puede beneficiar, en cambio, a todos. Reiter\u00e9 mi convicci\u00f3n de que los serbios  resistir\u00e1n, y que aunque no resulta nada f\u00e1cil negociar con un pa\u00eds sobre el  que se han lanzado miles de bombas y cuyo honor, dignidad y econom\u00eda han sido  duramente golpeados, una soluci\u00f3n pac\u00edfica es a mi juicio posible.<br \/>&#13;<br \/>\n<br \/>&#13;<br \/>\n\u00abA la OTAN ya no le quedan  pr\u00e1cticamente objetivos militares que golpear, tal vez solo tropas concentradas  o en movimiento, y nada es m\u00e1s f\u00e1cil en el mundo que dispersarlas para  desarrollar otro tipo de guerra sin que puedan destruirlas con golpes a\u00e9reos.<br \/>&#13;<br \/>\n<br \/>&#13;<br \/>\n\u00abEuropa sabe que la lucha por  tierra ser\u00eda muy costosa en vidas humanas y adem\u00e1s in\u00fatil. Que si los serbios  aplican la propia concepci\u00f3n que nosotros aplicar\u00edamos en nuestro pa\u00eds en caso  de una invasi\u00f3n de Estados Unidos, en lo cual demostraron ya extraordinaria  experiencia, la guerra desatada por la OTAN ser\u00eda in\u00fatil y repulsiva, destinada  a la condena universal contra un genocidio en pleno coraz\u00f3n de Europa.\u00bb<br \/>&#13;<br \/>\n<br \/>&#13;<br \/>\nHoy es un glorioso d\u00eda patrio, la  fecha en que Carlos Manuel de C\u00e9spedes inici\u00f3 la guerra de independencia contra  la metr\u00f3poli espa\u00f1ola.<br \/>&#13;<br \/>\n<br \/>&#13;<br \/>\nEn su ejemplo se inspiraron las  generaciones posteriores de cubanos. La lecci\u00f3n que nos impone es el deber de  pensar y luchar contra los peligros que amenazan en la actualidad a la especie  humana.<br \/>&#13;<br \/>\n<br \/>&#13;<br \/>\n  <strong>Fidel Castro Ruz<\/strong><br \/>&#13;<br \/>\n  <br \/>&#13;<br \/>\n  <strong>10 de octubre del 2007<\/strong><br \/>&#13;<br \/>\n  <br \/>&#13;<br \/>\n  <strong>7:55 p.m.<\/strong><\/span><\/p>\n<p>&#13;<\/p>\n<h6> 2007-10-11 19:53:49 <\/h6>\n<p><!--\n<link rel=\"stylesheet\" href=\"css\/bootstrap.min.css\">\n\n\n<ul class=\"pagination\">\n\t    \n\t\n\n<li >\n\t<a href='?page_no=12626'>Previous<\/a>\n\t<\/li>\n\n\n       \n    \n\n<li><a href='?page_no=1'>1<\/a><\/li>\n\n\n\n<li><a href='?page_no=2'>2<\/a><\/li>\n\n\n\n<li><a>...<\/a><\/li>\n\n\n\n<li><a href='?page_no=12625'>12625<\/a><\/li>\n\n\n\n<li><a href='?page_no=12626'>12626<\/a><\/li>\n\n\n\n<li class='active'><a>12627<\/a><\/li>\n\n\n\n<li><a href='?page_no=12628'>12628<\/a><\/li>\n\n\n\n<li><a href='?page_no=12629'>12629<\/a><\/li>\n\n\n\n<li><a>...<\/a><\/li>\n\n\n\n<li><a href='?page_no=13611'>13611<\/a><\/li>\n\n\n\n<li><a href='?page_no=13612'>13612<\/a><\/li>\n\n    \n\t\n\n<li >\n\t<a href='?page_no=12628'>Next<\/a>\n\t<\/li>\n\n\n    \n\n<li><a href='?page_no=13612'>Last &rsaquo;&rsaquo;<\/a><\/li>\n\n<\/ul>\n\n\n--><br \/>\n<\/body><\/p>\n","protected":false},"excerpt":{"rendered":"<p>Reflexiones del Comandante en Jefe &#13; El silencio c\u00f3mplice&#13; &#13; El mundo no puede darse el lujo de permitir que el drama de la guerra de la OTAN contra Yugoslavia sea olvidado por el silencio de quienes fueron actores y c\u00f3mplices importantes de aquel brutal genocidio.&#13; &#13; En la reuni\u00f3n de Clinton con Aznar el [&hellip;]<\/p>\n","protected":false},"author":3,"featured_media":0,"comment_status":"open","ping_status":"open","sticky":false,"template":"","format":"standard","meta":{"footnotes":""},"categories":[16],"tags":[],"class_list":["post-36800","post","type-post","status-publish","format-standard","hentry","category-opiniones"],"_links":{"self":[{"href":"https:\/\/diariodominicano.com\/index.php?rest_route=\/wp\/v2\/posts\/36800","targetHints":{"allow":["GET"]}}],"collection":[{"href":"https:\/\/diariodominicano.com\/index.php?rest_route=\/wp\/v2\/posts"}],"about":[{"href":"https:\/\/diariodominicano.com\/index.php?rest_route=\/wp\/v2\/types\/post"}],"author":[{"embeddable":true,"href":"https:\/\/diariodominicano.com\/index.php?rest_route=\/wp\/v2\/users\/3"}],"replies":[{"embeddable":true,"href":"https:\/\/diariodominicano.com\/index.php?rest_route=%2Fwp%2Fv2%2Fcomments&post=36800"}],"version-history":[{"count":0,"href":"https:\/\/diariodominicano.com\/index.php?rest_route=\/wp\/v2\/posts\/36800\/revisions"}],"wp:attachment":[{"href":"https:\/\/diariodominicano.com\/index.php?rest_route=%2Fwp%2Fv2%2Fmedia&parent=36800"}],"wp:term":[{"taxonomy":"category","embeddable":true,"href":"https:\/\/diariodominicano.com\/index.php?rest_route=%2Fwp%2Fv2%2Fcategories&post=36800"},{"taxonomy":"post_tag","embeddable":true,"href":"https:\/\/diariodominicano.com\/index.php?rest_route=%2Fwp%2Fv2%2Ftags&post=36800"}],"curies":[{"name":"wp","href":"https:\/\/api.w.org\/{rel}","templated":true}]}}