{"id":367998,"date":"2022-07-12T00:08:17","date_gmt":"2022-07-12T04:08:17","guid":{"rendered":"http:\/\/diariodominicano.com\/?p=367998"},"modified":"2022-07-12T00:08:17","modified_gmt":"2022-07-12T04:08:17","slug":"termino-el-gobierno-de-ocupacion-militar-de-estados-unidos-1916-1924","status":"publish","type":"post","link":"https:\/\/diariodominicano.com\/?p=367998","title":{"rendered":"Termin\u00f3 el Gobierno\u00a0de Ocupaci\u00f3n Militar de Estados Unidos 1916-1924"},"content":{"rendered":"\n<p><\/p>\n\n\n\n<p>&nbsp;&nbsp; &nbsp;&nbsp;&nbsp;&nbsp;&nbsp;&nbsp; SANTO DOMINGO, el&nbsp; 12 de julio de 1924, termin\u00f3 la primera intervenci\u00f3n militar de Estados Unidos contra la Rep\u00fablica Dominicana. El mismo d\u00eda 12 de julio de 1924, tom\u00f3 posesi\u00f3n el nuevo Presidente de la Rep\u00fablica, Horacio V\u00e1squez, quien hab\u00eda sido electo en las elecciones del 15 de marzo de 1924.<\/p>\n\n\n\n<p>\u00a0\u00a0 V\u00e1squez y su compa\u00f1ero de boleta Federico Vel\u00e1squez, fueron los  candidatos a la Presidencia y Vicepresidencia de la Alianza Nacional Progresista, que reuni\u00f3 a los partidarios de los dos y derrot\u00f3 a la Coalici\u00f3n\u00a0 Patri\u00f3tica de Ciudadanos, que llev\u00f3 como candidato presidencial al se\u00f1or Francisco J. Peynado.<\/p>\n\n\n\n<p>&nbsp;&nbsp;&nbsp; &nbsp;&nbsp;&nbsp;&nbsp;&nbsp; El binomio V\u00e1squez-Vel\u00e1squez gan\u00f3 los comicios de manera abrumadora.&nbsp; Horacio V\u00e1squez era el pol\u00edtico m\u00e1s popular que ten\u00eda la Rep\u00fablica Dominicana en el momento. Entre&nbsp; sus haza\u00f1as figuraba su participaci\u00f3n en el asesinato del dictador Ulises Heureaux, el 26 de julio de 1899, en un hecho ocurrido en la ciudad de Moca.<\/p>\n\n\n\n<p>&nbsp;&nbsp; &nbsp;&nbsp;&nbsp;&nbsp;&nbsp;&nbsp; Las elecciones del 15 de marzo de 1924 fueron ordenadas y limpias, seg\u00fan proclamaron sus autoridades.&nbsp; Al conocer la victoria de los candidatos de la Alianza Nacional Progresista, El ex candidato opositor Francisco J. Peynado felicit\u00f3 al Presidente electo y le ofreci\u00f3 su colaboraci\u00f3n durante su Gobierno, que&nbsp; comenz\u00f3&nbsp; el 12 de julio de 1924.<\/p>\n\n\n\n<p>&nbsp;&nbsp;&nbsp; &nbsp;&nbsp;&nbsp;&nbsp;&nbsp; El acontecimiento marc\u00f3 el fin del Gobierno de Ocupaci\u00f3n&nbsp; militar de Estados Unidos, cuyo Gobierno&nbsp; hab\u00eda declarado ocupado el pa\u00eds el 29 de noviembre de 1916, cuando el capit\u00e1n H. S. Knapp public\u00f3 su proclama en virtud de la cual anunci\u00f3 que a partir de ese momento Rep\u00fablica Dominicana quedaba \u201cen un estado de ocupaci\u00f3n militar por las fuerzas bajo mi mando, y queda sometida al Gobierno Militar y al ejercicio de la ley Militar, aplicable a tal ocupaci\u00f3n\u201d.<\/p>\n\n\n\n<p>&nbsp;&nbsp;&nbsp; &nbsp;&nbsp;&nbsp;&nbsp;&nbsp; El oficial estadounidense tambi\u00e9n&nbsp; advirti\u00f3 que s\u00f3lo estar\u00edan vigentes las leyes dominicanas que no entraran en conflicto con el Gobierno Militar de Ocupaci\u00f3n de Estados Unidos.<\/p>\n","protected":false},"excerpt":{"rendered":"<p>&nbsp;&nbsp; &nbsp;&nbsp;&nbsp;&nbsp;&nbsp;&nbsp; SANTO DOMINGO, el&nbsp; 12 de julio de 1924, termin\u00f3 la primera intervenci\u00f3n militar de Estados Unidos contra la Rep\u00fablica Dominicana. El mismo d\u00eda 12 de julio de 1924, tom\u00f3 posesi\u00f3n el nuevo Presidente de la Rep\u00fablica, Horacio V\u00e1squez, quien hab\u00eda sido electo en las elecciones del 15 de marzo de 1924. \u00a0\u00a0 V\u00e1squez [&hellip;]<\/p>\n","protected":false},"author":28,"featured_media":268759,"comment_status":"closed","ping_status":"","sticky":true,"template":"","format":"standard","meta":{"footnotes":""},"categories":[26,27],"tags":[],"class_list":["post-367998","post","type-post","status-publish","format-standard","has-post-thumbnail","hentry","category-efemerides","category-portada"],"_links":{"self":[{"href":"https:\/\/diariodominicano.com\/index.php?rest_route=\/wp\/v2\/posts\/367998","targetHints":{"allow":["GET"]}}],"collection":[{"href":"https:\/\/diariodominicano.com\/index.php?rest_route=\/wp\/v2\/posts"}],"about":[{"href":"https:\/\/diariodominicano.com\/index.php?rest_route=\/wp\/v2\/types\/post"}],"author":[{"embeddable":true,"href":"https:\/\/diariodominicano.com\/index.php?rest_route=\/wp\/v2\/users\/28"}],"replies":[{"embeddable":true,"href":"https:\/\/diariodominicano.com\/index.php?rest_route=%2Fwp%2Fv2%2Fcomments&post=367998"}],"version-history":[{"count":1,"href":"https:\/\/diariodominicano.com\/index.php?rest_route=\/wp\/v2\/posts\/367998\/revisions"}],"predecessor-version":[{"id":367999,"href":"https:\/\/diariodominicano.com\/index.php?rest_route=\/wp\/v2\/posts\/367998\/revisions\/367999"}],"wp:featuredmedia":[{"embeddable":true,"href":"https:\/\/diariodominicano.com\/index.php?rest_route=\/wp\/v2\/media\/268759"}],"wp:attachment":[{"href":"https:\/\/diariodominicano.com\/index.php?rest_route=%2Fwp%2Fv2%2Fmedia&parent=367998"}],"wp:term":[{"taxonomy":"category","embeddable":true,"href":"https:\/\/diariodominicano.com\/index.php?rest_route=%2Fwp%2Fv2%2Fcategories&post=367998"},{"taxonomy":"post_tag","embeddable":true,"href":"https:\/\/diariodominicano.com\/index.php?rest_route=%2Fwp%2Fv2%2Ftags&post=367998"}],"curies":[{"name":"wp","href":"https:\/\/api.w.org\/{rel}","templated":true}]}}