{"id":36799,"date":"2007-10-12T13:07:40","date_gmt":"2007-10-12T13:07:40","guid":{"rendered":"http:\/\/diariodominicano.ddns.net\/?p=36799"},"modified":"2007-10-12T13:07:40","modified_gmt":"2007-10-12T13:07:40","slug":"colombia-uribe-vs-coronell","status":"publish","type":"post","link":"https:\/\/diariodominicano.com\/?p=36799","title":{"rendered":"Colombia: Uribe Vs. Coronell"},"content":{"rendered":"<p><body><\/p>\n<p class=\"titulogrande1\">Colombia: Uribe Vs. Coronell<\/p>\n<p>&#13;<\/p>\n<p class=\"textogrande\">Simone Bruno<\/p>\n<p>&#13;<\/p>\n<p align=\"justify\" class=\"text1noticias\"><strong>ALAI AMLATINA, 11\/10\/07, Bogot\u00e1.-<\/strong> Cuando Daniel Coronell se  despert\u00f3 \u00a0anteayer por la ma\u00f1ana  probablemente se estaba alistando para recibir el \u00a0premio Sim\u00f3n Bol\u00edvar como mejor columnista  colombiano del a\u00f1o, de pronto \u00a0pensaba en  lo que se iba a poner para la ceremonia, tal vez se \u00a0ilusionaba que los d\u00edas en los que hab\u00eda  tenido que irse del pa\u00eds ya estaban lejanos. Por cierto, no se imaginaba que le esperaba  un debate de m\u00e1s de una hora con el presidente de la Rep\u00fablica, \u00c1lvaro Uribe  V\u00e9lez.<\/p>\n<p>&#13;<\/p>\n<p align=\"justify\" class=\"text1noticias\">Daniel es un periodista de la vieja escuela, con el gusto  por la investigaci\u00f3n, cosa que se vive en sus art\u00edculos, el gusto  por desenmascarar la corrupci\u00f3n y los comportamientos inmorales  de quien cumple cargos p\u00fablicos o de quien act\u00faa en el mundo de las  finanzas. Sus investigaciones son el resultado de un trabajo de grupo, con  el cual mantuvo contacto aun cuando tuvo que dejar el pa\u00eds. Hoy,  Daniel es probablemente el periodista m\u00e1s influyente y le\u00eddo en el  pa\u00eds, muchas veces el debate pol\u00edtico se encuentra en sus columnas.<\/p>\n<p>&#13;<\/p>\n<p align=\"justify\" class=\"text1noticias\">Fue \u00e9l quien cont\u00f3 por primera vez a los colombianos y al  mundo, sobre la presencia de algunos ex oficiales del ej\u00e9rcito israelita,  como Yair Klein, en el cartel de Medell\u00edn. Su tarea era entrenar a un  grupo de sicarios que despu\u00e9s, con el tiempo, se transformar\u00eda en el  ej\u00e9rcito paramilitar m\u00e1s sangriento y violento del continente.<\/p>\n<p>&#13;<\/p>\n<p align=\"justify\" class=\"text1noticias\">En 2002, fue el primero que habl\u00f3 de un helic\u00f3ptero del  padre del actual presidente encontrado en uno de los laboratorios de coca  descubierto m\u00e1s grandes.<\/p>\n<p>&#13;<\/p>\n<p align=\"justify\" class=\"text1noticias\">Noticias que dieron la vuelta al mundo y que le costaron muy  caro.<\/p>\n<p>&#13;<\/p>\n<p align=\"justify\" class=\"text1noticias\">La \u00faltima columna de Daniel se refiere a un texto escrito  por Virginia Vallejo: \u201cAmando a Pablo, odiando a Escobar\u201d. Virginia fue  una famosa presentadora de televisi\u00f3n en los \u201980, pero es m\u00e1s conocida  por haber sido la amante de Pablo Escobar.<\/p>\n<p>&#13;<\/p>\n<p align=\"justify\" class=\"text1noticias\">En el libro, la ex presentadora habla de la relaci\u00f3n entre  el jefe del cartel de Medell\u00edn y el actual presidente de la Rep\u00fablica, en ese tiempo director de la aeron\u00e1utica civil.<\/p>\n<p>&#13;<\/p>\n<p align=\"justify\" class=\"text1noticias\">El texto desencaden\u00f3 las iras presidenciales en contra de  Gonzalo Guillen, reportero en Colombia del Nuevo Herald. El  presidente lo acus\u00f3 de haber sido el \u201cghost writer\u201d del libro. Guillen, que ya  hab\u00eda recibido amenazas de muerte el mes de mayo pasado y por eso  viv\u00eda bajo protecci\u00f3n, neg\u00f3 las acusaciones sin fundamento del  presidente, pero, de <br \/>&#13;<br \/>\n  todas maneras, decidi\u00f3 dejar el pa\u00eds por su seguridad. La Fundaci\u00f3n por la   Libertad de Prensa (FLIP) confirm\u00f3 que el periodista dej\u00f3 el  pa\u00eds por el empeoramiento de su situaci\u00f3n de seguridad a causa de las  acusaciones del presidente.<\/p>\n<p>&#13;<\/p>\n<p align=\"justify\" class=\"text1noticias\">La columna de Daniel retoma el tema especificando que  existen pruebas de la relaci\u00f3n entre el actual presidente y el m\u00e1s grande  narcotraficante del mundo y que van mas all\u00e1 de lo que reporta en su libro  Virginia Vallejo.<\/p>\n<p>&#13;<\/p>\n<p align=\"justify\" class=\"text1noticias\">La investigaci\u00f3n llev\u00f3 Daniel a encontrar un art\u00edculo de  1983 publicado por el peri\u00f3dico de Medell\u00edn \u201cEl Mundo\u201d en lo cual se afirma  que: \u201cDesde Medell\u00edn hab\u00eda salido a las 6:45 un moderno helic\u00f3ptero de  propiedad de Pablo Escobar, al mando de Jaime Sandoval, con el prop\u00f3sito  de traer de urgencia a Santiago (Uribe) a esta ciudad para ser internado  en una cl\u00ednica. El permiso especial fue otorgado por la Aerocivil, a petici\u00f3n del ex director de esa dependencia y ex alcalde de Medell\u00edn,  \u00c1lvaro Uribe V\u00e9lez\u2026 Sin embargo, el helic\u00f3ptero no pudo aterrizar  en Yolomb\u00f3 por el mal tiempo y debi\u00f3 regresar anoche mismo al  aeropuerto Olaya Herrera\u2026 Uribe V\u00e9lez, de regreso en Medell\u00edn, en el propio  hangar, conoci\u00f3 la magnitud de los lamentables hechos\u2026\u00bb.<\/p>\n<p>&#13;<\/p>\n<p align=\"justify\" class=\"text1noticias\">Estos hechos se desarrollaron el d\u00eda en que el padre y  Santiago, el hermano del presidente Uribe, hab\u00edan sufrido un atentado.<\/p>\n<p>&#13;<\/p>\n<p align=\"justify\" class=\"text1noticias\">Esta vez la furia del presidente se dirigi\u00f3 en contra de  Daniel Coronell.<\/p>\n<p>&#13;<\/p>\n<p align=\"justify\" class=\"text1noticias\">En medio de una entrevista en RCN Radio el primer mandatario  colombiano pidi\u00f3 llamar a Daniel para un debate p\u00fablico. Los  periodistas los pusieron en comunicaci\u00f3n y el pa\u00eds tuvo que asistir a un  degradante espect\u00e1culo de 80 minutos en los cuales el presidente de la Rep\u00fablica insultaba a uno de los mejores periodistas de su pa\u00eds sin  responder a sus preguntas. \u201cUn di\u00e1logo entre sordos\u201d, argument\u00f3 Daniel  en medio del debate.<\/p>\n<p>&#13;<\/p>\n<p align=\"justify\" class=\"text1noticias\">El presidente, en cambio, fue mucho m\u00e1s all\u00e1, llegando a  afirmar: \u201cquien como usted es d\u00e9bil, suele confundir el temperamento con la  c\u00f3lera y yo tengo un temperamento muy fuerte\u201d. Esta es una de las tantas  frases que tuvo que digerir Daniel Coronell. Este comentario fue  acompa\u00f1ado por otros insultos como \u201cmiserable\u201d, repetido bastante  frecuentemente o: \u201cla \u00fanica cosa que hace usted es esconderse atr\u00e1s de sus  privilegios de periodista para herirme a m\u00ed con calumnias. Deje este  cinismo atr\u00e1s de su, entre comillas, \u00e9tica profesional\u201d.<\/p>\n<p>&#13;<\/p>\n<p align=\"justify\" class=\"text1noticias\">Adem\u00e1s de los ataques personales a Daniel, que hace poco  volvi\u00f3 al pa\u00eds, despu\u00e9s de haberlo dejado a toda prisa por una serie de  amenazas a su vida y a la de su familia, tuvo que escuchar al presidente  en directo declarar que: \u201custed se fue por cobard\u00eda, porque ac\u00e1 gozaba  de toda la protecci\u00f3n posible\u201d.<\/p>\n<p>&#13;<\/p>\n<p align=\"justify\" class=\"text1noticias\">La respuesta de Daniel fue: \u201cdespu\u00e9s de estos litigios  p\u00fablicos con usted, generalmente llegan las amenazas, como me pas\u00f3 a m\u00ed  en el 2002.\u201d<\/p>\n<p>&#13;<\/p>\n<p align=\"justify\" class=\"text1noticias\">O como pas\u00f3 en 2005, cuando las amenazas llegaron hasta la  familia de Daniel Coronell, amenazas que Daniel y su equipo rastrearon  y encontraron que se originaban en la computadora de un  personaje bastante cercano al presidente y a su familia, como nos cuenta en una  reciente entrevista.<\/p>\n<p>&#13;<\/p>\n<p align=\"justify\" class=\"text1noticias\">\u201c\u2026 aquella misma ma\u00f1ana recib\u00ed la mas aterradora de las  llamadas. Un hombre, al otro lado del tel\u00e9fono, me cont\u00f3 que mi hija  lleg\u00f3 a su colegio a las 7.30 con mi esposa y dos guardaespaldas:  \u201cestos dos son un chiste para nosotros \u2013 sigui\u00f3 el tipo \u2013 como que no quisiste  irte, hijo de puta, te las vamos a devolver en pedazos.<\/p>\n<p>&#13;<\/p>\n<p align=\"justify\" class=\"text1noticias\">\u201cMe las describieron en los m\u00ednimos detalles: c\u00f3mo estaba  vestida mi hija, hasta el gancho en el pelo.<\/p>\n<p>&#13;<\/p>\n<p align=\"justify\" class=\"text1noticias\">\u201cEn aquel tiempo ya hab\u00eda pedido ayuda a las autoridades y  en teor\u00eda pod\u00edan rastrear todas las llamadas. Pero no lo lograron.<\/p>\n<p>&#13;<\/p>\n<p align=\"justify\" class=\"text1noticias\">\u201cUnos d\u00edas despu\u00e9s, lleg\u00f3 una e-mail al abogado de nuestra  empresa, que tambi\u00e9n es columnista del peri\u00f3dico El Espectador. El correo  dec\u00eda: \u201cya ver\u00e1s lo que le va a pasar a Coronell esta semana o la  pr\u00f3xima\u201d.<\/p>\n<p>&#13;<\/p>\n<p align=\"justify\" class=\"text1noticias\">\u201cGracias a la ayuda de un inform\u00e1tico que trabaja con  nosotros empezamos a rastrear el correo. Todo por nuestra cuenta, sin ayuda de  las autoridades. La direcci\u00f3n IP del computador originario  estaba enmascarada, pero con un programa de e-mail cracker y de  network scan, todos muy simples que se bajan de Internet, hemos seguido  por 4 d\u00edas la falsa direcci\u00f3n de IP hasta que el domingo siguiente, a las  4 de la tarde, hemos recibido el \u201cbip\u201d que anunciaba que la  computadora desde donde enviaron las amenazas se hab\u00eda conectado.<\/p>\n<p>&#13;<\/p>\n<p align=\"justify\" class=\"text1noticias\">\u201cLa computadora pertenec\u00eda a un ex parlamentario, muy amigo  del presidente Uribe y de su familia, el se\u00f1or Carlos N\u00e1der  Simmonds, que ya estuvo preso en los EE.UU. con una condena de 3 a\u00f1os por  narcotr\u00e1fico en los \u201980. Ahora anfitri\u00f3n de muchos arist\u00f3cratas colombianos frecuentemente hu\u00e9spedes de su mansi\u00f3n en Espa\u00f1a, que se  encuentra muy cercana a la del jugador Beckham.<\/p>\n<p>&#13;<\/p>\n<p align=\"justify\" class=\"text1noticias\">\u201cYo no entend\u00eda que pod\u00eda querer de m\u00ed este se\u00f1or, porque  nunca lo hab\u00eda encontrado en mi vida. Con la ayuda de la redacci\u00f3n hemos  empezado a recolectar informaciones sobre \u00e9l.<\/p>\n<p>&#13;<\/p>\n<p align=\"justify\" class=\"text1noticias\">\u201cEl jueves siguiente ya ten\u00eda un dossier completo sobre  Carlos N\u00e1der y decid\u00ed escribir una columna en Semana denunci\u00e1ndolo. Aquel  mismo d\u00eda me fui a denunciarlo a las autoridades. Existe un peque\u00f1o  inciso en el c\u00f3digo penal colombiano que me permiti\u00f3 pedir el  allanamiento inmediato de su casa, porque el domingo la columna ya iba a ser  p\u00fablica y el hubiera podido destruir la pruebas.<\/p>\n<p>&#13;<\/p>\n<p align=\"justify\" class=\"text1noticias\">\u201cLa polic\u00eda encontr\u00f3 todas los e-mail en su computador con  la cuales me hab\u00eda amenazado. No obstante esto, Caros N\u00e1der sigue libre y  se defendi\u00f3 afirmando que mucha gente tenia acceso a su computador\u201d.  Incluidos los hijos del presidente Uribe.<\/p>\n<p>&#13;<\/p>\n<p align=\"justify\" class=\"text1noticias\">Es extremamente irresponsable de parte del presidente Uribe  exponer p\u00fablicamente a los periodistas que no hacen nada m\u00e1s que su  trabajo. <br \/>&#13;<br \/>\n  <br \/>&#13;<br \/>\n  Esto, en Colombia, es equivalente a poner un blanco en su  cabeza y en las de sus familias.<\/p>\n<p>&#13;<\/p>\n<p align=\"justify\" class=\"text1noticias\">&#8211; Simone Bruno es periodista italiano.<\/p>\n<p>&#13;<\/p>\n<h6> 2007-10-12 13:07:40 <\/h6>\n<p><!--\n<link rel=\"stylesheet\" href=\"css\/bootstrap.min.css\">\n\n\n<ul class=\"pagination\">\n\t    \n\t\n\n<li >\n\t<a href='?page_no=12625'>Previous<\/a>\n\t<\/li>\n\n\n       \n    \n\n<li><a href='?page_no=1'>1<\/a><\/li>\n\n\n\n<li><a href='?page_no=2'>2<\/a><\/li>\n\n\n\n<li><a>...<\/a><\/li>\n\n\n\n<li><a href='?page_no=12624'>12624<\/a><\/li>\n\n\n\n<li><a href='?page_no=12625'>12625<\/a><\/li>\n\n\n\n<li class='active'><a>12626<\/a><\/li>\n\n\n\n<li><a href='?page_no=12627'>12627<\/a><\/li>\n\n\n\n<li><a href='?page_no=12628'>12628<\/a><\/li>\n\n\n\n<li><a>...<\/a><\/li>\n\n\n\n<li><a href='?page_no=13611'>13611<\/a><\/li>\n\n\n\n<li><a href='?page_no=13612'>13612<\/a><\/li>\n\n    \n\t\n\n<li >\n\t<a href='?page_no=12627'>Next<\/a>\n\t<\/li>\n\n\n    \n\n<li><a href='?page_no=13612'>Last &rsaquo;&rsaquo;<\/a><\/li>\n\n<\/ul>\n\n\n--><br \/>\n<\/body><\/p>\n","protected":false},"excerpt":{"rendered":"<p>Colombia: Uribe Vs. Coronell &#13; Simone Bruno &#13; ALAI AMLATINA, 11\/10\/07, Bogot\u00e1.- Cuando Daniel Coronell se despert\u00f3 \u00a0anteayer por la ma\u00f1ana probablemente se estaba alistando para recibir el \u00a0premio Sim\u00f3n Bol\u00edvar como mejor columnista colombiano del a\u00f1o, de pronto \u00a0pensaba en lo que se iba a poner para la ceremonia, tal vez se \u00a0ilusionaba que [&hellip;]<\/p>\n","protected":false},"author":3,"featured_media":0,"comment_status":"open","ping_status":"open","sticky":false,"template":"","format":"standard","meta":{"footnotes":""},"categories":[16],"tags":[],"class_list":["post-36799","post","type-post","status-publish","format-standard","hentry","category-opiniones"],"_links":{"self":[{"href":"https:\/\/diariodominicano.com\/index.php?rest_route=\/wp\/v2\/posts\/36799","targetHints":{"allow":["GET"]}}],"collection":[{"href":"https:\/\/diariodominicano.com\/index.php?rest_route=\/wp\/v2\/posts"}],"about":[{"href":"https:\/\/diariodominicano.com\/index.php?rest_route=\/wp\/v2\/types\/post"}],"author":[{"embeddable":true,"href":"https:\/\/diariodominicano.com\/index.php?rest_route=\/wp\/v2\/users\/3"}],"replies":[{"embeddable":true,"href":"https:\/\/diariodominicano.com\/index.php?rest_route=%2Fwp%2Fv2%2Fcomments&post=36799"}],"version-history":[{"count":0,"href":"https:\/\/diariodominicano.com\/index.php?rest_route=\/wp\/v2\/posts\/36799\/revisions"}],"wp:attachment":[{"href":"https:\/\/diariodominicano.com\/index.php?rest_route=%2Fwp%2Fv2%2Fmedia&parent=36799"}],"wp:term":[{"taxonomy":"category","embeddable":true,"href":"https:\/\/diariodominicano.com\/index.php?rest_route=%2Fwp%2Fv2%2Fcategories&post=36799"},{"taxonomy":"post_tag","embeddable":true,"href":"https:\/\/diariodominicano.com\/index.php?rest_route=%2Fwp%2Fv2%2Ftags&post=36799"}],"curies":[{"name":"wp","href":"https:\/\/api.w.org\/{rel}","templated":true}]}}