{"id":36794,"date":"2007-10-16T16:48:08","date_gmt":"2007-10-16T16:48:08","guid":{"rendered":"http:\/\/diariodominicano.ddns.net\/?p=36794"},"modified":"2007-10-16T16:48:08","modified_gmt":"2007-10-16T16:48:08","slug":"el-mirador-55","status":"publish","type":"post","link":"https:\/\/diariodominicano.com\/?p=36794","title":{"rendered":"EL MIRADOR"},"content":{"rendered":"<p><body><\/p>\n<p align=\"justify\" class=\"text1noticias\"><strong>EL MIRADOR<\/strong><br \/>&#13;<br \/>\n  <br \/>&#13;<br \/>\n\u00abJabladores\u201d<\/p>\n<p>&#13;<\/p>\n<p align=\"justify\" class=\"text1noticias\">Los santiagueros y santiagueras dicen ahora que con el\u00a0 reporte de\u00a0  perredeistas del PRD-PPH acerca de \u00a0la visita del presidente Leonel Fern\u00e1ndez a la  ciudad del Yaque, es decir, los compa\u00f1eros\u00a0  que pusieron a correr la versi\u00f3n \u00a0con tremenda mentira para tratar de restarle  impacto al acontecimiento, se consagraron como los m\u00e1s \u201cjabladores\u201d del pa\u00eds.  En Santiago, la gente de los sectores populares y el campo, cuando\u00a0 califica a alguien\u00a0 de mentiroso que crea mentiras, \u00a0gusta llamarlo \u201cJablador\u201d. \u00a0De manera, que cuando dice \u201cjabladores\u201d,  quiere significar que se refiere \u00a0mentirosos sin l\u00edmites.\u00a0 En las tertulias santiagueras \u00a0de \u00a0lo  que se habla es del encanto de Leonel,\u00a0  pues sus movimientos cayeron\u00a0 bien  hasta a una parte de sus adversarios, pues sostienen \u00a0\u00a0\u00a0\u00a0\u00a0 que vieron a un presidente sencillo y respetuoso de la persona  humana. Tambi\u00e9n quedaron impresionados e impresionadas por los detalles en los  contactos personales.\u00a0 Los m\u00e1s locuaces  dicen que Leonel es un hombre que conoce y por eso ama y cree en los  dominicanos y dominicanas.<\/p>\n<p>&#13;<\/p>\n<p align=\"justify\" class=\"text1noticias\">Lo que pesa<\/p>\n<p>&#13;<\/p>\n<p align=\"justify\" class=\"text1noticias\">Algunos perredeistas de Santiago han llamado la atenci\u00f3n de que  los compa\u00f1eros que pusieron a correr la mentira para tratar de restar  importancia a la movilizaci\u00f3n que motiv\u00f3 el candidato presidencial del PLD, en  Santiago,\u00a0 el doctor Leonel Fern\u00e1ndez, lo  habr\u00edan hecho \u00a0con el prop\u00f3sito de ganar  ascenso pol\u00edtico en el equipo de \u00a0campa\u00f1a  de Vargas Maldonado, pero a esta ahora entienden que est\u00e1n en una situaci\u00f3n  dif\u00edcil, porque sus palabras se fueron al suelo desde que los jefes pol\u00edticos  vieron el v\u00eddeo con la cobertura de Leonel en Santiago. Nadie niega que  moviliz\u00f3 a Santiago y por el \u00e1nimo de la poblaci\u00f3n parec\u00eda que Leonel cerraba  su campa\u00f1a electoral. Lo ocurrido fue impresionante. <br \/>&#13;<br \/>\n  <br \/>&#13;<br \/>\nAhora la angustia toma  espacio, pues si lo de Santiago fue para comenzar, qu\u00e9 vendr\u00e1 luego?\u00a0 Si es otro rugir del Le\u00f3n, se puede  comprender el estado de \u00e1nimo de los compa\u00f1eros.<\/p>\n<p>&#13;<\/p>\n<p align=\"justify\" class=\"text1noticias\">No sube<\/p>\n<p>&#13;<\/p>\n<p align=\"justify\" class=\"text1noticias\">Las informaciones\u00a0 de encuestas  que se han hecho en el pa\u00eds durante los \u00faltimos tres meses tienen preocupados a  una parte de los perredeistas. No encuentran una explicaci\u00f3n a la realidad de  que su candidato presidencial no crece. La \u00faltima que circula entre pol\u00edticos  indica que Leonel Fern\u00e1ndez ha subido a 54 por ciento en la preferencia electoral,  Miguel Vargas Maldonado ha bajado de 35 a 32 y Amable Aristy tiene 6 por  ciento. <\/p>\n<p>&#13;<\/p>\n<p align=\"justify\" class=\"text1noticias\">Cambio de estrategia<\/p>\n<p>&#13;<\/p>\n<p align=\"justify\" class=\"text1noticias\">El comportamiento en la preferencia electoral es lo que  habr\u00eda determinado un cambio en la estrategia del candidato presidencial del  PRD. De una estrategia que planteaba confrontaci\u00f3n permanente al Gobierno, como  la definieron\u00a0 en m\u00faltiples  ocasiones\u00a0 Ram\u00f3n Alburquerque y Orlando  Jorge, el ingeniero Miguel Vargas Maldonado se pone en otra posici\u00f3n. A\u00fan est\u00e1  presente que apoy\u00f3 la convocatoria a paro general del Foro Social Alternativo,  la cual no logr\u00f3 su objetivo, y el presidente del PRD y su secretario General  hab\u00edan advertido que har\u00edan una oposici\u00f3n como un clavito que permanecer\u00eda en  el zapato derecho del presidente Fern\u00e1ndez. Algunos del equipo piensan que esa  forma de ver el rol de una oposici\u00f3n que quiere ser Gobierno no llega lejos y  contrariamente puede provocar rechazo en la poblaci\u00f3n. No faltan los que ya  dicen que por llevarse de Ram\u00f3n, Orlandito y los asesores econ\u00f3micos, Miguel no  sube en la preferencia de los electores. Afirman que eso es lo que explica que  el candidato presidencial tratando de hacer olvidar \u00a0su posici\u00f3n favorable a provocar la  confrontaci\u00f3n con el candidato presidencial del PLD, ahora cambie sus palabras\u00a0 y le anuncie al pa\u00eds que su campa\u00f1a ahora no  estar\u00e1 basada en ataques, sino en una propuesta de un candidato que no  incumplir\u00eda lo que promete si es favorecido con el voto popular. Quienes hablan  del asunto no resisten\u00a0 decir que la nave  del candidato se mueve sin rumbo. S\u00f3lo eso explica que se cambien las  posiciones con tanta rapidez y que se asuman posiciones irreflexivas. Lo malo  de la pol\u00edtica es que no se puede hacer\u00a0  s\u00f3lo con palabras. La gente conoce a sus pol\u00edticos por sus hechos. <\/p>\n<p>&#13;<\/p>\n<h6> 2007-10-16 16:48:08 <\/h6>\n<p><!--\n<link rel=\"stylesheet\" href=\"css\/bootstrap.min.css\">\n\n\n<ul class=\"pagination\">\n\t    \n\t\n\n<li >\n\t<a href='?page_no=12620'>Previous<\/a>\n\t<\/li>\n\n\n       \n    \n\n<li><a href='?page_no=1'>1<\/a><\/li>\n\n\n\n<li><a href='?page_no=2'>2<\/a><\/li>\n\n\n\n<li><a>...<\/a><\/li>\n\n\n\n<li><a href='?page_no=12619'>12619<\/a><\/li>\n\n\n\n<li><a href='?page_no=12620'>12620<\/a><\/li>\n\n\n\n<li class='active'><a>12621<\/a><\/li>\n\n\n\n<li><a href='?page_no=12622'>12622<\/a><\/li>\n\n\n\n<li><a href='?page_no=12623'>12623<\/a><\/li>\n\n\n\n<li><a>...<\/a><\/li>\n\n\n\n<li><a href='?page_no=13611'>13611<\/a><\/li>\n\n\n\n<li><a href='?page_no=13612'>13612<\/a><\/li>\n\n    \n\t\n\n<li >\n\t<a href='?page_no=12622'>Next<\/a>\n\t<\/li>\n\n\n    \n\n<li><a href='?page_no=13612'>Last &rsaquo;&rsaquo;<\/a><\/li>\n\n<\/ul>\n\n\n--><br \/>\n<\/body><\/p>\n","protected":false},"excerpt":{"rendered":"<p>EL MIRADOR&#13; &#13; \u00abJabladores\u201d &#13; Los santiagueros y santiagueras dicen ahora que con el\u00a0 reporte de\u00a0 perredeistas del PRD-PPH acerca de \u00a0la visita del presidente Leonel Fern\u00e1ndez a la ciudad del Yaque, es decir, los compa\u00f1eros\u00a0 que pusieron a correr la versi\u00f3n \u00a0con tremenda mentira para tratar de restarle impacto al acontecimiento, se consagraron como [&hellip;]<\/p>\n","protected":false},"author":3,"featured_media":0,"comment_status":"open","ping_status":"open","sticky":false,"template":"","format":"standard","meta":{"footnotes":""},"categories":[16],"tags":[],"class_list":["post-36794","post","type-post","status-publish","format-standard","hentry","category-opiniones"],"_links":{"self":[{"href":"https:\/\/diariodominicano.com\/index.php?rest_route=\/wp\/v2\/posts\/36794","targetHints":{"allow":["GET"]}}],"collection":[{"href":"https:\/\/diariodominicano.com\/index.php?rest_route=\/wp\/v2\/posts"}],"about":[{"href":"https:\/\/diariodominicano.com\/index.php?rest_route=\/wp\/v2\/types\/post"}],"author":[{"embeddable":true,"href":"https:\/\/diariodominicano.com\/index.php?rest_route=\/wp\/v2\/users\/3"}],"replies":[{"embeddable":true,"href":"https:\/\/diariodominicano.com\/index.php?rest_route=%2Fwp%2Fv2%2Fcomments&post=36794"}],"version-history":[{"count":0,"href":"https:\/\/diariodominicano.com\/index.php?rest_route=\/wp\/v2\/posts\/36794\/revisions"}],"wp:attachment":[{"href":"https:\/\/diariodominicano.com\/index.php?rest_route=%2Fwp%2Fv2%2Fmedia&parent=36794"}],"wp:term":[{"taxonomy":"category","embeddable":true,"href":"https:\/\/diariodominicano.com\/index.php?rest_route=%2Fwp%2Fv2%2Fcategories&post=36794"},{"taxonomy":"post_tag","embeddable":true,"href":"https:\/\/diariodominicano.com\/index.php?rest_route=%2Fwp%2Fv2%2Ftags&post=36794"}],"curies":[{"name":"wp","href":"https:\/\/api.w.org\/{rel}","templated":true}]}}