{"id":36784,"date":"2007-10-19T15:41:41","date_gmt":"2007-10-19T15:41:41","guid":{"rendered":"http:\/\/diariodominicano.ddns.net\/?p=36784"},"modified":"2007-10-19T15:41:41","modified_gmt":"2007-10-19T15:41:41","slug":"el-tiro-rapido-326","status":"publish","type":"post","link":"https:\/\/diariodominicano.com\/?p=36784","title":{"rendered":"EL TIRO RAPIDO"},"content":{"rendered":"<p><body><\/p>\n<p><span class=\"titulogrande1\">EL TIRO RAPIDO<\/span><br \/>&#13;<br \/>\n  <br \/>&#13;<br \/>\n    <strong>de<\/strong><br \/>&#13;<br \/>\n  <br \/>&#13;<br \/>\n  <span class=\"textogrande\">Mario  Rivadulla<\/span><\/p>\n<p>&#13;<\/p>\n<p align=\"justify\" class=\"text1noticias\">Est\u00e0bamos fuera del pa\u00ecs cuando al ex vicepresidente  norteamericano Al Gore le fue concedido muy merecidamente el Premio N\u00f2bel por  su tesonera campa\u00f1a en contra del calentamiento global y en defensa del medio  ambiente.<\/p>\n<p>&#13;<\/p>\n<p align=\"justify\" class=\"text1noticias\">Muchos dominicanos han tenido  la oportunidad de ver, a trav\u00e8s de los canales de la televisi\u00f3n por cable o  alquil\u00e1ndolo en las tiendas de video, el excelente largometraje sobre el tema  realizado por el se\u00f1or Gore.\u00a0 En \u00e8l, por  cierto, se menciona a la Rep\u00f9blica Dominicana.\u00a0 <\/p>\n<p>&#13;<\/p>\n<p align=\"justify\" class=\"text1noticias\">Contrario a lo que pudiera  pensarse el empleo de expresiones excesivamente t\u00e8cnicas para enfocar el tema,  el lenguaje y los recursos visuales utilizados en el mismo resultan en extremo  amenos y f\u00e1cilmente comprensibles sin disminuir por ello el impacto del  dram\u00e1tico mensaje que contiene.\u00a0 No en  balde la exigente Academia de Cine de Hollywood lo premi\u00f2 con dos Oscares.<\/p>\n<p>&#13;<\/p>\n<p align=\"justify\" class=\"text1noticias\">La concesi\u00f3n de los Oscares  primero y del Premio N\u00f2bel ahora en un ambiente m\u00e0s formal, da idea no solo de  la importancia del trabajo que ha venido llevando a cabo el se\u00f1or Gore sino  tambi\u00e8n de que no ha arado en el mar.\u00a0  Por el contrario, es una demostraci\u00f3n de la creciente preocupaci\u00f2n que  se observa en torno al tema del calentamiento del planeta, cuyos efectos ya se  est\u00e0n dejando sentir de una manera muy palpable a trav\u00e8s de los cambios  clim\u00e1ticos que se han venido registrando de unos a\u00f1os a esta parte, as\u00ec como de  fen\u00f3menos catastr\u00f3ficos que reputados cient\u00edficos atribuyen al mismo.<\/p>\n<p>&#13;<\/p>\n<p align=\"justify\" class=\"text1noticias\">El caso es que la campa\u00f1a del  ex presidente norteamericano no est\u00e0 revestida solo de un contenido \u00e8tico ni es  fruto de una simple inquietud intelectual.\u00a0  Es toda una clarinada de alerta sobre los riesgos que entra\u00f1an para el  planeta y la vida humana las agresiones acumuladas de que hemos hecho y  seguimos haciendo v\u00ecctima a la Naturaleza.<\/p>\n<p>&#13;<\/p>\n<p align=\"justify\" class=\"text1noticias\">De la explotaci\u00f3n desmedida y  erosionante de la tierra,\u00a0 la depredaci\u00f2n  de los bosques, el empobrecimiento y desaparici\u00f3n de los r\u00ecos,\u00a0 los desechos y emanaciones venenosas con que  seguimos contaminando la atm\u00f3sfera,\u00a0 la  carencia en muchos casos de las necesarias relaciones armoniosas entre el  desarrollo econ\u00f2mico acelerado y la preservaci\u00f3n de los insustituibles recursos  naturales.\u00a0\u00a0 <\/p>\n<p>&#13;<\/p>\n<p align=\"justify\" class=\"text1noticias\">Es un fen\u00f3meno mundial.\u00a0 Pero tambi\u00e8n es una cruda realidad local,  donde todav\u00eca no hemos cobrado una cabal conciencia de la importancia del tema  y seguimos hu\u00e9rfanos de una cultura colectiva que se traduzca en permanente  compromiso de celoso cuidado y dedicado enriquecimiento de nuestro h\u00e1bitat.<\/p>\n<p>&#13;<\/p>\n<p align=\"justify\" class=\"text1noticias\">Son muchos los r\u00ecos que han  desaparecido de nuestra ficha geogr\u00e1fica.\u00a0  Se llega a afirmar que su n\u00f9mero lleg\u00f2 a sobrepasar la cifra de  cuatrocientos en apenas el pasado siglo.\u00a0  Y aunque el inventario forestal ha salido mejor librado apenas se  mantiene en su l\u00ecmite de normalidad m\u00e0s bajo.\u00a0 <\/p>\n<p>&#13;<\/p>\n<p align=\"justify\" class=\"text1noticias\">La mayor\u00eca de los dominicanos  ignora que este pedazo de tierra nuestro est\u00e0 considerado por las Naciones  Unidas como el de m\u00e0s rica biodiversidad en toda el \u00e0rea del Caribe, con m\u00e0s de  trece mil especies de plantas nativas.\u00a0 Y  que \u00e8ste es un valioso tesoro natural que debemos conservar.\u00a0 Tambi\u00e8n que muchas especies marinas,  inapreciable reserva alimentaria,\u00a0 han  desaparecido o est\u00e0n a punto de ello debido a la captura indiscriminada e  irresponsable de que son objeto. <\/p>\n<p>&#13;<\/p>\n<p align=\"justify\" class=\"text1noticias\">Es hora de que reaccionemos.\u00a0 No basta con exigirle al gobierno que defina  una pol\u00edtica de defensa del medio ambiente, ni a la Secretar\u00eca del ramo a que  la ejecute con criterio estricto como meta de la m\u00e0s elevada prioridad  nacional.\u00a0 Tenemos cada ciudadano que  convertirnos en celosos vigilantes del patrimonio con que nos ha regalado la  Naturaleza.<\/p>\n<p>&#13;<\/p>\n<p align=\"justify\" class=\"text1noticias\">Es una labor de concientizaci\u00f2n  que hay que comenzar desde temprano y desde abajo. De ah\u00ec que hayamos propuesto  y volvamos a insistir en la conveniencia de invitar a Al Gore al pa\u00ecs para que  su presencia y su mensaje de dimensi\u00f2n universal, sirvan de detonante a esta  campa\u00f1a, y que el gobierno con el respaldo del sector privado,\u00a0 trate de negociar a costo accesible los  derechos para su largometraje como material did\u00e0ctico en liceos y universidades. <\/p>\n<p>&#13;<\/p>\n<p align=\"justify\" class=\"text1noticias\">De seguro \u00e8sta ser\u00e0 una  excelente inversi\u00f2n para el pa\u00ecs, tan importante como atraer inversiones para  financiar los necesarios proyectos de energ\u00eca alternativa que debimos haber  comenzado tres d\u00e8cadas atr\u00e0s si la previsi\u00f2n fuera una de las cualidades distintivas  de nuestros gobiernos y de la propia sociedad.\u00a0 <\/p>\n<p>&#13;<\/p>\n<h6> 2007-10-19 15:41:41 <\/h6>\n<p><!--\n<link rel=\"stylesheet\" href=\"css\/bootstrap.min.css\">\n\n\n<ul class=\"pagination\">\n\t    \n\t\n\n<li >\n\t<a href='?page_no=12611'>Previous<\/a>\n\t<\/li>\n\n\n       \n    \n\n<li><a href='?page_no=1'>1<\/a><\/li>\n\n\n\n<li><a href='?page_no=2'>2<\/a><\/li>\n\n\n\n<li><a>...<\/a><\/li>\n\n\n\n<li><a href='?page_no=12610'>12610<\/a><\/li>\n\n\n\n<li><a href='?page_no=12611'>12611<\/a><\/li>\n\n\n\n<li class='active'><a>12612<\/a><\/li>\n\n\n\n<li><a href='?page_no=12613'>12613<\/a><\/li>\n\n\n\n<li><a href='?page_no=12614'>12614<\/a><\/li>\n\n\n\n<li><a>...<\/a><\/li>\n\n\n\n<li><a href='?page_no=13611'>13611<\/a><\/li>\n\n\n\n<li><a href='?page_no=13612'>13612<\/a><\/li>\n\n    \n\t\n\n<li >\n\t<a href='?page_no=12613'>Next<\/a>\n\t<\/li>\n\n\n    \n\n<li><a href='?page_no=13612'>Last &rsaquo;&rsaquo;<\/a><\/li>\n\n<\/ul>\n\n\n--><br \/>\n<\/body><\/p>\n","protected":false},"excerpt":{"rendered":"<p>EL TIRO RAPIDO&#13; &#13; de&#13; &#13; Mario Rivadulla &#13; Est\u00e0bamos fuera del pa\u00ecs cuando al ex vicepresidente norteamericano Al Gore le fue concedido muy merecidamente el Premio N\u00f2bel por su tesonera campa\u00f1a en contra del calentamiento global y en defensa del medio ambiente. &#13; Muchos dominicanos han tenido la oportunidad de ver, a trav\u00e8s de [&hellip;]<\/p>\n","protected":false},"author":3,"featured_media":0,"comment_status":"open","ping_status":"open","sticky":false,"template":"","format":"standard","meta":{"footnotes":""},"categories":[16],"tags":[],"class_list":["post-36784","post","type-post","status-publish","format-standard","hentry","category-opiniones"],"_links":{"self":[{"href":"https:\/\/diariodominicano.com\/index.php?rest_route=\/wp\/v2\/posts\/36784","targetHints":{"allow":["GET"]}}],"collection":[{"href":"https:\/\/diariodominicano.com\/index.php?rest_route=\/wp\/v2\/posts"}],"about":[{"href":"https:\/\/diariodominicano.com\/index.php?rest_route=\/wp\/v2\/types\/post"}],"author":[{"embeddable":true,"href":"https:\/\/diariodominicano.com\/index.php?rest_route=\/wp\/v2\/users\/3"}],"replies":[{"embeddable":true,"href":"https:\/\/diariodominicano.com\/index.php?rest_route=%2Fwp%2Fv2%2Fcomments&post=36784"}],"version-history":[{"count":0,"href":"https:\/\/diariodominicano.com\/index.php?rest_route=\/wp\/v2\/posts\/36784\/revisions"}],"wp:attachment":[{"href":"https:\/\/diariodominicano.com\/index.php?rest_route=%2Fwp%2Fv2%2Fmedia&parent=36784"}],"wp:term":[{"taxonomy":"category","embeddable":true,"href":"https:\/\/diariodominicano.com\/index.php?rest_route=%2Fwp%2Fv2%2Fcategories&post=36784"},{"taxonomy":"post_tag","embeddable":true,"href":"https:\/\/diariodominicano.com\/index.php?rest_route=%2Fwp%2Fv2%2Ftags&post=36784"}],"curies":[{"name":"wp","href":"https:\/\/api.w.org\/{rel}","templated":true}]}}