{"id":36783,"date":"2007-10-19T15:46:20","date_gmt":"2007-10-19T15:46:20","guid":{"rendered":"http:\/\/diariodominicano.ddns.net\/?p=36783"},"modified":"2007-10-19T15:46:20","modified_gmt":"2007-10-19T15:46:20","slug":"las-principales-en-teledebate-26","status":"publish","type":"post","link":"https:\/\/diariodominicano.com\/?p=36783","title":{"rendered":"LAS PRINCIPALES EN TELEDEBATE"},"content":{"rendered":"<p><body><\/p>\n<p><span class=\"titulogrande1\">LAS PRINCIPALES EN TELEDEBATE<\/span><br \/>&#13;<br \/>\n  <br \/>&#13;<br \/>\n    <span class=\"textogrande\">Mi\u00e9rcoles  17,10,07<\/span><\/p>\n<p>&#13;<\/p>\n<p align=\"justify\" class=\"text1noticias\"><strong>POR SEGUNDA OCASI\u00d3N.<\/strong> Por nueva vez el pa\u00ecs fracas\u00f2 en  conseguir un puesto en el Consejo de Seguridad de las Naciones Unidas.\u00a0 La vez anterior fue bajo el gobierno de  Hip\u00f3lito Mej\u00eca y nos cost\u00f2 un agrio enfrentamiento con la embajadora de M\u00e8xico,  que al final se solucion\u00f2 en el curso de un almuerzo de la diplom\u00e1tica y el no  menos entonces canciller Hugo Tolentino.<\/p>\n<p>&#13;<\/p>\n<p align=\"justify\" class=\"text1noticias\"><strong>\u00bfQU\u00c9 TAN DIFICIL ES? <\/strong>Y sigue la  controversia en torno a la alegada venta de parte de las dunas de Ban\u00ec por  parte del ayuntamiento de esa ciudad a una empresa privada que construir\u00eca un  hotel. El cabildo insiste en que no se trata de un \u00e0rea reservada sino de un  terreno que es de su\u00a0 propiedad.\u00a0 Uno se pregunta si cuesta tanto trabajo  definir si se trata de un \u00e0rea reservada o de libre disposici\u00f2n de la  municipalidad.<\/p>\n<p>&#13;<\/p>\n<p align=\"justify\" class=\"text1noticias\"><strong>\u00bfCU\u00c1NTO COSTARA PETROCARIBE EN  EL 2008?<\/strong> Seg\u00f9n se ha filtrado el pr\u00f2ximo presupuesto montaria a la  impresionante cifra de 274 mil millones de pesos. Se tiene entendido que las  dependencias m\u00e0s favorecidas con sustanciosos aumentos ser\u00ecan Educaci\u00f3n, Salud  P\u00f9blica, Justicia, la Junta Central Electoral, Agricultura, el Gasto Social y  la Inversi\u00f2n P\u00f9blica. Ser\u00eca bueno conocer a cu\u00e0nto ascender\u00e0 el primer pago a  Venezuela por el pr\u00e9stamo de Petrocaribe.<\/p>\n<p>&#13;<\/p>\n<p align=\"justify\" class=\"text1noticias\"><strong>UN RAZONABLE EQUILIBRIO.\u00a0 <\/strong>El economista Gustavo Volmar advierte con  much\u00edsima raz\u00f3n que de mantenerse el actual bajisimo nivel de intereses  bancarios pudiera desincentivar el ahorro interno. Cierto que tampoco pueden  volver a ocupar el alt\u00edsimo escal\u00f2n en que se encontraban y que hac\u00eca  inaccesibles muchas operaciones de cr\u00e8dito.\u00a0  Pero hay que armonizar ambos factores a fin de buscar un razonable  equilibrio.<\/p>\n<p>&#13;<\/p>\n<p align=\"justify\" class=\"text1noticias\"><strong>CENTROS DE FORMACION  IDEOLOGICA.\u00a0<\/strong> La Sociedad Interamericana  de Prensa en su Asamblea General advierte sobre el cierre de Radio Caracas  Televisi\u00f3n por Hugo Ch\u00e0vez, como un claro atentado a la libertad de expresi\u00f2n.  No es el primero ni ser\u00e0 el \u00f9nico.\u00a0 Pero  igualmente peligrosa la obligaci\u00f3n impuesta a los colegios privados para que  propaguen la doctrina econ\u00f3mica de su gobierno convirti\u00e9ndose as\u00ec en centros de  formaci\u00f2n ideol\u00f3gica.<\/p>\n<p>&#13;<\/p>\n<p align=\"justify\" class=\"text1noticias\"><strong>LUIS QUINN: SU MEMORIA  PERDURARA EN SU OBRA.\u00a0<\/strong> Ocoa se prepara  para recibir en duelo total los restos del padre Luis Quinn, fallecido en d\u00ecas  recientes en la ciudad de Miami donde hab\u00eca sido operado de coraz\u00f3n  abierto.\u00a0 La memoria del padre Quinn  perdurar\u00e0 por siempre entre los ocoe\u00f1os a mejorar cuya calidad de vida dedic\u00f2  por entero la propia. <br \/>&#13;<br \/>\n  <br \/>&#13;<br \/>\nCanadiense de origen am\u00f2 esta tierra tanto como el m\u00e0s  dominicano.\u00a0 Paz a sus restos, gloria a  su nombre y ejemplo.<\/p>\n<p>&#13;<\/p>\n<p align=\"justify\" class=\"text1noticias\"><strong>QUE NO SE SALGA DE CAUCE.<\/strong> El  debate sobre el Reglamento elaborado por la Junta Central Electoral debe ser  promovido como un ejercicio constructivo que hay que procurar no se salga de  cauce. No debe olvidarse que lo que est\u00e0 a revisi\u00f3n es ese texto y no la  actuaci\u00f3n de los magistrados del alto tribunal, que es de esperar acojan y  ponderen las objeciones que se le han venido haciendo al mismo.<\/p>\n<p>&#13;<\/p>\n<p align=\"justify\" class=\"text1noticias\"><strong>CON TAL QUE SE CUMPLA.<\/strong> Bien la  disposici\u00f2n de que todo producto elaborado localmente o que ingrese al pa\u00ecs  debe tener su etiquetado en Espa\u00f1ol de tal modo que el consumidor sepa qu\u00e8 es  lo que realmente est\u00e0 adquiriendo y pueda identificar los componentes del  mismo.\u00a0<br \/>&#13;<br \/>\n  <br \/> &#13;<br \/>\nAhora bien, hay que procurar que  la disposici\u00f2n se cumpla a diferencia de lo que ha venido ocurriendo con el  peso como signo monetario cuyo empleo en muchos casos se reemplaza ilegal e  indebidamente por moneda extranjera principalmente el d\u00f2lar. \u00a1Ah, y que sea en  letra legible y sin que sea necesario leerla con lupa!<\/p>\n<p>&#13;<\/p>\n<p align=\"justify\" class=\"text1noticias\"><strong>ADP VS. EDUCACION.\u00a0 <\/strong>La Asociaci\u00f3n Dominicana de Profesores y la  Secretar\u00eca de Educaci\u00f3n entran en controversia, lo que no tiene nada de raro,  esta vez en la Regional de Santiago.Mientras el gremio profesoral afirma que  hay numerosos alumnos que est\u00e0n recibiendo clases en las condiciones m\u00e0s  precarias sin butacas, pupitres ni condiciones did\u00e1cticas, las autoridades  educativas tachan sus declaraciones de pol\u00edticas. ADP versus Educaci\u00f2n.\u00a0 \u00bfPor qu\u00e8 ser\u00e0 que uno tiene la sensaci\u00f2n de  ser una pel\u00eccula ya vista muchas veces?<\/p>\n<p>&#13;<\/p>\n<p align=\"justify\" class=\"text1noticias\"><strong>E\u2019PA\u2019 RRIBA QUE VA. <\/strong>Y el  petr\u00f3leo e\u2019pa\u2019 arriba que va.\u00a0 Ayer  sobrepas\u00f2 los 88 d\u00f2lares para terminar la jornada por encima de 86,  estableciendo nuevos r\u00e8cords.\u00a0 La meta  parece ser llevar el precio hasta 100 d\u00f2lares el barril, como pronostic\u00f2 y  aboga el Presidente de Venezuela Hugo Ch\u00e0vez.\u00a0\u00a0  Ni qu\u00e8 decir los perjuicios que el alza representa para la econom\u00eca  nacional en sentido general y para la de cada ciudadano en particular y la  urgente necesidad de abocarnos a inmediatas normas de ahorro que ojal\u00e0 no sean  politizadas.<\/p>\n<p>&#13;<\/p>\n<p align=\"justify\" class=\"text1noticias\"><strong>TRAIGAMOS A GORE.\u00a0 <\/strong>Ahora que Al Gore ha sido merecidamente  galardonado con el Premio N\u00f2bel por su tesonera y advertidora campa\u00f1a contra el  calentamiento global y en defensa del medio ambiente, es de esperar que la misma  cobre nuevos br\u00edos.\u00a0 Por nuestra parte,  insistimos en la conveniencia de invitarlo al pa\u00ecs y negociar los derechos de  autor para llevar a todos los liceos y universidades como material curricular  el excelente e interesante largometraje que realiz\u00f2 sobre el tema y que gan\u00f2  dos Oscares de la Academia. <\/p>\n<p>&#13;<\/p>\n<h6> 2007-10-19 15:46:20 <\/h6>\n<p><!--\n<link rel=\"stylesheet\" href=\"css\/bootstrap.min.css\">\n\n\n<ul class=\"pagination\">\n\t    \n\t\n\n<li >\n\t<a href='?page_no=12610'>Previous<\/a>\n\t<\/li>\n\n\n       \n    \n\n<li><a href='?page_no=1'>1<\/a><\/li>\n\n\n\n<li><a href='?page_no=2'>2<\/a><\/li>\n\n\n\n<li><a>...<\/a><\/li>\n\n\n\n<li><a href='?page_no=12609'>12609<\/a><\/li>\n\n\n\n<li><a href='?page_no=12610'>12610<\/a><\/li>\n\n\n\n<li class='active'><a>12611<\/a><\/li>\n\n\n\n<li><a href='?page_no=12612'>12612<\/a><\/li>\n\n\n\n<li><a href='?page_no=12613'>12613<\/a><\/li>\n\n\n\n<li><a>...<\/a><\/li>\n\n\n\n<li><a href='?page_no=13611'>13611<\/a><\/li>\n\n\n\n<li><a href='?page_no=13612'>13612<\/a><\/li>\n\n    \n\t\n\n<li >\n\t<a href='?page_no=12612'>Next<\/a>\n\t<\/li>\n\n\n    \n\n<li><a href='?page_no=13612'>Last &rsaquo;&rsaquo;<\/a><\/li>\n\n<\/ul>\n\n\n--><br \/>\n<\/body><\/p>\n","protected":false},"excerpt":{"rendered":"<p>LAS PRINCIPALES EN TELEDEBATE&#13; &#13; Mi\u00e9rcoles 17,10,07 &#13; POR SEGUNDA OCASI\u00d3N. Por nueva vez el pa\u00ecs fracas\u00f2 en conseguir un puesto en el Consejo de Seguridad de las Naciones Unidas.\u00a0 La vez anterior fue bajo el gobierno de Hip\u00f3lito Mej\u00eca y nos cost\u00f2 un agrio enfrentamiento con la embajadora de M\u00e8xico, que al final se [&hellip;]<\/p>\n","protected":false},"author":3,"featured_media":0,"comment_status":"open","ping_status":"open","sticky":false,"template":"","format":"standard","meta":{"footnotes":""},"categories":[16],"tags":[],"class_list":["post-36783","post","type-post","status-publish","format-standard","hentry","category-opiniones"],"_links":{"self":[{"href":"https:\/\/diariodominicano.com\/index.php?rest_route=\/wp\/v2\/posts\/36783","targetHints":{"allow":["GET"]}}],"collection":[{"href":"https:\/\/diariodominicano.com\/index.php?rest_route=\/wp\/v2\/posts"}],"about":[{"href":"https:\/\/diariodominicano.com\/index.php?rest_route=\/wp\/v2\/types\/post"}],"author":[{"embeddable":true,"href":"https:\/\/diariodominicano.com\/index.php?rest_route=\/wp\/v2\/users\/3"}],"replies":[{"embeddable":true,"href":"https:\/\/diariodominicano.com\/index.php?rest_route=%2Fwp%2Fv2%2Fcomments&post=36783"}],"version-history":[{"count":0,"href":"https:\/\/diariodominicano.com\/index.php?rest_route=\/wp\/v2\/posts\/36783\/revisions"}],"wp:attachment":[{"href":"https:\/\/diariodominicano.com\/index.php?rest_route=%2Fwp%2Fv2%2Fmedia&parent=36783"}],"wp:term":[{"taxonomy":"category","embeddable":true,"href":"https:\/\/diariodominicano.com\/index.php?rest_route=%2Fwp%2Fv2%2Fcategories&post=36783"},{"taxonomy":"post_tag","embeddable":true,"href":"https:\/\/diariodominicano.com\/index.php?rest_route=%2Fwp%2Fv2%2Ftags&post=36783"}],"curies":[{"name":"wp","href":"https:\/\/api.w.org\/{rel}","templated":true}]}}