{"id":36776,"date":"2007-10-22T19:26:07","date_gmt":"2007-10-22T19:26:07","guid":{"rendered":"http:\/\/diariodominicano.ddns.net\/?p=36776"},"modified":"2007-10-22T19:26:07","modified_gmt":"2007-10-22T19:26:07","slug":"el-mirador-51","status":"publish","type":"post","link":"https:\/\/diariodominicano.com\/?p=36776","title":{"rendered":"EL MIRADOR"},"content":{"rendered":"<p><body><\/p>\n<p align=\"justify\"><strong>EL MIRADOR<br \/>&#13;<br \/>\n    <span class=\"text1noticias\"><br \/>&#13;<br \/>\n  <\/span><\/strong><span class=\"text1noticias\"><strong><img loading=\"lazy\" decoding=\"async\" src=\"http:\/\/10.0.0.82:8080\/pictures\/el mirador.jpg\" width=\"269\" height=\"1254\" hspace=\"4\" align=\"left\" \/>Un poquito m\u00e1s Presidente<\/strong><\/span><\/p>\n<p>&#13;<\/p>\n<p align=\"justify\" class=\"text1noticias\">El acto que celebr\u00f3 la Federaci\u00f3n Dominicana de Comerciantes, con  ocasi\u00f3n del 33 aniversario de su fundaci\u00f3n y el d\u00eda del Comercio, permiti\u00f3  sentir el optimismo que expresan sus miembros por el comportamiento de la  econom\u00eda. El presidente Leonel Fern\u00e1ndez\u00a0  fue el orador invitado. Consider\u00f3 \u00a0que el bienestar que proclaman los sectores  comerciales del pa\u00eds, es fruto del control inflacionario, la estabilidad del  peso, la reducci\u00f3n de las tasas de inter\u00e9s y el acceso al cr\u00e9dito; todo ello en  un clima de recuperaci\u00f3n de la confianza y la sostenibilidad del crecimiento.  Acogiendo las palabras del presidente de la Federaci\u00f3n Nacional  de Comerciantes, Gilberto Luna, el candidato presidencial del PLD destac\u00f3 que  ese sector ha incrementado sus actividades en un 35 por ciento durante los  \u00faltimos tres a\u00f1os. <br \/>&#13;<br \/>\n  <br \/>&#13;<br \/>\nCuando se refiri\u00f3 al dato de inmediato fue corregido, pues  don Jos\u00e9 Luis (Pepin) Corripio y don Mario Lama, dos figuras que marcan la vida  comercial del pa\u00eds, le precisaron al Jefe del Estado y candidato presidencial  que el crecimiento ha sido mayor de 35 por ciento.<\/p>\n<p>&#13;<\/p>\n<p align=\"justify\" class=\"text1noticias\"><strong>Leonel cumple<\/strong><\/p>\n<p>&#13;<\/p>\n<p align=\"justify\" class=\"text1noticias\">Al recordar a los comerciantes su \u00a0propuesta de campa\u00f1a de 2004 con la que  retorn\u00f3 a la presidencia de la   Rep\u00fablica, Leonel Fern\u00e1ndez resalt\u00f3 \u00a0que el reto planteado en ese momento fue  superar la situaci\u00f3n de crisis econ\u00f3mica y financiera que hab\u00eda vivido el pa\u00eds  en el cuatrienio anterior, el Gobierno del PRD-PPH. <br \/>&#13;<br \/>\n  <br \/>&#13;<br \/>\n  Ah\u00ed Gilberto Luna,  presidente del Frente Nacional de Comerciantes opin\u00f3 \u00a0que la baja tasa de inter\u00e9s, la estable  cotizaci\u00f3n del d\u00f3lar, entre otras acciones, permiten que los precios de los  productos de la canasta b\u00e1sica se reduzcan en m\u00e1s de un 30 por ciento. \u00a0\u00abAntes \u00e9ramos llamados la casa del  terror, hoy tenemos tantas opciones y variedades de productos que es un relax  ir al supermercado, donde nuestro cereal principal, el arroz, tiene m\u00e1s de ocho  tipo diferentes\u00bb. Al escucharlo una parte de la concurrencia expres\u00f3 en  voz baja eso es verdad. <br \/>&#13;<br \/>\n  <br \/>&#13;<br \/>\n  El presidente Fern\u00e1ndez llam\u00f3 la atenci\u00f3n que la  estabilidad alcanzada por el pa\u00eds tiene mucha significaci\u00f3n para el bienestar y  el progreso de la econom\u00eda local lo que ha sido el compromiso de su gobierno. <br \/>&#13;<br \/>\n  <br \/>&#13;<br \/>\n\u00abNuestro  compromiso ha sido ese, lograr que nuestra econom\u00eda sea estable, que haya  confianza por parte de los distintos sectores econ\u00f3micos lo que contribuye a  una reactivaci\u00f3n del crecimiento y que eso sea la fuente para el\u00a0  bienestar de toda la sociedad dominicana\u00bb\u2026\u201dYo pienso que eso lo hemos  logrado.\u00a0\u00a0 El objetivo fundamental para  el cual fuimos electos se ha logrado: la crisis econ\u00f3mica y financiera se ha  venido superando, incluso con mayor celeridad de lo que se hab\u00eda cre\u00eddo en los  momentos iniciales de asumir el mandato\u00bb. <\/p>\n<p>&#13;<\/p>\n<p align=\"justify\" class=\"text1noticias\"><strong>Para anotar<\/strong><\/p>\n<p>&#13;<\/p>\n<p align=\"justify\" class=\"text1noticias\"> Los comerciantes presentes que reaccionaron lo hicieron para dejar  constancia de que comparten la opini\u00f3n del presidente de la Rep\u00fablica y  Candidato presidencial del PLD. \u201cEs el presidente de la recuperaci\u00f3n y la  estabilidad\u201d.<br \/>&#13;<br \/>\n  <br \/> &#13;<br \/>\nGiovanni Leiva, presidente del Frente Nacional de Detallistas de  Provisiones, felicit\u00f3 al presidente Fern\u00e1ndez por encaminar la econom\u00eda  dominicana por senderos de progreso y desarrollo, al tiempo de calificar al  sector detallista como \u00abel o\u00eddo del pueblo\u00bb. Y Ferm\u00edn Troncoso,  presidente del Frente Nacional de Detallistas y Provisiones de Santo Domingo,  agradeci\u00f3 la estabilidad propiciada por las presentes autoridades, considerando  que sus establecimientos marchan de manera promisoria\u00a0 y sin sobresaltos. En ese instante las  expresiones de satisfacci\u00f3n dominaron el acto de los hombres y mujeres del  comercio.<\/p>\n<p>&#13;<\/p>\n<p align=\"justify\" class=\"text1noticias\"><strong>\u00a1Dios nos libre de mal\u201d<\/strong><\/p>\n<p>&#13;<\/p>\n<p align=\"justify\" class=\"text1noticias\">Esa fue la expresi\u00f3n de una dama que se espant\u00f3 cuando abri\u00f3 el  diario Hoy de la fecha y en su p\u00e1gina 3 encontr\u00f3 titulares de \u00a0noticias que publicaron los peri\u00f3dicos en  2003. Aparece uno en el diario Hoy del 23 de octubre de 2003, de una  declaraci\u00f3n del presidente del Conep, Marino Ginebra, con el t\u00edtulo \u201cSector  Privado pierde unos 400 mil empleos\u201d. Hoy 2 de abril de 2001: \u201cFerreteros se  sienten asfixiados\u201d, Ultima Hora, 6 de septiembre de 2002: \u201cEl desempleo  aumenta las ventas ambulantes\u201d. El Caribe del 4 de septiembre de 2003, destaca  en uno de sus titulares: \u201cEn siete meses se perdieron 64 mil 520 empleos en el  pa\u00eds\u201d. Resalta que \u201cla cifra supera la p\u00e9rdida de puestos ocupacionales del a\u00f1o  2002 completo\u201d. En List\u00edn Diario, del 18 de junio de 2003, hay un t\u00edtulo que  dice: \u201cPor impuestos, las ventas de las ferreter\u00edas caen en 50 por ciento\u201d. Al  final el PLD ofrece el dato: \u201cEn la gesti\u00f3n de Miguel Vargas Maldonado como  secretario de Obras P\u00fablicas el crecimiento anual acumulado en la construcci\u00f3n  fue negativo en un 15 por ciento\u201d. Los titulares recuerdan un per\u00edodo dif\u00edcil  para el pa\u00eds y permiten establecer que en la administraci\u00f3n del PRD, 2000-2004,  se perdieron empleos de manera sostenida. Cada a\u00f1o m\u00e1s dominicanos y  dominicanas perdieron sus ocupaciones. Viendo el cuadro desde ese \u00e1ngulo y,  tomando en cuenta que la presente administraci\u00f3n\u00a0 del presidente Fern\u00e1ndez ha logrado crear m\u00e1s  de 115\u00a0 mil empleos por a\u00f1o, se entiende  por qu\u00e9 la dama cuando abri\u00f3 el peri\u00f3dico en la ma\u00f1ana exclam\u00f3: <strong>\u00a1Dios nos libre de mal! <\/strong><\/p>\n<p>&#13;<\/p>\n<p align=\"justify\" class=\"text1noticias\"><strong>Guardan a Andy<\/strong><\/p>\n<p>&#13;<\/p>\n<p align=\"justify\" class=\"text1noticias\">Cuando se ven los titulares de 2001, 2002 y 2003, se puede  comprender por qu\u00e9 ahora hasta en el c\u00edrculo del candidato presidencial del  PRD, Miguel Vargas Maldonado, hay compa\u00f1eros \u00a0que no quieren ver a Andy Dauhajre\u00a0 cerca. Vargas Maldonado lo llev\u00f3 a Estados  Unidos, pero cuando comenzaron las reacciones, \u00a0hicieron esfuerzos por ponerlo en bajo perfil  y en los boletines de la Direcci\u00f3n de Comunicaciones del PRD, no se menciona el  nombre del economista asesor. Andy ha estado con el Candidato, pero sin prensa.  Varios dirigentes del PRD sostienen el criterio de que Andy pesa.\u00a0 <\/p>\n<p>&#13;<\/p>\n<p align=\"justify\" class=\"text1noticias\"><strong>La Carta de Soto<\/strong> <\/p>\n<p>&#13;<\/p>\n<p align=\"justify\" class=\"text1noticias\">Unos amigos de San Jos\u00e9 de  Ocoa,\u00a0 estallaron en risa cuando el  presidente Hip\u00f3lito Mej\u00eda sugiri\u00f3 que un ex militar sea sacado de un spot del  PLD. Reaccionaron de esa manera porque recordaron que sus guardias met\u00edan miedo  con su Plan B, el general Zorrilla Ozuna,\u00a0distribu\u00eda papeletas a los compa\u00f1eros y\u00a0  el almirante Uribe Peguero, con sus discursos\u00a0 proselitistas. A su juicio, eso no lo permite  el presidente Leonel Fern\u00e1ndez. Otro se tom\u00f3 el cuidado de citar el siguiente  p\u00e1rrafo de la carta del ex secretario de las Fuerzas Armadas, Jos\u00e9 Miguel Soto  Jim\u00e9nez \u00a0al ex presidente Mej\u00eda:<br \/>&#13;<br \/>\n  <br \/>&#13;<br \/>\n\u201cCuando le advert\u00ed de ciertas  pr\u00e1cticas impropias en este campo, por parte de ciertos jefes militares, usted  siempre me dijo, mencionando sus nombres, que esas eran exhibiciones  politiqueras de los que me quer\u00edan tumbar del puesto, y yo le dije que, de  todas formas, hab\u00eda que corregir la anomal\u00eda frente a un periodo comicial. Por  eso emit\u00ed varios memorandos respecto a la delicada cuesti\u00f3n, y pareci\u00f3 entonces  que me apoy\u00f3 en todo de forma efectiva, para bien de la democracia, a pesar de  que me enter\u00e9 que ciertos generales comandantes de brigada fueron llamados a su  despacho por su edec\u00e1n para que supuestamente no\u00a0 cumplieran mis \u00f3rdenes  el d\u00eda de las elecciones del 2004, por estar yo \u201cdudoso\u201d, y esos oficiales  fueron a darme la novedad, en apego de una conciencia institucional, ajena a  esos asomos de \u201cconchoprimismo\u201d irreflexivo y barato. <br \/>&#13;<br \/>\n<br \/>&#13;<br \/>\nNo obstante, me qued\u00e9 siempre con la impronta del Hip\u00f3lito Mej\u00eda que forj\u00e9 en  mi admiraci\u00f3n, y eso era lo que en realidad conven\u00eda a todos, frente a los  desaguisados de los descerebrados que no encontraron apoyo en unos militares en  su mayor\u00eda\u00a0\u00a0 comprometidos con la democracia.<br \/>&#13;<br \/>\n<br \/>&#13;<br \/>\n\u201cEn cuanto al ladrido de su  jaur\u00eda oportunista, sabe usted que no me asusta, ni me intimida, ni me  perturba. No soy hombre que se amilana ni que se preocupa con las nimiedades y  amagos de esos banderilleros de patio.\u00a0 Sabe bien que conozco tanto como  usted esas cornetas y cornetines que andan con guardaespaldas numerosos y sus  miedos, y s\u00e9 lo que piensa usted tambi\u00e9n de ellos, porque me lo ha dicho a m\u00ed  en presencia de otros, retratando sus individualidades mediocres con ese  indudable toque de agudeza que posee para pincelar a veces la liviana raza de  los seres de un d\u00eda\u201d. Que la carta de Soto Jim\u00e9nez se cite en Ocoa, da una idea  de que aqu\u00ed la gente no es desmemoriada como piensan los cuadros  econ\u00f3micos\u00a0 y pol\u00edticos del PRD-PPH.\u00a0 \u00bfPara que se tiene una jaur\u00eda si los  ejemplares no van a feria?<\/p>\n<p>&#13;<\/p>\n<h6> 2007-10-22 19:26:07 <\/h6>\n<p><!--\n<link rel=\"stylesheet\" href=\"css\/bootstrap.min.css\">\n\n\n<ul class=\"pagination\">\n\t    \n\t\n\n<li >\n\t<a href='?page_no=12604'>Previous<\/a>\n\t<\/li>\n\n\n       \n    \n\n<li><a href='?page_no=1'>1<\/a><\/li>\n\n\n\n<li><a href='?page_no=2'>2<\/a><\/li>\n\n\n\n<li><a>...<\/a><\/li>\n\n\n\n<li><a href='?page_no=12603'>12603<\/a><\/li>\n\n\n\n<li><a href='?page_no=12604'>12604<\/a><\/li>\n\n\n\n<li class='active'><a>12605<\/a><\/li>\n\n\n\n<li><a href='?page_no=12606'>12606<\/a><\/li>\n\n\n\n<li><a href='?page_no=12607'>12607<\/a><\/li>\n\n\n\n<li><a>...<\/a><\/li>\n\n\n\n<li><a href='?page_no=13611'>13611<\/a><\/li>\n\n\n\n<li><a href='?page_no=13612'>13612<\/a><\/li>\n\n    \n\t\n\n<li >\n\t<a href='?page_no=12606'>Next<\/a>\n\t<\/li>\n\n\n    \n\n<li><a href='?page_no=13612'>Last &rsaquo;&rsaquo;<\/a><\/li>\n\n<\/ul>\n\n\n--><br \/>\n<\/body><\/p>\n","protected":false},"excerpt":{"rendered":"<p>EL MIRADOR&#13; &#13; Un poquito m\u00e1s Presidente &#13; El acto que celebr\u00f3 la Federaci\u00f3n Dominicana de Comerciantes, con ocasi\u00f3n del 33 aniversario de su fundaci\u00f3n y el d\u00eda del Comercio, permiti\u00f3 sentir el optimismo que expresan sus miembros por el comportamiento de la econom\u00eda. El presidente Leonel Fern\u00e1ndez\u00a0 fue el orador invitado. Consider\u00f3 \u00a0que el [&hellip;]<\/p>\n","protected":false},"author":3,"featured_media":0,"comment_status":"open","ping_status":"open","sticky":false,"template":"","format":"standard","meta":{"footnotes":""},"categories":[16],"tags":[],"class_list":["post-36776","post","type-post","status-publish","format-standard","hentry","category-opiniones"],"_links":{"self":[{"href":"https:\/\/diariodominicano.com\/index.php?rest_route=\/wp\/v2\/posts\/36776","targetHints":{"allow":["GET"]}}],"collection":[{"href":"https:\/\/diariodominicano.com\/index.php?rest_route=\/wp\/v2\/posts"}],"about":[{"href":"https:\/\/diariodominicano.com\/index.php?rest_route=\/wp\/v2\/types\/post"}],"author":[{"embeddable":true,"href":"https:\/\/diariodominicano.com\/index.php?rest_route=\/wp\/v2\/users\/3"}],"replies":[{"embeddable":true,"href":"https:\/\/diariodominicano.com\/index.php?rest_route=%2Fwp%2Fv2%2Fcomments&post=36776"}],"version-history":[{"count":0,"href":"https:\/\/diariodominicano.com\/index.php?rest_route=\/wp\/v2\/posts\/36776\/revisions"}],"wp:attachment":[{"href":"https:\/\/diariodominicano.com\/index.php?rest_route=%2Fwp%2Fv2%2Fmedia&parent=36776"}],"wp:term":[{"taxonomy":"category","embeddable":true,"href":"https:\/\/diariodominicano.com\/index.php?rest_route=%2Fwp%2Fv2%2Fcategories&post=36776"},{"taxonomy":"post_tag","embeddable":true,"href":"https:\/\/diariodominicano.com\/index.php?rest_route=%2Fwp%2Fv2%2Ftags&post=36776"}],"curies":[{"name":"wp","href":"https:\/\/api.w.org\/{rel}","templated":true}]}}