{"id":367687,"date":"2022-07-11T00:00:45","date_gmt":"2022-07-11T04:00:45","guid":{"rendered":"http:\/\/diariodominicano.com\/?p=367687"},"modified":"2022-07-11T16:05:23","modified_gmt":"2022-07-11T20:05:23","slug":"duarte-llega-a-puerto-plata-5","status":"publish","type":"post","link":"https:\/\/diariodominicano.com\/?p=367687","title":{"rendered":"Duarte llega a Puerto Plata"},"content":{"rendered":"\n<p>Por HTN<\/p>\n\n\n\n<p>Diariodominicano.com<\/p>\n\n\n\n<p>PUERTO PLATA,&nbsp; el 11 de julio de 1844, el pr\u00f3cer Juan Pablo Duarte, en su recorrido por el Cibao, lleg\u00f3 a Puerto Plata.<\/p>\n\n\n\n<p>&nbsp;&nbsp;&nbsp; Al llegar a la ciudad del Atl\u00e1ntico fue recibido por personalidades de esa comunidad.<\/p>\n\n\n\n<p>&nbsp;&nbsp; En ese momento se desarrollaba un movimiento que dirig\u00eda el pr\u00f3cer Mat\u00edas Ram\u00f3n Mella, para proclamar a Juan Pablo&nbsp; Duarte, Presidente de la Rep\u00fablica.<\/p>\n","protected":false},"excerpt":{"rendered":"<p>Por HTN Diariodominicano.com PUERTO PLATA,&nbsp; el 11 de julio de 1844, el pr\u00f3cer Juan Pablo Duarte, en su recorrido por el Cibao, lleg\u00f3 a Puerto Plata. &nbsp;&nbsp;&nbsp; Al llegar a la ciudad del Atl\u00e1ntico fue recibido por personalidades de esa comunidad. &nbsp;&nbsp; En ese momento se desarrollaba un movimiento que dirig\u00eda el pr\u00f3cer Mat\u00edas Ram\u00f3n [&hellip;]<\/p>\n","protected":false},"author":28,"featured_media":0,"comment_status":"closed","ping_status":"","sticky":true,"template":"","format":"standard","meta":{"footnotes":""},"categories":[26,27],"tags":[],"class_list":["post-367687","post","type-post","status-publish","format-standard","hentry","category-efemerides","category-portada"],"_links":{"self":[{"href":"https:\/\/diariodominicano.com\/index.php?rest_route=\/wp\/v2\/posts\/367687","targetHints":{"allow":["GET"]}}],"collection":[{"href":"https:\/\/diariodominicano.com\/index.php?rest_route=\/wp\/v2\/posts"}],"about":[{"href":"https:\/\/diariodominicano.com\/index.php?rest_route=\/wp\/v2\/types\/post"}],"author":[{"embeddable":true,"href":"https:\/\/diariodominicano.com\/index.php?rest_route=\/wp\/v2\/users\/28"}],"replies":[{"embeddable":true,"href":"https:\/\/diariodominicano.com\/index.php?rest_route=%2Fwp%2Fv2%2Fcomments&post=367687"}],"version-history":[{"count":4,"href":"https:\/\/diariodominicano.com\/index.php?rest_route=\/wp\/v2\/posts\/367687\/revisions"}],"predecessor-version":[{"id":367865,"href":"https:\/\/diariodominicano.com\/index.php?rest_route=\/wp\/v2\/posts\/367687\/revisions\/367865"}],"wp:attachment":[{"href":"https:\/\/diariodominicano.com\/index.php?rest_route=%2Fwp%2Fv2%2Fmedia&parent=367687"}],"wp:term":[{"taxonomy":"category","embeddable":true,"href":"https:\/\/diariodominicano.com\/index.php?rest_route=%2Fwp%2Fv2%2Fcategories&post=367687"},{"taxonomy":"post_tag","embeddable":true,"href":"https:\/\/diariodominicano.com\/index.php?rest_route=%2Fwp%2Fv2%2Ftags&post=367687"}],"curies":[{"name":"wp","href":"https:\/\/api.w.org\/{rel}","templated":true}]}}