{"id":367679,"date":"2022-07-10T23:55:08","date_gmt":"2022-07-11T03:55:08","guid":{"rendered":"http:\/\/diariodominicano.com\/?p=367679"},"modified":"2022-07-11T00:07:42","modified_gmt":"2022-07-11T04:07:42","slug":"diego-colon-sustituye-a-nicolas-de-ovando-en-la-gobernacion-de-santo-domingo-2","status":"publish","type":"post","link":"https:\/\/diariodominicano.com\/?p=367679","title":{"rendered":"Diego Col\u00f3n sustituye a Nicol\u00e1s de Ovando en la Gobernaci\u00f3n de Santo Domingo"},"content":{"rendered":"\n<figure class=\"wp-block-image size-full\"><img loading=\"lazy\" decoding=\"async\" width=\"181\" height=\"260\" src=\"https:\/\/diariodominicano.com\/wp-content\/uploads\/2022\/07\/Nicolas-de-Ovando00.jpg\" alt=\"\" class=\"wp-image-367682\"\/><figcaption>Nicol\u00e1s de Ovando<\/figcaption><\/figure>\n\n\n\n<p>Por HTN<\/p>\n\n\n\n<p>Diariodominicano.com<\/p>\n\n\n\n<p>SANTO DOMINGO, el 11 de julio de 1509, lleg\u00f3 a la colonia espa\u00f1ola de Santo Domingo, el nuevo gobernador, Diego Col\u00f3n, nombrado por la corona en sustituci\u00f3n de Nicol\u00e1s de Ovando.<\/p>\n\n\n\n<p>&nbsp;&nbsp; En el momento que lleg\u00f3 a la ciudad Santo Domingo se afrontaban dificultades para conseguir mano de obra, porque la poblaci\u00f3n aborigen estaba diezmada por las enfermedades y los maltratos de los colonizadores.<\/p>\n\n\n\n<p>&nbsp;&nbsp;&nbsp; Un censo de 1508, estableci\u00f3 que s\u00f3lo quedaban 60 mil abor\u00edgenes de alrededor de 400 mil que hab\u00eda cuando Crist\u00f3bal Col\u00f3n y su comitiva llegaron a la isla de Santo Domingo, el 5 de diciembre de 1492.<\/p>\n\n\n\n<p>&nbsp;&nbsp;&nbsp; El 11 de julio de 1509, cuando Diego Col\u00f3n sustituy\u00f3 a Nicol\u00e1s de Ovando,&nbsp; la atenci\u00f3n de los habitantes de la Espa\u00f1ola se centraba&nbsp; en la manera de conseguir nativos&nbsp; para obligarlos a trabajar en las minas.<\/p>\n\n\n\n<p>&nbsp;&nbsp;&nbsp; &nbsp;&nbsp;&nbsp;&nbsp;&nbsp; En cambio, los que ten\u00edan abor\u00edgenes se las arreglaban para evitar que el Gobernador se los quitara y se los entregara a otros propietarios.<\/p>\n\n\n\n<p>&nbsp;&nbsp;&nbsp; &nbsp;&nbsp;&nbsp;&nbsp;&nbsp; Diego Col\u00f3n, en cambio se dedic\u00f3 a hacer valer, en su provecho,&nbsp; los privilegios que correspond\u00edan a su padre Crist\u00f3bal Col\u00f3n, en virtud de las Capitulaciones de Santa Fe, lo que enfrent\u00f3 su administraci\u00f3n con&nbsp; la Monarqu\u00eda Espa\u00f1ola y los colonos de Santo Domingo.<\/p>\n\n\n\n<p>&nbsp;&nbsp;&nbsp; En el a\u00f1o 1508,&nbsp; la Monarqu\u00eda, como medida preventiva, ante la sospecha de que Diego Col\u00f3n tratara de obrar conforme sus intereses personales, design\u00f3 a Miguel de Pasamonte, como Tesorero General de las Indias, a fin de que sirviera de elemento de control en la administraci\u00f3n de los intereses reales.<\/p>\n\n\n\n<p>&nbsp;&nbsp;&nbsp; &nbsp;&nbsp;&nbsp;&nbsp;&nbsp; El historiador Frank Moya Pons, en su obra Manual de Historia Dominicana, novena edici\u00f3n actualizada, anota que las pugnas que surgieron, mayormente por la apropiaci\u00f3n y posesi\u00f3n de los abor\u00edgenes, terminaron enemistando&nbsp; a Diego Col\u00f3n con los m\u00e1s importantes encomenderos y colonos que ve\u00edan en el Gobernador una amenaza para sus intereses y los de la Monarqu\u00eda, que no perd\u00eda de vista que el hijo de Crist\u00f3bal Col\u00f3n, actuaba como un encomendero y no como el representante de la Corona.<\/p>\n\n\n\n<p>&nbsp;&nbsp; &nbsp;&nbsp;&nbsp;&nbsp;&nbsp;&nbsp; Las acciones del Gobernador Diego Col\u00f3n motivaron que Espa\u00f1a creara un tribunal de apelaci\u00f3n para que las decisiones del funcionario&nbsp; no fuesen absolutas y los agraviados, a quienes el Gobernador les quitara los ind\u00edgenas pudieran apelar a otra instancia para modificar las decisiones.<\/p>\n\n\n\n<p>&nbsp;&nbsp; &nbsp;&nbsp;&nbsp;&nbsp;&nbsp;&nbsp; En consecuencia, el tribunal denominado Real Audiencia, se convirti\u00f3 en un mecanismo para controlar el poder del Gobernador Diego Col\u00f3n.<\/p>\n","protected":false},"excerpt":{"rendered":"<p>Por HTN Diariodominicano.com SANTO DOMINGO, el 11 de julio de 1509, lleg\u00f3 a la colonia espa\u00f1ola de Santo Domingo, el nuevo gobernador, Diego Col\u00f3n, nombrado por la corona en sustituci\u00f3n de Nicol\u00e1s de Ovando. &nbsp;&nbsp; En el momento que lleg\u00f3 a la ciudad Santo Domingo se afrontaban dificultades para conseguir mano de obra, porque la [&hellip;]<\/p>\n","protected":false},"author":28,"featured_media":367680,"comment_status":"closed","ping_status":"","sticky":true,"template":"","format":"standard","meta":{"footnotes":""},"categories":[26,27],"tags":[],"class_list":["post-367679","post","type-post","status-publish","format-standard","has-post-thumbnail","hentry","category-efemerides","category-portada"],"_links":{"self":[{"href":"https:\/\/diariodominicano.com\/index.php?rest_route=\/wp\/v2\/posts\/367679","targetHints":{"allow":["GET"]}}],"collection":[{"href":"https:\/\/diariodominicano.com\/index.php?rest_route=\/wp\/v2\/posts"}],"about":[{"href":"https:\/\/diariodominicano.com\/index.php?rest_route=\/wp\/v2\/types\/post"}],"author":[{"embeddable":true,"href":"https:\/\/diariodominicano.com\/index.php?rest_route=\/wp\/v2\/users\/28"}],"replies":[{"embeddable":true,"href":"https:\/\/diariodominicano.com\/index.php?rest_route=%2Fwp%2Fv2%2Fcomments&post=367679"}],"version-history":[{"count":3,"href":"https:\/\/diariodominicano.com\/index.php?rest_route=\/wp\/v2\/posts\/367679\/revisions"}],"predecessor-version":[{"id":367695,"href":"https:\/\/diariodominicano.com\/index.php?rest_route=\/wp\/v2\/posts\/367679\/revisions\/367695"}],"wp:featuredmedia":[{"embeddable":true,"href":"https:\/\/diariodominicano.com\/index.php?rest_route=\/wp\/v2\/media\/367680"}],"wp:attachment":[{"href":"https:\/\/diariodominicano.com\/index.php?rest_route=%2Fwp%2Fv2%2Fmedia&parent=367679"}],"wp:term":[{"taxonomy":"category","embeddable":true,"href":"https:\/\/diariodominicano.com\/index.php?rest_route=%2Fwp%2Fv2%2Fcategories&post=367679"},{"taxonomy":"post_tag","embeddable":true,"href":"https:\/\/diariodominicano.com\/index.php?rest_route=%2Fwp%2Fv2%2Ftags&post=367679"}],"curies":[{"name":"wp","href":"https:\/\/api.w.org\/{rel}","templated":true}]}}