{"id":36767,"date":"2007-10-25T13:23:56","date_gmt":"2007-10-25T13:23:56","guid":{"rendered":"http:\/\/diariodominicano.ddns.net\/?p=36767"},"modified":"2007-10-25T13:23:56","modified_gmt":"2007-10-25T13:23:56","slug":"como-derechizar-a-un-izquierdista","status":"publish","type":"post","link":"https:\/\/diariodominicano.com\/?p=36767","title":{"rendered":"C\u00f3mo derechizar a un izquierdista"},"content":{"rendered":"<p><body><\/p>\n<h2 class=\"titulogrande1\">C\u00f3mo derechizar a un izquierdista<\/h2>\n<p>&#13;<\/p>\n<h3><a href=\"http:\/\/alainet.org\/active\/show_author.phtml?autor_apellido=Betto&amp;autor_nombre=Frei\" class=\"textogrande\">Frei  Betto<\/a><\/h3>\n<p>&#13;<\/p>\n<p align=\"justify\" class=\"text1noticias\">Ser de izquierda es, desde que esa clasificaci\u00f3n surgi\u00f3 con la Revoluci\u00f3n Francesa,  optar por los pobres, indignarse ante la exclusi\u00f3n social, inconformarse con  toda forma de injusticia o, como dec\u00eda Bobbio, considerar una aberraci\u00f3n la  desigualdad social.<br \/>&#13;<br \/>\n  <br \/>&#13;<br \/>\n  Ser de derechas es tolerar injusticias, considerar los imperativos del mercado  por encima de los derechos humanos, encarar la pobreza como tacha incurable,  creer que existen personas y pueblos intr\u00ednsecamente superiores a los dem\u00e1s.<br \/>&#13;<br \/>\n  <br \/>&#13;<br \/>\n  Ser izquierdista -patolog\u00eda diagnosticada por Lenin como \u2018enfermedad infantil  del comunismo\u2019- es quedar enfrentado al poder burgu\u00e9s hasta llegar a formar  parte del mismo.<br \/>&#13;<br \/>\n  <br \/> &#13;<br \/>\n  El izquierdista es un fundamentalista en su propia causa.  Encarna todos los esquemas religiosos propios de los fundamentalistas de la fe.  Se llena la boca con dogmas y venera a un l\u00edder. Si el l\u00edder estornuda, \u00e9l aplaude;  si llora, \u00e9l se entristece; si cambia de opini\u00f3n, \u00e9l r\u00e1pidamente analiza la  coyuntura para tratar de demostrar que en la actual correlaci\u00f3n de fuerzas\u2026<br \/>&#13;<br \/>\n  <br \/>&#13;<br \/>\n  El izquierdista adora las categor\u00edas acad\u00e9micas de la izquierda, pero se iguala  al general Figueiredo en un punto: no soporta el tufo del pueblo. Para \u00e9l,  pueblo es ese sustantivo abstracto que s\u00f3lo le parece concreto a la hora de  acumular votos. Entonces el izquierdista se acerca a los pobres, no porque le  preocupe su situaci\u00f3n sino con el \u00fanico prop\u00f3sito de acarrear votos para s\u00ed o\/y  para su camarilla. Pasadas las elecciones, adi\u00f3s que te vi y \u00a1hasta la  contienda siguiente!<br \/>&#13;<br \/>\n  <br \/>&#13;<br \/>\n  Como el izquierdista no tiene principios, sino intereses, nada hay m\u00e1s f\u00e1cil  que derechizarlo. <br \/>&#13;<br \/>\n  <br \/>&#13;<br \/>\n  Dele un buen empleo. Pero que no sea trabajo, eso que obliga  al com\u00fan de los mortales a ganar el pan con sangre, sudor y l\u00e1grimas. Tiene que  ser uno de esos empleos donde pagan buen salario y otorgan m\u00e1s derechos que  deberes exigen. Sobre todo si se trata del \u00e1mbito p\u00fablico. Aunque podr\u00eda ser  tambi\u00e9n en la iniciativa privada. Lo importante es que el izquierdista sienta  que le corresponde un significativo aumento de su bolsa particular.<br \/>&#13;<br \/>\n  <br \/>&#13;<br \/>\n  As\u00ed sucede cuando es elegido o nombrado para una funci\u00f3n p\u00fablica o asume un  cargo de jefe en una empresa particular. De inmediato baja la guardia. No hace  autocr\u00edtica. <br \/>&#13;<br \/>\n  <br \/>&#13;<br \/>\n  Sencillamente el olor del dinero, combinado con la funci\u00f3n del  poder, produce la irresistible alquimia capaz de hacer torcer el brazo al m\u00e1s  ret\u00f3rico de los revolucionarios.<br \/>&#13;<br \/>\n  <br \/>&#13;<br \/>\n  Buen salario, funciones de jefe, regal\u00edas, he ah\u00ed los ingredientes capaces de  embriagar a un izquierdista en su itinerario rumbo a la derecha vergonzante, la  que act\u00faa como tal pero sin asumirla. Despu\u00e9s el izquierdista cambia de  amistades y de caprichos. Cambia el aguardiente por el vino importado, la  cerveza por el g\u00fcisqui escoc\u00e9s, el apartamento por el condominio cerrado, las  rondas en el bar por las recepciones y las fiestas suntuosas.<br \/>&#13;<br \/>\n  <br \/>&#13;<br \/>\n  Si lo busca un compa\u00f1ero de los viejos tiempos, despista, no atiende, delega el  caso en la secretaria, y con disimulo se queja del \u2018molest\u00f3n\u2019. Ahora todos sus  pasos se mueven, con quir\u00fargica precisi\u00f3n, por la senda hacia el poder. Le  encanta alternar con gente importante: empresarios, riquillos, latifundistas.  Se hace querer con regalos y obsequios. Su mayor desgracia ser\u00eda volver a lo  que era, desprovisto de halagos y caranto\u00f1as, ciudadano com\u00fan en lucha por la  sobrevivencia.<br \/>&#13;<br \/>\n  <br \/>&#13;<br \/>\n  \u00a1Adi\u00f3s ideales, utop\u00edas, sue\u00f1os! Viva el pragmatismo, la pol\u00edtica de  resultados, la connivencia, las triqui\u00f1uelas realizadas con mano experta  (aunque sobre la marcha sucedan percances. En este caso el izquierdista cuenta  con la r\u00e1pida ayuda de sus pares: el silencio obsequioso, el hacer como que no  sucedi\u00f3 nada, hoy por ti, ma\u00f1ana por m\u00ed\u2026).<br \/>&#13;<br \/>\n  <br \/>&#13;<br \/>\n  Me acord\u00e9 de esta caracterizaci\u00f3n porque, hace unos d\u00edas, encontr\u00e9 en una  reuni\u00f3n a un antiguo compa\u00f1ero de los movimientos populares, c\u00f3mplice en la  lucha contra la dictadura. <br \/>&#13;<br \/>\n  <br \/>&#13;<br \/>\n  Me pregunt\u00f3 si yo todav\u00eda andaba con esa \u2018gente de  la periferia\u2019. Y pontific\u00f3: \u201cQu\u00e9 estupidez que te hayas salido del gobierno.  All\u00ed hubieras podido hacer m\u00e1s por ese pueblo\u201d.<br \/>&#13;<br \/>\n  <br \/>&#13;<br \/>\n  Me dieron ganas de re\u00edr delante de dicho compa\u00f1ero que, antes, hubiera hecho al  Che Guevara sentirse un peque\u00f1o burgu\u00e9s, de tan grande como era su fervor  revolucionario. <br \/>&#13;<br \/>\n  <br \/>&#13;<br \/>\n  Me contuve para no ser indelicado con dicho rid\u00edculo personaje,  de cabellos engominados, traje fino, zapatos como para calzar \u00e1ngeles. S\u00f3lo le  respond\u00ed: \u201cMe volv\u00ed reaccionario, fiel a mis antiguos principios. Prefiero  correr el riesgo de equivocarme con los pobres que tener la pretensi\u00f3n de  acertar sin ellos\u201d.<br \/>&#13;<br \/>\n  <br \/>&#13;<br \/>\n  &#8211; Frei Betto es escritor, autor de \u201cCalendario del Poder\u201d, entre otros libros.<br \/>&#13;<br \/>\n  <br \/>&#13;<br \/>\n  Traducci\u00f3n de J.L.Burguet<\/p>\n<p>&#13;<\/p>\n<h6> 2007-10-25 13:23:56 <\/h6>\n<p><!--\n<link rel=\"stylesheet\" href=\"css\/bootstrap.min.css\">\n\n\n<ul class=\"pagination\">\n\t    \n\t\n\n<li >\n\t<a href='?page_no=12597'>Previous<\/a>\n\t<\/li>\n\n\n       \n    \n\n<li><a href='?page_no=1'>1<\/a><\/li>\n\n\n\n<li><a href='?page_no=2'>2<\/a><\/li>\n\n\n\n<li><a>...<\/a><\/li>\n\n\n\n<li><a href='?page_no=12596'>12596<\/a><\/li>\n\n\n\n<li><a href='?page_no=12597'>12597<\/a><\/li>\n\n\n\n<li class='active'><a>12598<\/a><\/li>\n\n\n\n<li><a href='?page_no=12599'>12599<\/a><\/li>\n\n\n\n<li><a href='?page_no=12600'>12600<\/a><\/li>\n\n\n\n<li><a>...<\/a><\/li>\n\n\n\n<li><a href='?page_no=13611'>13611<\/a><\/li>\n\n\n\n<li><a href='?page_no=13612'>13612<\/a><\/li>\n\n    \n\t\n\n<li >\n\t<a href='?page_no=12599'>Next<\/a>\n\t<\/li>\n\n\n    \n\n<li><a href='?page_no=13612'>Last &rsaquo;&rsaquo;<\/a><\/li>\n\n<\/ul>\n\n\n--><br \/>\n<\/body><\/p>\n","protected":false},"excerpt":{"rendered":"<p>C\u00f3mo derechizar a un izquierdista &#13; Frei Betto &#13; Ser de izquierda es, desde que esa clasificaci\u00f3n surgi\u00f3 con la Revoluci\u00f3n Francesa, optar por los pobres, indignarse ante la exclusi\u00f3n social, inconformarse con toda forma de injusticia o, como dec\u00eda Bobbio, considerar una aberraci\u00f3n la desigualdad social.&#13; &#13; Ser de derechas es tolerar injusticias, considerar [&hellip;]<\/p>\n","protected":false},"author":3,"featured_media":0,"comment_status":"open","ping_status":"open","sticky":false,"template":"","format":"standard","meta":{"footnotes":""},"categories":[16],"tags":[],"class_list":["post-36767","post","type-post","status-publish","format-standard","hentry","category-opiniones"],"_links":{"self":[{"href":"https:\/\/diariodominicano.com\/index.php?rest_route=\/wp\/v2\/posts\/36767","targetHints":{"allow":["GET"]}}],"collection":[{"href":"https:\/\/diariodominicano.com\/index.php?rest_route=\/wp\/v2\/posts"}],"about":[{"href":"https:\/\/diariodominicano.com\/index.php?rest_route=\/wp\/v2\/types\/post"}],"author":[{"embeddable":true,"href":"https:\/\/diariodominicano.com\/index.php?rest_route=\/wp\/v2\/users\/3"}],"replies":[{"embeddable":true,"href":"https:\/\/diariodominicano.com\/index.php?rest_route=%2Fwp%2Fv2%2Fcomments&post=36767"}],"version-history":[{"count":0,"href":"https:\/\/diariodominicano.com\/index.php?rest_route=\/wp\/v2\/posts\/36767\/revisions"}],"wp:attachment":[{"href":"https:\/\/diariodominicano.com\/index.php?rest_route=%2Fwp%2Fv2%2Fmedia&parent=36767"}],"wp:term":[{"taxonomy":"category","embeddable":true,"href":"https:\/\/diariodominicano.com\/index.php?rest_route=%2Fwp%2Fv2%2Fcategories&post=36767"},{"taxonomy":"post_tag","embeddable":true,"href":"https:\/\/diariodominicano.com\/index.php?rest_route=%2Fwp%2Fv2%2Ftags&post=36767"}],"curies":[{"name":"wp","href":"https:\/\/api.w.org\/{rel}","templated":true}]}}