{"id":36756,"date":"2007-10-26T13:14:58","date_gmt":"2007-10-26T13:14:58","guid":{"rendered":"http:\/\/diariodominicano.ddns.net\/?p=36756"},"modified":"2007-10-26T13:14:58","modified_gmt":"2007-10-26T13:14:58","slug":"solidaridad-con-cuba","status":"publish","type":"post","link":"https:\/\/diariodominicano.com\/?p=36756","title":{"rendered":"Solidaridad con Cuba"},"content":{"rendered":"<p><body><\/p>\n<p class=\"titulogrande1\">Solidaridad con Cuba<\/p>\n<p>&#13;<\/p>\n<p class=\"textogrande\">Eduardo Tamayo G.<\/p>\n<p>&#13;<\/p>\n<p align=\"justify\" class=\"text1noticias\">\u201cLa solidaridad no es dar lo que le sobra sino dar lo que se  tiene\u201d. Inspirado en esta frase se llevar\u00e1 a cabo, en Quito,  Ecuador, desde el 26 al 29 de octubre, el V Encuentro Continental de  Solidaridad con Cuba con la asistencia de unos mil delegados\/as, (de los cuales  400 provienen de 24 pa\u00edses y 600 son ecuatorianos\/as).<\/p>\n<p>&#13;<\/p>\n<p align=\"justify\" class=\"text1noticias\">Esta es la primera vez que este evento internacional se  desarrolla fuera de la   Isla.\u00a0 Se ha escogido a  Ecuador no solo por las buenas relaciones entre los gobiernos de Cuba y Ecuador o por los lazos  hist\u00f3ricos que unen a las patrias de Jos\u00e9 Mart\u00ed y Eloy Alfaro sino por las  simpat\u00edas y el apoyo que siempre ha demostrado el pueblo ecuatoriano con  la revoluci\u00f3n cubana.<\/p>\n<p>&#13;<\/p>\n<p align=\"justify\" class=\"text1noticias\">Ecuador como otros pa\u00edses de Am\u00e9rica Latina y del mundo  recibe la ayuda solidaria de Cuba \u2013de lo poco que tiene- consistente en  programas de alfabetizaci\u00f3n, salud, adem\u00e1s de becas para que puedan  estudiar y formarse miles de estudiantes que, por su condici\u00f3n  econ\u00f3mica, no lo pueden hacer en sus respectivos pa\u00edses.<\/p>\n<p>&#13;<\/p>\n<p align=\"justify\" class=\"text1noticias\">Algunas cifras sirven para ilustrar la solidaridad que Cuba  pr\u00e1ctica y no predica: unos 30 mil m\u00e9dicos cubanos se encuentran  mitigando el dolor y la enfermedad en 70 pa\u00edses; en los \u00faltimos tres a\u00f1os casi  700.000 pacientes de 28 pa\u00edses de Am\u00e9rica Latina han recibido  atenci\u00f3n m\u00e9dica gratuita en el marco de la Alternativa Bolivariana  para las Am\u00e9ricas (ALBA); treinta mil j\u00f3venes de pa\u00edses del denominado Tercer  Mundo estudian gratuitamente en las universidades cubanas.<\/p>\n<p>&#13;<\/p>\n<p align=\"justify\" class=\"text1noticias\">Este evento solidario coincide justamente con las  declaraciones del presidente estadounidense George W. Bush, quien convoc\u00f3 ayer  24 de octubre al Cuerpo Diplom\u00e1tico acreditado en Washington para  anunciar la intensificaci\u00f3n de la agresi\u00f3n y la injerencia en los  asuntos internos de la   Isla.\u00a0 Bush  abiertamente llam\u00f3 a los militares cubanos para que \u201ccambien el r\u00e9gimen\u201d y dijo que continuar\u00e1 el bloqueo  econ\u00f3mico que la potencia imperial mantiene contra Cuba desde hace medio  siglo.\u00a0 Otra perla de la alocuci\u00f3n de Bush fue que en Cuba est\u00e1 prohibido  reunirse m\u00e1s de tres personas, algo que lo pueden desmentir los 2  millones de turistas que visitaron Cuba el a\u00f1o pasado.<\/p>\n<p>&#13;<\/p>\n<p align=\"justify\" class=\"text1noticias\">Ricardo Alarc\u00f3n, Presidente de la Asamblea Nacional  del Poder Popular de la Rep\u00fablica  de Cuba, que asiste como uno de los invitados especiales al Encuentro de Solidaridad con Cuba, rechaz\u00f3 las declaraciones  de Bush, se\u00f1alando que \u201ccambio de r\u00e9gimen\u201d quiere decir  \u201cintervenci\u00f3n, guerra; cambio de r\u00e9gimen es lo que est\u00e1n haciendo en Gaza, en  Afganist\u00e1n, y es lo que amenazan con hacer en Ir\u00e1n, Siria y en algunos  lugares de Am\u00e9rica Latina\u201d.<\/p>\n<p>&#13;<\/p>\n<p align=\"justify\" class=\"text1noticias\">Alarc\u00f3n se mostr\u00f3 confiado en que la Asamblea General  de la ONU, en su pr\u00f3xima reuni\u00f3n del 3 de noviembre, con una s\u00f3lida mayor\u00eda,  volver\u00e1 a condenar el bloqueo contra Cuba, al que defini\u00f3 como una  forma de genocidio, es decir \u201clos actos perpetrados con la intenci\u00f3n  de destruir, total o parcialmente, a un grupo nacional, \u00e9tnico, racial o  religioso\u201d por mostrarse partidario de la revoluci\u00f3n socialista.\u00a0 Desde 1992, las Asamblea General de Naciones Unidas ha adoptado 15  resoluciones condenatorias del bloqueo, pero Estados Unidos, en su  arrogancia, no se da ni por aludido.<\/p>\n<p>&#13;<\/p>\n<p align=\"justify\" class=\"text1noticias\">\u00bfPor qu\u00e9 el bloqueo contra Cuba? La raz\u00f3n la encontramos en  los propios documentos desclasificados del departamento de Estado, que  ya el 6 de abril de 1960, dec\u00eda que el objetivo es la destrucci\u00f3n de la Revoluci\u00f3n Cubana: \u00ab(\u2026) a trav\u00e9s del desencanto y el desaliento basados  en la insatisfacci\u00f3n y las dificultades econ\u00f3micas (\u2026) negarle  dinero y suministros a Cuba, para disminuir los salarios reales y  monetarios, a fin de causar hambre, desesperaci\u00f3n y el derrocamiento del  gobierno (\u2026)\u00bb?(Informe secreto del funcionario del Departamento de  Estado, I.D. Mallory, desclasificado en 1991.\u00a0 En Department of State: Foreign Relations of United States, volumen VI, 1991, p.886.)<\/p>\n<p>&#13;<\/p>\n<p align=\"justify\" class=\"text1noticias\">El bloqueo econ\u00f3mico le ha costado a Cuba la abultada cifra  de 89.000 millones de d\u00f3lares.\u00a0  Esa cifra solo se refiere a las p\u00e9rdidas que han tenido las empresas y las instituciones como efecto de las  prohibiciones a las transacciones comerciales, pero hay cosas que no se  pueden cuantificar como los sufrimientos y las privaciones causadas  a la poblaci\u00f3n cubana, cuyas dos terceras partes nacieron y han  vivido bajo los efectos de esta brutal pol\u00edtica.<\/p>\n<p>&#13;<\/p>\n<p align=\"justify\" class=\"text1noticias\">\u201cTodos los sectores de la vida nacional resultan afectados  por el impacto que ocasiona a la econom\u00eda del pa\u00eds; en particular,  en lo referido a los sectores de la salud, la educaci\u00f3n, la  seguridad alimentaria, el deporte, la cultura, el transporte, la  vivienda y el medio ambiente.\u00a0<br \/>&#13;<br \/>\n   <br \/> &#13;<br \/>\n  Las  infamantes acciones de Washington afectan de manera m\u00e1s sensible, a los ni\u00f1os, los ancianos y jubilados, las  mujeres, y las personas con discapacidad.\u00a0  A pesar de tan dif\u00edciles condiciones, la f\u00e9rrea voluntad del pueblo en defensa de nuestro proyecto  revolucionario y su determinaci\u00f3n de avanzar, han permitido alcanzar altos  niveles en diversos aspectos de nuestro desarrollo social, como  reconocen m\u00faltiples agencias especializadas de las Naciones Unidas\u201d, se\u00f1ala una  reciente declaraci\u00f3n del V Foro de la Sociedad Civil  Cubana.<\/p>\n<p>&#13;<\/p>\n<p align=\"justify\" class=\"text1noticias\">Paralelo al V Encuentro de Solidaridad con Cuba se  desarrolla en Quito un variado programa festivo y cultural y un festival de cine  documental. <br \/>&#13;<br \/>\n  <br \/>&#13;<br \/>\n Las mesas de trabajo  versar\u00e1n sobre el fortalecimiento de las acciones contra el bloqueo; la lucha por la liberaci\u00f3n de los cinco  cubanos presos en c\u00e1rceles de Estados Unidos; trabajo con el  movimiento juvenil; integraci\u00f3n latinoamericana y el movimiento de solidaridad y  la constituci\u00f3n de las redes de solidaridad con Cuba.<\/p>\n<p>&#13;<\/p>\n<p align=\"justify\" class=\"text1noticias\">En Quito, que ha sido bautizada como \u201cla capital de la  solidaridad\u201d, Cuba recibe el agradecimiento no solo por lo que hace por la  humanidad sino por su ejemplo de resistencia y dignidad.<\/p>\n<p>&#13;<\/p>\n<h6> 2007-10-26 13:14:58 <\/h6>\n<p><!--\n<link rel=\"stylesheet\" href=\"css\/bootstrap.min.css\">\n\n\n<ul class=\"pagination\">\n\t    \n\t\n\n<li >\n\t<a href='?page_no=12587'>Previous<\/a>\n\t<\/li>\n\n\n       \n    \n\n<li><a href='?page_no=1'>1<\/a><\/li>\n\n\n\n<li><a href='?page_no=2'>2<\/a><\/li>\n\n\n\n<li><a>...<\/a><\/li>\n\n\n\n<li><a href='?page_no=12586'>12586<\/a><\/li>\n\n\n\n<li><a href='?page_no=12587'>12587<\/a><\/li>\n\n\n\n<li class='active'><a>12588<\/a><\/li>\n\n\n\n<li><a href='?page_no=12589'>12589<\/a><\/li>\n\n\n\n<li><a href='?page_no=12590'>12590<\/a><\/li>\n\n\n\n<li><a>...<\/a><\/li>\n\n\n\n<li><a href='?page_no=13611'>13611<\/a><\/li>\n\n\n\n<li><a href='?page_no=13612'>13612<\/a><\/li>\n\n    \n\t\n\n<li >\n\t<a href='?page_no=12589'>Next<\/a>\n\t<\/li>\n\n\n    \n\n<li><a href='?page_no=13612'>Last &rsaquo;&rsaquo;<\/a><\/li>\n\n<\/ul>\n\n\n--><br \/>\n<\/body><\/p>\n","protected":false},"excerpt":{"rendered":"<p>Solidaridad con Cuba &#13; Eduardo Tamayo G. &#13; \u201cLa solidaridad no es dar lo que le sobra sino dar lo que se tiene\u201d. Inspirado en esta frase se llevar\u00e1 a cabo, en Quito, Ecuador, desde el 26 al 29 de octubre, el V Encuentro Continental de Solidaridad con Cuba con la asistencia de unos mil [&hellip;]<\/p>\n","protected":false},"author":3,"featured_media":0,"comment_status":"open","ping_status":"open","sticky":false,"template":"","format":"standard","meta":{"footnotes":""},"categories":[16],"tags":[],"class_list":["post-36756","post","type-post","status-publish","format-standard","hentry","category-opiniones"],"_links":{"self":[{"href":"https:\/\/diariodominicano.com\/index.php?rest_route=\/wp\/v2\/posts\/36756","targetHints":{"allow":["GET"]}}],"collection":[{"href":"https:\/\/diariodominicano.com\/index.php?rest_route=\/wp\/v2\/posts"}],"about":[{"href":"https:\/\/diariodominicano.com\/index.php?rest_route=\/wp\/v2\/types\/post"}],"author":[{"embeddable":true,"href":"https:\/\/diariodominicano.com\/index.php?rest_route=\/wp\/v2\/users\/3"}],"replies":[{"embeddable":true,"href":"https:\/\/diariodominicano.com\/index.php?rest_route=%2Fwp%2Fv2%2Fcomments&post=36756"}],"version-history":[{"count":0,"href":"https:\/\/diariodominicano.com\/index.php?rest_route=\/wp\/v2\/posts\/36756\/revisions"}],"wp:attachment":[{"href":"https:\/\/diariodominicano.com\/index.php?rest_route=%2Fwp%2Fv2%2Fmedia&parent=36756"}],"wp:term":[{"taxonomy":"category","embeddable":true,"href":"https:\/\/diariodominicano.com\/index.php?rest_route=%2Fwp%2Fv2%2Fcategories&post=36756"},{"taxonomy":"post_tag","embeddable":true,"href":"https:\/\/diariodominicano.com\/index.php?rest_route=%2Fwp%2Fv2%2Ftags&post=36756"}],"curies":[{"name":"wp","href":"https:\/\/api.w.org\/{rel}","templated":true}]}}