{"id":367525,"date":"2022-07-10T19:24:14","date_gmt":"2022-07-10T23:24:14","guid":{"rendered":"http:\/\/diariodominicano.com\/?p=367525"},"modified":"2022-07-10T19:46:12","modified_gmt":"2022-07-10T23:46:12","slug":"luis-echeverria-murio-repudiado-pero-impune-millonario-y-tranquilo","status":"publish","type":"post","link":"https:\/\/diariodominicano.com\/?p=367525","title":{"rendered":"Luis Echeverr\u00eda muri\u00f3 repudiado pero impune, millonario y tranquilo"},"content":{"rendered":"\n<p>Ciudad de M\u00e9xico, 10 jul (Prensa Latina) El expresidente Luis Echeverr\u00eda (1970-1976) muri\u00f3 ayer a los 100 a\u00f1os, repudiado, odiado, pero impune, millonario, tranquilo en su cama aunque sepultado por sus cr\u00edmenes, denunci\u00f3 hoy el Comit\u00e9 68.<\/p>\n\n\n\n<ul class=\"wp-block-list\"><li>julio 10, 2022<\/li><li>CDT11:50 (GMT) -0400<\/li><\/ul>\n\n\n\n<p>La organizaci\u00f3n de sobrevivientes de la masacre de Tlatelolco que atribuyen a Echeverr\u00eda entonces secretario de Gobernaci\u00f3n del expresidente Gustavo D\u00edaz Ordaz, lo acusan de ese genocidio de octubre de 1968 en la Plaza de las Tres Culturas, la matanza del 10 de junio de 1971 y la Guerra Sucia ya como presidente.<\/p>\n\n\n\n<p>La muerte del exmandatario no borr\u00f3 el gesto de indignaci\u00f3n de muchos rostros. No hizo que las v\u00edctimas de sus abusos bajaran el pu\u00f1o o dejaran de exigir justicia.<\/p>\n\n\n\n<p>Su fallecimiento, a los 100 a\u00f1os de edad, no hizo que se apagara la exigencia de que sea juzgado y recordado como un \u201cgenocida\u201d, describe La Jornada la reacci\u00f3n del Comit\u00e9.<\/p>\n\n\n\n<p>Sus coordinadores convocaron a una manifestaci\u00f3n frente a la Puerta Mariana de Palacio Nacional para dejar clara su posici\u00f3n con respecto a este hecho con consignas como \u201c2 de octubre, no se olvida. Es de lucha combativa\u201d, \u201cNi perd\u00f3n, ni olvido. Castigo a los asesinos\u201d.<\/p>\n\n\n\n<p>Ah\u00ed dieron lectura al comunicado del Comit\u00e9 68 sobre la muerte del ex mandatario, a quien definieron como uno de los principales perpetradores del genocidio de Tlatelolco, la matanza de San Cosme en 1971, y la pol\u00edtica terrorista con la Brigada Blanca ejecutora de la Guerra Sucia y miles de asesinadas y desaparecidas.<\/p>\n\n\n\n<p>Acompa\u00f1ados de integrantes de organizaciones estudiantiles, sindicales y populares, los manifestantes recalcaron que pese a la pol\u00edtica represiva y la impunidad sostenida, logramos se abriera un proceso penal contra Echeverr\u00eda y otros en la Suprema Corte de Justicia que reconoci\u00f3 la comisi\u00f3n del delito de genocidio.<\/p>\n\n\n\n<p>Los coordinadores recordaron que Echeverr\u00eda pas\u00f3 m\u00e1s de dos a\u00f1os en prisi\u00f3n domiciliaria, muri\u00f3 como imputado por el delito de genocidio. Es decir, nunca fue exonerado.<\/p>\n\n\n\n<p>Se le dej\u00f3 en libertad bajo las reservas de la ley y amparado desde 2009 por la inacci\u00f3n y argumentos leguleyos de la PGR, ahora Fiscal\u00eda General de la Rep\u00fablica.<\/p>\n\n\n\n<p>Recalcaron que \u201cla muerte de Echeverr\u00eda no extingue la causa por un crimen de Estado. Exigimos la continuaci\u00f3n de los procesos judiciales. La lista de perpetradores es conocida por todos y contin\u00faan gozando de la impunidad y la protecci\u00f3n del poder pol\u00edtico oficial\u201d.<\/p>\n\n\n\n<p>De igual forma, exigieron una reforma al sistema judicial \u201cpara que ning\u00fan crimen de Estado en contra del pueblo quede impune y jam\u00e1s se vuelvan a cometer\u201d, as\u00ed como la extinci\u00f3n de dominio de los cuantiosos bienes de Echeverr\u00eda para que sean aplicados en la reparaci\u00f3n del da\u00f1o en favor de las v\u00edctimas\u201d.<\/p>\n\n\n\n<p>Se lo hemos dicho al presidente (Andr\u00e9s Manuel L\u00f3pez Obrador), a las nuevas autoridades: esto no se olvida ni se olvidar\u00e1. La justicia no cesa por dejar de existir. Seguimos en pie de lucha y no daremos ni un paso atr\u00e1s\u201d.<\/p>\n\n\n\n<p>jcm\/lma<\/p>\n\n\n\n<h1 class=\"wp-block-heading\">Muri\u00f3 a los 100 a\u00f1os de edad expresidente de M\u00e9xico Luis Echeverr\u00eda (+Foto)<\/h1>\n\n\n\n<figure class=\"wp-block-image\"><img decoding=\"async\" src=\"https:\/\/www.prensa-latina.cu\/wp-content\/uploads\/2022\/07\/luis2.jpeg\" alt=\"\"\/><\/figure>\n\n\n\n<p>Ciudad de M\u00e9xico, 9 jul (Prensa Latina) El expresidente de M\u00e9xico Luis Echeverr\u00eda (1922-2022), quien gobern\u00f3 de 1970 a 1976, falleci\u00f3 hoy confirmaron personas muy cercanas a la familia del exmandatario.<\/p>\n\n\n\n<ul class=\"wp-block-list\"><li>julio 9, 2022<\/li><li>CDT11:53 (GMT) -0400<\/li><\/ul>\n\n\n\n<figure class=\"wp-block-image\"><img decoding=\"async\" src=\"https:\/\/www.prensa-latina.cu\/wp-content\/uploads\/2022\/07\/luisA.jpg\" alt=\"\" class=\"wp-image-279568\"\/><\/figure>\n\n\n\n<p>Echeverr\u00eda fue un pol\u00edtico controvertido a quien se le vincul\u00f3 con las masacres de estudiantes del 2 de octubre de 1968 en Tlatelolco siendo secretario de Gobernaci\u00f3n del expresidente Gustavo D\u00edaz Ordaz, y del 10 de junio de 1971 en calles de la Ciudad de M\u00e9xico.<\/p>\n\n\n\n<p>Precisamente por Tlatelolco fue investigado y llevado a juicio por genocidio, con base en la acusaci\u00f3n integrada por la extinta Fiscal\u00eda Especial para Movimientos Sociales y Pol\u00edticos del Pasado (Femospp), pero el caso concluy\u00f3 judicialmente en 2009, con una resoluci\u00f3n que lo exoner\u00f3.<\/p>\n\n\n\n<p>La acusaci\u00f3n de la Femospp se\u00f1al\u00f3 que Echeverr\u00eda fue concebidor y preparador de manera intencional, con conocimiento de causa, en su calidad de secretario de Gobernaci\u00f3n.<\/p>\n\n\n\n<p>Estuvieron implicados otros funcionarios como el secretario de la Defensa, el jefe del Estado Mayor Presidencial, el director de Seguridad, el subdirector de esa dependencia y el presidente de la Rep\u00fablica.<\/p>\n\n\n\n<p>Seg\u00fan la acusaci\u00f3n de entonces, fragu\u00f3 un plan para destruir de manera parcial al grupo nacional opositor al gobierno denominado Consejo Nacional de Huelga de estudiantes y simpatizantes del movimiento estudiantil de 1968, pero las pruebas no fueron suficientes y fue absuelto.<\/p>\n\n\n\n<p>La resoluci\u00f3n judicial mencion\u00f3 que la Procuradur\u00eda General no pudo demostrar que Echeverr\u00eda fuera presunto responsable de los hechos ni tan siquiera c\u00f3mplice de D\u00edaz Ordaz, pues no se present\u00f3 una sola prueba documental que lo demostrara.<\/p>\n\n\n\n<p>Lo que s\u00ed est\u00e1 comprobado, se\u00f1alan las dos resoluciones, es que con las pruebas aportadas por la autoridad ministerial, entre ellas el video Operaci\u00f3n Galeana, \u201cse concluye que hab\u00eda la intenci\u00f3n del presidente de exterminar al grupo estudiantil\u201d.<\/p>\n\n\n\n<p>Lo anterior se robustece en una parte del Informe de gobierno pronunciado por D\u00edaz Ordaz, en la que expresa: \u201casumo \u00edntegramente la responsabilidad personal, \u00e9tica, social, jur\u00eddica, pol\u00edtica, hist\u00f3rica, por las decisiones del gobierno en relaci\u00f3n con los sucesos del a\u00f1o pasado\u2019 (1968)\u201d.<\/p>\n\n\n\n<p>Sobre el caso de 1971, una decisi\u00f3n judicial de 2005 puso fin a cualquier posibilidad de procesar penalmente en M\u00e9xico a los responsables intelectuales y materiales de la matanza del 10 de junio en la avenida San Cosme y calles aleda\u00f1as.<\/p>\n\n\n\n<p>El entonces coronel Manuel D\u00edaz fue enviado al Distrito Federal por orden de Echeverr\u00eda. En el gobierno de la capital, el militar cre\u00f3 Los Halcones, grupo paramilitar financiado desde el gobierno central.<\/p>\n\n\n\n<p>En septiembre de 2005, integrantes del Comit\u00e9 68 Prolibertades Democr\u00e1ticas presentaron una queja ante la Comisi\u00f3n Interamericana de los Derechos Humanos en Washington contra la impunidad que advert\u00edan en la investigaci\u00f3n del caso en M\u00e9xico.<\/p>\n\n\n\n<p>Acusaron al Estado mexicano de negar sistem\u00e1ticamente justicia en el caso del 10 de junio de 1971, perpetrado por Los Halcones, quienes masacraron a los participantes en una manifestaci\u00f3n estudiantil pac\u00edfica.<\/p>\n\n\n\n<p>oda\/lma<\/p>\n","protected":false},"excerpt":{"rendered":"<p>Ciudad de M\u00e9xico, 10 jul (Prensa Latina) El expresidente Luis Echeverr\u00eda (1970-1976) muri\u00f3 ayer a los 100 a\u00f1os, repudiado, odiado, pero impune, millonario, tranquilo en su cama aunque sepultado por sus cr\u00edmenes, denunci\u00f3 hoy el Comit\u00e9 68. julio 10, 2022 CDT11:50 (GMT) -0400 La organizaci\u00f3n de sobrevivientes de la masacre de Tlatelolco que atribuyen a [&hellip;]<\/p>\n","protected":false},"author":28,"featured_media":367526,"comment_status":"closed","ping_status":"","sticky":true,"template":"","format":"standard","meta":{"footnotes":""},"categories":[26,23,27],"tags":[],"class_list":["post-367525","post","type-post","status-publish","format-standard","has-post-thumbnail","hentry","category-efemerides","category-internacional","category-portada"],"_links":{"self":[{"href":"https:\/\/diariodominicano.com\/index.php?rest_route=\/wp\/v2\/posts\/367525","targetHints":{"allow":["GET"]}}],"collection":[{"href":"https:\/\/diariodominicano.com\/index.php?rest_route=\/wp\/v2\/posts"}],"about":[{"href":"https:\/\/diariodominicano.com\/index.php?rest_route=\/wp\/v2\/types\/post"}],"author":[{"embeddable":true,"href":"https:\/\/diariodominicano.com\/index.php?rest_route=\/wp\/v2\/users\/28"}],"replies":[{"embeddable":true,"href":"https:\/\/diariodominicano.com\/index.php?rest_route=%2Fwp%2Fv2%2Fcomments&post=367525"}],"version-history":[{"count":2,"href":"https:\/\/diariodominicano.com\/index.php?rest_route=\/wp\/v2\/posts\/367525\/revisions"}],"predecessor-version":[{"id":367529,"href":"https:\/\/diariodominicano.com\/index.php?rest_route=\/wp\/v2\/posts\/367525\/revisions\/367529"}],"wp:featuredmedia":[{"embeddable":true,"href":"https:\/\/diariodominicano.com\/index.php?rest_route=\/wp\/v2\/media\/367526"}],"wp:attachment":[{"href":"https:\/\/diariodominicano.com\/index.php?rest_route=%2Fwp%2Fv2%2Fmedia&parent=367525"}],"wp:term":[{"taxonomy":"category","embeddable":true,"href":"https:\/\/diariodominicano.com\/index.php?rest_route=%2Fwp%2Fv2%2Fcategories&post=367525"},{"taxonomy":"post_tag","embeddable":true,"href":"https:\/\/diariodominicano.com\/index.php?rest_route=%2Fwp%2Fv2%2Ftags&post=367525"}],"curies":[{"name":"wp","href":"https:\/\/api.w.org\/{rel}","templated":true}]}}