{"id":367283,"date":"2022-07-08T23:50:05","date_gmt":"2022-07-09T03:50:05","guid":{"rendered":"http:\/\/diariodominicano.com\/?p=367283"},"modified":"2022-07-08T23:53:09","modified_gmt":"2022-07-09T03:53:09","slug":"espana-acepta-perdio-la-guerra-de-la-restauracion-sus-tropas-derrotadas-organizadas-para-salir-de-republica-dominicana","status":"publish","type":"post","link":"https:\/\/diariodominicano.com\/?p=367283","title":{"rendered":"Espa\u00f1a acepta perdi\u00f3 la Guerra de la Restauraci\u00f3n. Sus tropas derrotadas organizadas para salir de Rep\u00fablica Dominicana"},"content":{"rendered":"\n<p><\/p>\n\n\n\n<p>Por H\u00e9ctor Tineo Nolasco<\/p>\n\n\n\n<p>Diariodominicano.com<\/p>\n\n\n\n<p>SANTO DOMINGO, el 9 de julio de 1865, los militares espa\u00f1oles del Gobierno de la Anexi\u00f3n, que a\u00fan permanec\u00edan en Rep\u00fablica Dominicana, se organizaron para salir el d\u00eda siguiente, el 10 de julio de 1865.<\/p>\n\n\n\n<p>&nbsp;&nbsp;&nbsp; Los espa\u00f1oles comandados por el general Jos\u00e9 de la G\u00e1ndara, trataron de crear incidentes para continuar en el territorio nacional, pero fueron rechazados por el Gobierno Restaurador del Presidente Pedro Antonio Pimentel Chamorro, a quien le toc\u00f3 &nbsp;defender la soberan\u00eda nacional durante las discusiones con Espa\u00f1a, para lograr que aceptara la Restauraci\u00f3n de&nbsp; Independencia de la Rep\u00fablica y sacara del pa\u00eds los militares del Gobierno de la Anexi\u00f3n que permanec\u00edan en algunos&nbsp; puntos del territorio nacional.<\/p>\n\n\n\n<p>&nbsp;&nbsp; En efecto, el d\u00eda 3 de marzo de 1865 la Reina de Espa\u00f1a firm\u00f3 el decreto derogando la Anexi\u00f3n, pero su \u00faltimo jefe militar en Rep\u00fablica Dominicana, general Jos\u00e9 de la G\u00e1ndara, trat\u00f3 de llevar al Gobierno dominicano a firmar un acuerdo que limitaba la soberan\u00eda dominicana, lo que fue rechazado por el Presidente Pimentel.<\/p>\n\n\n\n<p>&nbsp;&nbsp; Los espa\u00f1oles no tuvieron otra posibilidad que salir de Rep\u00fablica Dominicana. El d\u00eda 10 de julio del a\u00f1o 1865, iniciaron el embarque de sus tropas, con&nbsp; lo que terminar\u00eda&nbsp; la Guerra de la Restauraci\u00f3n.<\/p>\n\n\n\n<p>&nbsp;&nbsp;&nbsp; La Rep\u00fablica Dominicana fue anexada a Espa\u00f1a el 18 de marzo de 1861 por disposici\u00f3n del Gobierno del Presidente, general Pedro Santana, pero fue combatida desde el primer momento.<\/p>\n\n\n\n<p>&nbsp;&nbsp;&nbsp; En esa lucha cayeron decenas de dominicanos, incluidos el general Jos\u00e9 Contreras, comandante de la gesta del 2 de mayo de 1861, en Moca, y el pr\u00f3cer Francisco del Rosario S\u00e1nchez, el 4 de julio de 1861, en el Cercado.<\/p>\n\n\n\n<p>&nbsp;&nbsp;&nbsp; Los actos de represi\u00f3n y los fusilamientos de patriotas no detuvieron el movimiento restaurador. El 16 de agosto de 1863, en Capotillo, los dominicanos proclamaron La Restauraci\u00f3n de la Rep\u00fablica, con lo que comenz\u00f3 la Guerra de la Restauraci\u00f3n que se prolong\u00f3 hasta 1865.<\/p>\n","protected":false},"excerpt":{"rendered":"<p>Por H\u00e9ctor Tineo Nolasco Diariodominicano.com SANTO DOMINGO, el 9 de julio de 1865, los militares espa\u00f1oles del Gobierno de la Anexi\u00f3n, que a\u00fan permanec\u00edan en Rep\u00fablica Dominicana, se organizaron para salir el d\u00eda siguiente, el 10 de julio de 1865. &nbsp;&nbsp;&nbsp; Los espa\u00f1oles comandados por el general Jos\u00e9 de la G\u00e1ndara, trataron de crear incidentes [&hellip;]<\/p>\n","protected":false},"author":28,"featured_media":292680,"comment_status":"closed","ping_status":"","sticky":true,"template":"","format":"standard","meta":{"footnotes":""},"categories":[26,27],"tags":[],"class_list":["post-367283","post","type-post","status-publish","format-standard","has-post-thumbnail","hentry","category-efemerides","category-portada"],"_links":{"self":[{"href":"https:\/\/diariodominicano.com\/index.php?rest_route=\/wp\/v2\/posts\/367283","targetHints":{"allow":["GET"]}}],"collection":[{"href":"https:\/\/diariodominicano.com\/index.php?rest_route=\/wp\/v2\/posts"}],"about":[{"href":"https:\/\/diariodominicano.com\/index.php?rest_route=\/wp\/v2\/types\/post"}],"author":[{"embeddable":true,"href":"https:\/\/diariodominicano.com\/index.php?rest_route=\/wp\/v2\/users\/28"}],"replies":[{"embeddable":true,"href":"https:\/\/diariodominicano.com\/index.php?rest_route=%2Fwp%2Fv2%2Fcomments&post=367283"}],"version-history":[{"count":2,"href":"https:\/\/diariodominicano.com\/index.php?rest_route=\/wp\/v2\/posts\/367283\/revisions"}],"predecessor-version":[{"id":367286,"href":"https:\/\/diariodominicano.com\/index.php?rest_route=\/wp\/v2\/posts\/367283\/revisions\/367286"}],"wp:featuredmedia":[{"embeddable":true,"href":"https:\/\/diariodominicano.com\/index.php?rest_route=\/wp\/v2\/media\/292680"}],"wp:attachment":[{"href":"https:\/\/diariodominicano.com\/index.php?rest_route=%2Fwp%2Fv2%2Fmedia&parent=367283"}],"wp:term":[{"taxonomy":"category","embeddable":true,"href":"https:\/\/diariodominicano.com\/index.php?rest_route=%2Fwp%2Fv2%2Fcategories&post=367283"},{"taxonomy":"post_tag","embeddable":true,"href":"https:\/\/diariodominicano.com\/index.php?rest_route=%2Fwp%2Fv2%2Ftags&post=367283"}],"curies":[{"name":"wp","href":"https:\/\/api.w.org\/{rel}","templated":true}]}}