{"id":36715,"date":"2007-11-14T14:06:20","date_gmt":"2007-11-14T14:06:20","guid":{"rendered":"http:\/\/diariodominicano.ddns.net\/?p=36715"},"modified":"2007-11-14T14:06:20","modified_gmt":"2007-11-14T14:06:20","slug":"por-que-nos-espian-los-gobiernos","status":"publish","type":"post","link":"https:\/\/diariodominicano.com\/?p=36715","title":{"rendered":"\u00bfPor qu\u00e9 nos esp\u00edan los gobiernos?"},"content":{"rendered":"<p><body><\/p>\n<p class=\"titulogrande1\">\u00bfPor qu\u00e9 nos esp\u00edan los gobiernos?<\/p>\n<p>&#13;<\/p>\n<p class=\"textogrande\">Dafne Sabanes Plou<\/p>\n<p>&#13;<\/p>\n<p align=\"justify\" class=\"text1noticias\"><strong>ALAI AMLATINA, 13\/11\/2007, R\u00edo de Janeiro.- <\/strong>Una de las  discusiones que se est\u00e1 dando en el marco del Foro de Gobernanza de Internet  (FGI), que se desarrolla en R\u00edo de Janeiro, del 12 al 15 de noviembre  de 2007, tiene que ver con la delgada l\u00ednea roja que pareciera  existir entre el respeto a la libertad de expresi\u00f3n y la seguridad y lucha  contra el terrorismo. En el panel sobre \u201cLibertad de expresi\u00f3n como  tema de seguridad\u201d, el debate dej\u00f3 abierta la sensaci\u00f3n de que ser\u00eda  mejor que los gobiernos no nos protegieran tanto, si es que esa  protecci\u00f3n se convierte en violaci\u00f3n de derechos humanos consagrados  universalmente.<\/p>\n<p>&#13;<\/p>\n<p align=\"justify\" class=\"text1noticias\">\u201c\u00bfPor qu\u00e9 nos esp\u00edan los gobiernos? Lo hacen con la idea de  protegernos del terrorismo, pero podr\u00edan terminar violando derechos  humanos fundamentales\u201d, se\u00f1al\u00f3 uno de los panelistas. En la Uni\u00f3n Europea \u00e9ste ha sido un tema de mucha discusi\u00f3n en los \u00faltimos a\u00f1os y es  por eso que se han aprobado varios acuerdos con lineamientos y  recomendaciones en torno al ejercicio de la libertad de expresi\u00f3n \u201cen tiempos  de terrorismo\u201d. Un representante del Consejo de Europa aclar\u00f3  que estos lineamientos tienen como objetivo lograr que libertad de  expresi\u00f3n sea respetada por los estados a\u00fan en la lucha contra el  terrorismo. Explic\u00f3 que las recomendaciones establecen que no deber\u00e1n haber  restricciones salvo que sean estrictamente necesarias, y se tendr\u00e1n que  respetar la vida privada de las personas, la seguridad personal, la no  intervenci\u00f3n en los derechos del periodismo, con protecci\u00f3n de sus  fuentes de informaci\u00f3n y garantizando la circulaci\u00f3n de la informaci\u00f3n  por cualquier medio, incluso Internet.<\/p>\n<p>&#13;<\/p>\n<p align=\"justify\" class=\"text1noticias\">Pero es cierto tambi\u00e9n que las organizaciones que monitorean  el ejercicio de la libertad de expresi\u00f3n en el mundo, llevan  contabilizados 36 pa\u00edses que restringen seriamente el funcionamiento de  Internet y de otras herramientas de comunicaci\u00f3n electr\u00f3nica. Agregan a  esta lista otros 24 pa\u00edses que utilizan filtros para la informaci\u00f3n a  la cual pueden acceder sus ciudadanos y otro tipo de dispositivos  t\u00e9cnicos que permiten monitorear los usos de Internet por parte de los  usuarios. <br \/>&#13;<br \/>\n  <br \/>&#13;<br \/>\n  Estas organizaciones apuntan al hecho de que la  imposibilidad de ejercer la libertad de expresi\u00f3n, intercambiando informaci\u00f3n tiene  tambi\u00e9n una consecuencia negativa en materia de creaci\u00f3n de  conocimientos y de circulaci\u00f3n de estos conocimientos, con resultados que  afectan finalmente el desarrollo econ\u00f3mico, la productividad y la  innovaci\u00f3n.<\/p>\n<p>&#13;<\/p>\n<p align=\"justify\" class=\"text1noticias\">\u201c\u00bfAcaso Internet le quita poder a los gobiernos?\u201d, se  pregunt\u00f3 un representante del Consejo de Europa. \u201cPor el contrario, los  enriquece\u201d, afirm\u00f3. Parte de esta riqueza est\u00e1 en el debate  multisectorial, en el cual gobiernos, empresas privadas y sociedad civil se han  embarcado para lograr un marco de gobernanza de Internet que vaya m\u00e1s all\u00e1  de los aspectos t\u00e9cnicos y tenga en cuenta principios en com\u00fan para  dar respuestas a los m\u00faltiples desaf\u00edos y oportunidades que  ofrece el desarrollo actual de las comunicaciones en Internet.<\/p>\n<p>&#13;<\/p>\n<p align=\"justify\" class=\"text1noticias\">Las empresas privadas tambi\u00e9n nos controlan<\/p>\n<p>&#13;<\/p>\n<p align=\"justify\" class=\"text1noticias\">Yahoo entreg\u00f3 en China los datos de un activista al gobierno  y el hombre termin\u00f3 preso. Google acept\u00f3 bloquear los sitios indicados  por el gobierno chino, pero hace la salvedad de \u201cser transparente\u201d  porque al pretender acceder a los sitios en cuesti\u00f3n aparece un  cartelito que aclara que eso se hace por orden del gobierno. Hay  prestadores de servicios de Internet que tienen una \u00e9tica fluctuante:  bloquean los sitios de pornograf\u00eda infantil si existen leyes al respecto  en el pa\u00eds en cuesti\u00f3n, pero los dejan de acceso libre cuando en el  pa\u00eds no existe ley alguna que contemple el tema.<\/p>\n<p>&#13;<\/p>\n<p align=\"justify\" class=\"text1noticias\">Cuando el ministro brasile\u00f1o Mangabera Unger se refiri\u00f3 en  la sesi\u00f3n inaugural del Foro de Gobernanza de Internet a la necesidad  de terminar con la dictadura del poder, del dinero y del autoritarismo  cultural en Internet, estaba abarcando varias cuestiones de peso en su  demanda. <br \/>&#13;<br \/>\n  <br \/>&#13;<br \/>\nY el poder del dinero no es algo que se pueda obviar. \u00bfPor qu\u00e9 no  habr\u00eda de aceptar una empresa los requerimientos restrictivos a la  libertad de expresi\u00f3n de un gobierno, si eso le abre las puertas a  millones de nuevos usuarios (\u00a1y aumentar sideralmente el negocio!)<\/p>\n<p>&#13;<\/p>\n<p align=\"justify\" class=\"text1noticias\">En el transcurso de uno de los paneles sobre el tema del  ejercicio de la libertad de expresi\u00f3n en Internet, el representante de una  empresa privada trat\u00f3 de disculpar las pol\u00edticas adoptadas aduciendo  que es como si se tratara de abrir una biblioteca p\u00fablica con  restricciones a determinados t\u00edtulos y autores. Igual la abrir\u00eda porque eso  permitir\u00eda que la gente accediera al menos a algunos libros.<\/p>\n<p>&#13;<\/p>\n<p align=\"justify\" class=\"text1noticias\">Para los hombres y mujeres latinoamericanos que sufrimos  durante las temibles dictaduras militares la persecuci\u00f3n y asesinato de  decenas de escritores y periodistas, como tambi\u00e9n la quema p\u00fablica de  libros porque eran considerados contrarios al \u201cser nacional\u201d, a lo  \u201coccidental y cristiano\u201d o simplemente \u201csubversivos\u201d, se nos hace doloroso  y condenable el hecho de que muy tranquilamente los  empresarios, una vez m\u00e1s, le hagan el juego a la represi\u00f3n. Me dir\u00e1n que no es  novedad, pero quiz\u00e1 ilusamente hab\u00edamos pensado que con Internet no  podr\u00edan&#8230;<\/p>\n<p>&#13;<\/p>\n<p align=\"justify\" class=\"text1noticias\">Esta segunda reuni\u00f3n del Foro de Gobernanza de Internet se  desarrolla en R\u00edo de Janeiro, del 12 al 15 de noviembre de 2007. La primera  reuni\u00f3n se celebr\u00f3 en Atenas, en octubre de 2006. <br \/>&#13;<br \/>\n  <br \/>&#13;<br \/>\nEl FGI fue convocado  por Naciones Unidas en cumplimiento del mandato recibido por los acuerdos  surgidos de la   Cumbre Mundial de la Sociedad de la Informaci\u00f3n (T\u00fanez,  2005)<\/p>\n<p>&#13;<\/p>\n<p align=\"justify\" class=\"text1noticias\">&#8211; Dafne Sabanes Plou, periodista argentina, es animadora en  Am\u00e9rica Latina del Programa de Apoyo de las Redes de Mujeres de la Asociaci\u00f3n para el Progreso de las Comunicaciones, APC-PARM.<\/p>\n<p>&#13;<\/p>\n<h6> 2007-11-14 14:06:20 <\/h6>\n<p><!--\n<link rel=\"stylesheet\" href=\"css\/bootstrap.min.css\">\n\n\n<ul class=\"pagination\">\n\t    \n\t\n\n<li >\n\t<a href='?page_no=12549'>Previous<\/a>\n\t<\/li>\n\n\n       \n    \n\n<li><a href='?page_no=1'>1<\/a><\/li>\n\n\n\n<li><a href='?page_no=2'>2<\/a><\/li>\n\n\n\n<li><a>...<\/a><\/li>\n\n\n\n<li><a href='?page_no=12548'>12548<\/a><\/li>\n\n\n\n<li><a href='?page_no=12549'>12549<\/a><\/li>\n\n\n\n<li class='active'><a>12550<\/a><\/li>\n\n\n\n<li><a href='?page_no=12551'>12551<\/a><\/li>\n\n\n\n<li><a href='?page_no=12552'>12552<\/a><\/li>\n\n\n\n<li><a>...<\/a><\/li>\n\n\n\n<li><a href='?page_no=13611'>13611<\/a><\/li>\n\n\n\n<li><a href='?page_no=13612'>13612<\/a><\/li>\n\n    \n\t\n\n<li >\n\t<a href='?page_no=12551'>Next<\/a>\n\t<\/li>\n\n\n    \n\n<li><a href='?page_no=13612'>Last &rsaquo;&rsaquo;<\/a><\/li>\n\n<\/ul>\n\n\n--><br \/>\n<\/body><\/p>\n","protected":false},"excerpt":{"rendered":"<p>\u00bfPor qu\u00e9 nos esp\u00edan los gobiernos? &#13; Dafne Sabanes Plou &#13; ALAI AMLATINA, 13\/11\/2007, R\u00edo de Janeiro.- Una de las discusiones que se est\u00e1 dando en el marco del Foro de Gobernanza de Internet (FGI), que se desarrolla en R\u00edo de Janeiro, del 12 al 15 de noviembre de 2007, tiene que ver con la [&hellip;]<\/p>\n","protected":false},"author":3,"featured_media":0,"comment_status":"open","ping_status":"open","sticky":false,"template":"","format":"standard","meta":{"footnotes":""},"categories":[16],"tags":[],"class_list":["post-36715","post","type-post","status-publish","format-standard","hentry","category-opiniones"],"_links":{"self":[{"href":"https:\/\/diariodominicano.com\/index.php?rest_route=\/wp\/v2\/posts\/36715","targetHints":{"allow":["GET"]}}],"collection":[{"href":"https:\/\/diariodominicano.com\/index.php?rest_route=\/wp\/v2\/posts"}],"about":[{"href":"https:\/\/diariodominicano.com\/index.php?rest_route=\/wp\/v2\/types\/post"}],"author":[{"embeddable":true,"href":"https:\/\/diariodominicano.com\/index.php?rest_route=\/wp\/v2\/users\/3"}],"replies":[{"embeddable":true,"href":"https:\/\/diariodominicano.com\/index.php?rest_route=%2Fwp%2Fv2%2Fcomments&post=36715"}],"version-history":[{"count":0,"href":"https:\/\/diariodominicano.com\/index.php?rest_route=\/wp\/v2\/posts\/36715\/revisions"}],"wp:attachment":[{"href":"https:\/\/diariodominicano.com\/index.php?rest_route=%2Fwp%2Fv2%2Fmedia&parent=36715"}],"wp:term":[{"taxonomy":"category","embeddable":true,"href":"https:\/\/diariodominicano.com\/index.php?rest_route=%2Fwp%2Fv2%2Fcategories&post=36715"},{"taxonomy":"post_tag","embeddable":true,"href":"https:\/\/diariodominicano.com\/index.php?rest_route=%2Fwp%2Fv2%2Ftags&post=36715"}],"curies":[{"name":"wp","href":"https:\/\/api.w.org\/{rel}","templated":true}]}}