{"id":36694,"date":"2007-11-20T13:16:43","date_gmt":"2007-11-20T13:16:43","guid":{"rendered":"http:\/\/diariodominicano.ddns.net\/?p=36694"},"modified":"2007-11-20T13:16:43","modified_gmt":"2007-11-20T13:16:43","slug":"reflexiones-del-presidente-fidel-castro-6","status":"publish","type":"post","link":"https:\/\/diariodominicano.com\/?p=36694","title":{"rendered":"REFLEXIONES DEL PRESIDENTE FIDEL CASTRO"},"content":{"rendered":"<p><body><\/p>\n<p align=\"justify\"><strong class=\"titulogrande1\">Reflexiones  del presidente fidel castro<\/strong><strong><br \/>&#13;<br \/>\n  <br \/>&#13;<br \/>\n  <\/strong><strong>El di\u00e1logo con  Ch\u00e1vez<\/strong><br \/>&#13;<br \/>\n  <br \/>&#13;<br \/>\n  <span class=\"text1noticias\">Hice referencia el pasado d\u00eda 15 de  noviembre a una tercera reflexi\u00f3n sobre la Cumbre Iberoamericana;  dije textualmente \u00abque por ahora no publico\u00bb. Me parece, sin embargo,  m\u00e1s conveniente hacerlo antes del refer\u00e9ndum del 2 de diciembre. <br \/>&#13;<br \/>\n  <br \/>&#13;<br \/>\n  Se\u00f1alaba en aquella reflexi\u00f3n, escrita el  d\u00eda 13, lo siguiente:<br \/>&#13;<br \/>\n  <br \/>&#13;<br \/>\n  Ayer nuestra poblaci\u00f3n pudo escuchar a  Ch\u00e1vez en el programa de la   Mesa Redonda. Lo llam\u00e9 cuando afirm\u00f3 que Fidel era un hombre  de otro mundo, que el 11 de abril de 2002 habl\u00f3 con \u00e9l, cuando sus  comunicaciones oficiales estaban interceptadas, a trav\u00e9s de un tel\u00e9fono ubicado  en la cocina.<br \/>&#13;<br \/>\n  <br \/>&#13;<br \/>\n  Yo estaba reunido el d\u00eda del golpe con el  Presidente del Gobierno del Pa\u00eds Vasco. Los hechos se suced\u00edan uno tras otro.  Aquella fat\u00eddica tarde, por esa misma v\u00eda hab\u00edan llamado para despedirse varios  de los que all\u00ed estaban dispuestos a morir junto a Ch\u00e1vez. Recuerdo con  exactitud lo que le dije ya de noche cuando le ped\u00ed que no se inmolara: que  Allende no dispon\u00eda de un solo soldado para resistir y \u00e9l en cambio contaba con  miles. <br \/>&#13;<br \/>\n  <br \/>&#13;<br \/>\n  En nuestro di\u00e1logo telef\u00f3nico durante el  acto de la Cumbre  de los Pueblos, trat\u00e9 de a\u00f1adirle que morir para no caer prisionero \u2014como me  ocurri\u00f3 una vez y estuve a punto de serlo nuevamente antes de llegar a las  monta\u00f1as\u2014 era una forma de morir con dignidad. Yo hab\u00eda afirmado lo mismo que  \u00e9l dijo: que Allende muri\u00f3 combatiendo.<br \/>&#13;<br \/>\n  <br \/>&#13;<br \/>\n  De un balazo en la barbilla, dirigido al  cr\u00e1neo, sobrevivi\u00f3 uno de los generales m\u00e1s gloriosos de nuestras guerras de independencia,  Calixto Garc\u00eda \u00cd\u00f1iguez. Su madre, que no cre\u00eda la noticia de que su hijo  estuviera prisionero, al conocer toda la verdad, exclam\u00f3 con orgullo: \u00a1ese s\u00ed  es mi hijo! <br \/>&#13;<br \/>\n  Tal idea quise transmitirle por el  tel\u00e9fono celular sin amplificador, que esta vez portaba Lage, Secretario del  Comit\u00e9 Ejecutivo del Consejo de Ministros de Cuba. Ch\u00e1vez apenas pod\u00eda o\u00edr mis  palabras, como ocurri\u00f3 tambi\u00e9n con la orden de callarse que le espet\u00f3 el Rey de  Espa\u00f1a. <br \/>&#13;<br \/>\n  <br \/>&#13;<br \/>\n  En ese instante del acto lleg\u00f3 Evo,  genuino indio aymara, que tambi\u00e9n habl\u00f3, como lo hizo Daniel, en cuyo rostro  Ch\u00e1vez ob-serv\u00f3, con raz\u00f3n, rasgos mayas.<br \/>&#13;<br \/>\n  <br \/>&#13;<br \/>\n  Estoy de acuerdo con \u00e9l cuando afirm\u00f3 que  soy una extra\u00f1a mezcla de razas. Tengo sangre ta\u00edna, canaria, celta y qui\u00e9n  sabe cu\u00e1ntas m\u00e1s.<br \/>&#13;<br \/>\n  <br \/>&#13;<br \/>\n  Estaba impaciente por escucharlos de nuevo  a los tres. Antes dije: \u00a1Vivan los miles de chilenos que murieron combatiendo  contra la tiran\u00eda impuesta por el imperialismo! Y conclu\u00ed proclamando junto a  Ch\u00e1vez la consigna bolivariana, guevarista y cubana de: \u00abPatria, Socialismo  o Muerte\u00bb \u00a1Venceremos!<br \/>&#13;<br \/>\n  <br \/>&#13;<br \/>\n  Ayer lunes 12 escuch\u00e9 a trav\u00e9s de una  conocida emisora privada de televisi\u00f3n venezolana, al servicio del imperio, una  declaraci\u00f3n y un discurso elaborados de punta a cabo por la Embajada de Estados  Unidos. \u00a1Qu\u00e9 hueco y rid\u00edculo sonaba todo frente al discurso vibrante de Ch\u00e1vez  en el debate!<br \/>&#13;<br \/>\n  <br \/>&#13;<br \/>\n\u00a1Gloria al Bravo Pueblo que el yugo lanz\u00f3!<br \/>&#13;<br \/>\n<br \/>&#13;<br \/>\n\u00a1Viva Hugo Rafael Ch\u00e1vez!<br \/>&#13;<br \/>\n<br \/>&#13;<br \/>\n  <strong>Fidel Castro Ruz<\/strong><br \/>&#13;<br \/>\n  <br \/>&#13;<br \/>\n  <strong>Noviembre 18 de 2007<\/strong><br \/>&#13;<br \/>\n  <br \/>&#13;<br \/>\n  <strong>3 y 16 p.m.<\/strong><\/span><\/p>\n<p>&#13;<\/p>\n<h6> 2007-11-20 13:16:43 <\/h6>\n<p><!--\n<link rel=\"stylesheet\" href=\"css\/bootstrap.min.css\">\n\n\n<ul class=\"pagination\">\n\t    \n\t\n\n<li >\n\t<a href='?page_no=12530'>Previous<\/a>\n\t<\/li>\n\n\n       \n    \n\n<li><a href='?page_no=1'>1<\/a><\/li>\n\n\n\n<li><a href='?page_no=2'>2<\/a><\/li>\n\n\n\n<li><a>...<\/a><\/li>\n\n\n\n<li><a href='?page_no=12529'>12529<\/a><\/li>\n\n\n\n<li><a href='?page_no=12530'>12530<\/a><\/li>\n\n\n\n<li class='active'><a>12531<\/a><\/li>\n\n\n\n<li><a href='?page_no=12532'>12532<\/a><\/li>\n\n\n\n<li><a href='?page_no=12533'>12533<\/a><\/li>\n\n\n\n<li><a>...<\/a><\/li>\n\n\n\n<li><a href='?page_no=13611'>13611<\/a><\/li>\n\n\n\n<li><a href='?page_no=13612'>13612<\/a><\/li>\n\n    \n\t\n\n<li >\n\t<a href='?page_no=12532'>Next<\/a>\n\t<\/li>\n\n\n    \n\n<li><a href='?page_no=13612'>Last &rsaquo;&rsaquo;<\/a><\/li>\n\n<\/ul>\n\n\n--><br \/>\n<\/body><\/p>\n","protected":false},"excerpt":{"rendered":"<p>Reflexiones del presidente fidel castro&#13; &#13; El di\u00e1logo con Ch\u00e1vez&#13; &#13; Hice referencia el pasado d\u00eda 15 de noviembre a una tercera reflexi\u00f3n sobre la Cumbre Iberoamericana; dije textualmente \u00abque por ahora no publico\u00bb. Me parece, sin embargo, m\u00e1s conveniente hacerlo antes del refer\u00e9ndum del 2 de diciembre. &#13; &#13; Se\u00f1alaba en aquella reflexi\u00f3n, escrita [&hellip;]<\/p>\n","protected":false},"author":3,"featured_media":0,"comment_status":"open","ping_status":"open","sticky":false,"template":"","format":"standard","meta":{"footnotes":""},"categories":[16],"tags":[],"class_list":["post-36694","post","type-post","status-publish","format-standard","hentry","category-opiniones"],"_links":{"self":[{"href":"https:\/\/diariodominicano.com\/index.php?rest_route=\/wp\/v2\/posts\/36694","targetHints":{"allow":["GET"]}}],"collection":[{"href":"https:\/\/diariodominicano.com\/index.php?rest_route=\/wp\/v2\/posts"}],"about":[{"href":"https:\/\/diariodominicano.com\/index.php?rest_route=\/wp\/v2\/types\/post"}],"author":[{"embeddable":true,"href":"https:\/\/diariodominicano.com\/index.php?rest_route=\/wp\/v2\/users\/3"}],"replies":[{"embeddable":true,"href":"https:\/\/diariodominicano.com\/index.php?rest_route=%2Fwp%2Fv2%2Fcomments&post=36694"}],"version-history":[{"count":0,"href":"https:\/\/diariodominicano.com\/index.php?rest_route=\/wp\/v2\/posts\/36694\/revisions"}],"wp:attachment":[{"href":"https:\/\/diariodominicano.com\/index.php?rest_route=%2Fwp%2Fv2%2Fmedia&parent=36694"}],"wp:term":[{"taxonomy":"category","embeddable":true,"href":"https:\/\/diariodominicano.com\/index.php?rest_route=%2Fwp%2Fv2%2Fcategories&post=36694"},{"taxonomy":"post_tag","embeddable":true,"href":"https:\/\/diariodominicano.com\/index.php?rest_route=%2Fwp%2Fv2%2Ftags&post=36694"}],"curies":[{"name":"wp","href":"https:\/\/api.w.org\/{rel}","templated":true}]}}