{"id":36686,"date":"2007-11-21T15:09:11","date_gmt":"2007-11-21T15:09:11","guid":{"rendered":"http:\/\/diariodominicano.ddns.net\/?p=36686"},"modified":"2007-11-21T15:09:11","modified_gmt":"2007-11-21T15:09:11","slug":"la-ronda-de-los-precios","status":"publish","type":"post","link":"https:\/\/diariodominicano.com\/?p=36686","title":{"rendered":"La ronda de los precios"},"content":{"rendered":"<p><body><\/p>\n<p class=\"titulogrande1\">La ronda de los precios<\/p>\n<p>&#13;<\/p>\n<p class=\"textogrande\">Antonio Peredo Leigue<\/p>\n<p>&#13;<\/p>\n<p align=\"justify\" class=\"text1noticias\"><strong>ALAI AMLATINA. 19\/11\/2007, La Paz.-<\/strong> Que el esta\u00f1o haya  sobrepasado su \u00a0precio m\u00e1s alto desde la Segunda Guerra  Mundial y el petr\u00f3leo est\u00e9 bordeando los 100 d\u00f3lares, puede significar una excelente  oportunidad para Bolivia. Pero, en otra perspectiva, podr\u00eda ser la  repetici\u00f3n de una historia de frustraciones.<\/p>\n<p>&#13;<\/p>\n<p align=\"justify\" class=\"text1noticias\">Hagamos abstracci\u00f3n, siquiera por unos momentos, de las  grescas casi infantiles en que nos enredamos unos contra otros a  prop\u00f3sito de cualquier tema. Tratemos de ubicar, la situaci\u00f3n econ\u00f3mica  mundial y su incidencia en el proceso que vive Bolivia. Este no es, no  puede ser, un ejercicio exclusivo de los economistas. Todos estamos  obligados a interesarnos en esa perspectiva; adem\u00e1s, la historia de los  pasados 50 a\u00f1os, nos da los elementos de juicio suficientes para  comprender tal proceso.<\/p>\n<p>&#13;<\/p>\n<p align=\"justify\" class=\"text1noticias\">Si nos situamos en 1957, encontraremos que la reconstrucci\u00f3n  de Europa marchaba a toda marcha y Estados Unidos, en su reciente  papel de gendarme internacional, buscaba asentar su dominio en el  Asia. Los precios internacionales de las materias primas eran bastante  altos. <br \/>&#13;<br \/>\n  <br \/>&#13;<br \/>\n  Pero, por otra parte, el petr\u00f3leo es muy barato y permite un  alto consumo en el movimiento de los grandes aparatos de guerra.<\/p>\n<p>&#13;<\/p>\n<p align=\"justify\" class=\"text1noticias\">A\u00fan as\u00ed, o talvez precisamente por sus exigencias b\u00e9licas en  la amplia extensi\u00f3n del Asia, era importante para la potencia  norteamericana mantener un control estricto sobre esos precios. <br \/>&#13;<br \/>\n  <br \/>&#13;<br \/>\nBasta  recordar el \u201cdumping\u201d del esta\u00f1o que baj\u00f3 bruscamente la cotizaci\u00f3n  internacional de este mineral, como respuesta a la nacionalizaci\u00f3n de las  minas en Bolivia. Algo similar har\u00eda con los recursos de otros pa\u00edses latinoamericanos.<\/p>\n<p>&#13;<\/p>\n<p align=\"justify\" class=\"text1noticias\">Una d\u00e9cada despu\u00e9s, tales precios estaban en ca\u00edda lenta. Se  atisba una crisis que, a comienzos de los a\u00f1os \u201970 estallar\u00e1 con el  alza en el valor del petr\u00f3leo. La OPEP (Organizaci\u00f3n de Pa\u00edses Exportadores de Petr\u00f3leo) ha tomado el control de su producto y fijado el  precio que, hasta entonces, era manejado por las transnacionales.<\/p>\n<p>&#13;<\/p>\n<p align=\"justify\" class=\"text1noticias\">Esa crisis produjo una corta etapa de excelentes precios  para las materias primas y dinero a bajo costo. Fue el momento de los  grandes endeudamientos y los proyectos fara\u00f3nicos de las dictaduras  militares encaramadas en nuestros pa\u00edses. A fines de esos a\u00f1os \u201970, la  situaci\u00f3n se revirti\u00f3 con gran rapidez.<\/p>\n<p>&#13;<\/p>\n<p align=\"justify\" class=\"text1noticias\">Estados Unidos hab\u00eda controlado la situaci\u00f3n y busc\u00f3  deshacerse de las dictaduras que hab\u00eda propiciado desde los a\u00f1os \u201960.<\/p>\n<p>&#13;<\/p>\n<p align=\"justify\" class=\"text1noticias\">Hace 25 a\u00f1os, la inform\u00e1tica y la computaci\u00f3n ya eran la  gran industria mundial y, las materias primas, carec\u00edan de inter\u00e9s; al  menos, esa era la versi\u00f3n que se encargaban de difundir los grandes  analistas internacionales.<\/p>\n<p>&#13;<\/p>\n<p align=\"justify\" class=\"text1noticias\">Pero el consumo de energ\u00e9ticos y, en consecuencia, de  hidrocarburos, iba en aumento. Pese a los sat\u00e9lites, la televisi\u00f3n por cable y  los celulares, el transporte f\u00edsico aumentaba sin control\u2026 y el  petr\u00f3leo escal\u00f3 hasta las nubes.<\/p>\n<p>&#13;<\/p>\n<p align=\"justify\" class=\"text1noticias\">En esa l\u00ednea, aparecen los indicios de una nueva etapa de  mejoramiento en la cotizaci\u00f3n de las materias primas. Hasta aqu\u00ed,  pareciera que se trata de una secuencia de alzas y bajas que se deben,  b\u00e1sicamente, a la especulaci\u00f3n de las bolsas.<\/p>\n<p>&#13;<\/p>\n<p align=\"justify\" class=\"text1noticias\">Pero no es as\u00ed. Han aparecido factores que, hasta hace  veinte a\u00f1os, ni siquiera se tomaban en cuenta. China e India, los dos pa\u00edses  con m\u00e1s poblaci\u00f3n en el mundo (m\u00e1s de 2 mil millones de habitantes  entre ambos) est\u00e1n desarrollando una econom\u00eda de mercado que supera, en  demanda, la del resto del mundo, exceptuando las grandes potencias.<\/p>\n<p>&#13;<\/p>\n<p align=\"justify\" class=\"text1noticias\">Cemento, hierro, minerales, han sufrido una elevaci\u00f3n de los  precios, como resultado de la construcci\u00f3n y el transporte en esos  gigantes.<\/p>\n<p>&#13;<\/p>\n<p align=\"justify\" class=\"text1noticias\">Pero, de otro lado, la econom\u00eda de Estados Unidos entr\u00f3 en  una crisis recesiva, a consecuencia de los enormes gastos que  significan sus aventuras en Afganist\u00e1n e Irak. La Uni\u00f3n Europea, que  se beneficia con el aumento en el valor de su moneda, sabe que a corto plazo  pagar\u00e1 tambi\u00e9n las consecuencias de esa situaci\u00f3n. Por lo pronto,  su desarrollo econ\u00f3mico se ha visto frenado.<\/p>\n<p>&#13;<\/p>\n<p align=\"justify\" class=\"text1noticias\">\u00bfCu\u00e1les son las proyecciones en Am\u00e9rica Latina? Dependen,  por supuesto, de las pol\u00edticas que desarrollemos en los pr\u00f3ximos a\u00f1os. Si  nos dejamos llevar por la ilusi\u00f3n de potenciarnos individualmente,  repetiremos la experiencia de las d\u00e9cadas anteriores: gastos fara\u00f3nicos y  endeudamiento empobrecedor. La alternativa es concretar la integraci\u00f3n  regional.<\/p>\n<p>&#13;<\/p>\n<p align=\"justify\" class=\"text1noticias\">\u00bfPor qu\u00e9? Tanto Estados Unidos como la Uni\u00f3n Europea nos  est\u00e1n dando muestras de que, la integraci\u00f3n regional, es el curso  correcto que debemos asumir. Lo hacen, por supuesto, tent\u00e1ndonos con el  facilismo de los tratados de libre comercio. De ambas vertientes, nos  apremian para asociarnos con ellos, solitarios o en conjunto. Lo  importante es que relacionemos todo nuestro comercio con los pa\u00edses  desarrollados, para continuar en la situaci\u00f3n de dependencia.<\/p>\n<p>&#13;<\/p>\n<p align=\"justify\" class=\"text1noticias\">La integraci\u00f3n regional, como alternativa, siempre ha sido  la respuesta correcta, pero nunca la asumimos. Nos dejamos arrastrar, en  cada ocasi\u00f3n, a los cautivadores programas de las grandes  potencias. La integraci\u00f3n ha sido s\u00f3lo un discurso que reservamos para los  encuentros internacionales.<\/p>\n<p>&#13;<\/p>\n<p align=\"justify\" class=\"text1noticias\">Hoy, estamos en condiciones de hacer realidad ese proyecto  que fue entrevisto por libertadores hace casi dos siglos.<\/p>\n<p>&#13;<\/p>\n<p align=\"justify\" class=\"text1noticias\">\u00bfC\u00f3mo hacerlo? Partiendo de nuestras debilidades. Por  supuesto que debemos usar las fortalezas que tenemos, pero estableciendo  la estructura integradora en base a la soluci\u00f3n de las  carencias y dificultades que nos han dejado las potencias.<\/p>\n<p>&#13;<\/p>\n<p align=\"justify\" class=\"text1noticias\">Concretamente, en este momento, enfrentamos una crisis  energ\u00e9tica en toda la regi\u00f3n. Es una crisis de crecimiento. Una crisis que  no se resolver\u00e1 concertando tratados con la potencia  norteamericana o europea. <br \/>&#13;<br \/>\n  <br \/>&#13;<br \/>\n  S\u00f3lo es posible hacerlo, usando nuestros propios recursos  para cubrir nuestras necesidades. En otros t\u00e9rminos: lo que es nuestro,  debe servir para nuestro desarrollo.<\/p>\n<p>&#13;<\/p>\n<p align=\"justify\" class=\"text1noticias\">Hablamos de la regi\u00f3n, no de un pa\u00eds y menos a\u00fan de una  provincia o departamento. Los recursos energ\u00e9ticos deben usarse en el  desarrollo regional, a condici\u00f3n de que tal desarrollo sea compartido. Quienes tenemos los recursos primarios debemos recibir apoyo para industrializarlos. Quienes requieren de esos recursos, deben  recibirlos en condiciones de hermanamiento. Esa es la base de la  integraci\u00f3n. De otra manera, manejando nuestros recursos como simple  mercanc\u00eda, nunca saldremos del c\u00edrculo vicioso de auge y ca\u00edda de nuestra  econom\u00eda que se repite desde hace centenas.<\/p>\n<p>&#13;<\/p>\n<p align=\"justify\" class=\"text1noticias\">Bolivia tiene tanto el desaf\u00edo como la llave de la  integraci\u00f3n. No s\u00f3lo por el gas, sino por un recurso mucho m\u00e1s valioso: el agua.  Estando al centro del continente, somos proveedores adecuados del  energ\u00e9tico, siempre que desarrollemos la electrificaci\u00f3n, la agricultura  y la ganader\u00eda, as\u00ed como la industrializaci\u00f3n de nuestras  materias primas.<\/p>\n<p>&#13;<\/p>\n<p align=\"justify\" class=\"text1noticias\">En cuanto al agua, tomando conciencia de que, desde nuestros  nevados comienza a correr el agua que nutre las grandes cuencas del  Amazonas y del Plata, estamos obligados a implementar una pol\u00edtica que  haga, de ese recurso hasta ahora malgastado, en un recurso racionalmente  manejado. <br \/>&#13;<br \/>\n  <br \/>&#13;<br \/>\n  Las grandes represas construidas entre Brasil, Paraguay y  Argentina, han mostrado su insuficiencia, pese a lo gigantesco de esos  proyectos. <br \/>&#13;<br \/>\n  <br \/>&#13;<br \/>\n\u00bfOtros m\u00e1s de esas o mayores dimensiones, solucionar\u00e1n la  crisis energ\u00e9tica? Todo indica que, al contrario, crear\u00e1n mayores  bolsones de miseria en los mismos pa\u00edses en que se construyan.<\/p>\n<p>&#13;<\/p>\n<p align=\"justify\" class=\"text1noticias\">Bolivia puede enfrentar exitosamente esa tarea: hacer que el  agua sea un recurso racionalmente \u00fatil para toda la regi\u00f3n.<\/p>\n<p>&#13;<\/p>\n<p align=\"justify\" class=\"text1noticias\">Estamos en el centro de Sudam\u00e9rica. Somos la llave para un  real acuerdo sudamericano.<\/p>\n<p>&#13;<\/p>\n<p align=\"justify\" class=\"text1noticias\">&#8211; Antonio Peredo Leige es periodista y profesor  universitario boliviano. <br \/>&#13;<br \/>\n  <br \/>&#13;<br \/>\n  Fue director del semanario \u2019Aqu\u00ed\u2019 y candidato  vicepresidencial del MAS en las elecciones de 2002. En la actualidad es Senador de  Bolivia.<\/p>\n<p>&#13;<\/p>\n<h6> 2007-11-21 15:09:11 <\/h6>\n<p><!--\n<link rel=\"stylesheet\" href=\"css\/bootstrap.min.css\">\n\n\n<ul class=\"pagination\">\n\t    \n\t\n\n<li >\n\t<a href='?page_no=12523'>Previous<\/a>\n\t<\/li>\n\n\n       \n    \n\n<li><a href='?page_no=1'>1<\/a><\/li>\n\n\n\n<li><a href='?page_no=2'>2<\/a><\/li>\n\n\n\n<li><a>...<\/a><\/li>\n\n\n\n<li><a href='?page_no=12522'>12522<\/a><\/li>\n\n\n\n<li><a href='?page_no=12523'>12523<\/a><\/li>\n\n\n\n<li class='active'><a>12524<\/a><\/li>\n\n\n\n<li><a href='?page_no=12525'>12525<\/a><\/li>\n\n\n\n<li><a href='?page_no=12526'>12526<\/a><\/li>\n\n\n\n<li><a>...<\/a><\/li>\n\n\n\n<li><a href='?page_no=13611'>13611<\/a><\/li>\n\n\n\n<li><a href='?page_no=13612'>13612<\/a><\/li>\n\n    \n\t\n\n<li >\n\t<a href='?page_no=12525'>Next<\/a>\n\t<\/li>\n\n\n    \n\n<li><a href='?page_no=13612'>Last &rsaquo;&rsaquo;<\/a><\/li>\n\n<\/ul>\n\n\n--><br \/>\n<\/body><\/p>\n","protected":false},"excerpt":{"rendered":"<p>La ronda de los precios &#13; Antonio Peredo Leigue &#13; ALAI AMLATINA. 19\/11\/2007, La Paz.- Que el esta\u00f1o haya sobrepasado su \u00a0precio m\u00e1s alto desde la Segunda Guerra Mundial y el petr\u00f3leo est\u00e9 bordeando los 100 d\u00f3lares, puede significar una excelente oportunidad para Bolivia. Pero, en otra perspectiva, podr\u00eda ser la repetici\u00f3n de una historia [&hellip;]<\/p>\n","protected":false},"author":3,"featured_media":0,"comment_status":"open","ping_status":"open","sticky":false,"template":"","format":"standard","meta":{"footnotes":""},"categories":[16],"tags":[],"class_list":["post-36686","post","type-post","status-publish","format-standard","hentry","category-opiniones"],"_links":{"self":[{"href":"https:\/\/diariodominicano.com\/index.php?rest_route=\/wp\/v2\/posts\/36686","targetHints":{"allow":["GET"]}}],"collection":[{"href":"https:\/\/diariodominicano.com\/index.php?rest_route=\/wp\/v2\/posts"}],"about":[{"href":"https:\/\/diariodominicano.com\/index.php?rest_route=\/wp\/v2\/types\/post"}],"author":[{"embeddable":true,"href":"https:\/\/diariodominicano.com\/index.php?rest_route=\/wp\/v2\/users\/3"}],"replies":[{"embeddable":true,"href":"https:\/\/diariodominicano.com\/index.php?rest_route=%2Fwp%2Fv2%2Fcomments&post=36686"}],"version-history":[{"count":0,"href":"https:\/\/diariodominicano.com\/index.php?rest_route=\/wp\/v2\/posts\/36686\/revisions"}],"wp:attachment":[{"href":"https:\/\/diariodominicano.com\/index.php?rest_route=%2Fwp%2Fv2%2Fmedia&parent=36686"}],"wp:term":[{"taxonomy":"category","embeddable":true,"href":"https:\/\/diariodominicano.com\/index.php?rest_route=%2Fwp%2Fv2%2Fcategories&post=36686"},{"taxonomy":"post_tag","embeddable":true,"href":"https:\/\/diariodominicano.com\/index.php?rest_route=%2Fwp%2Fv2%2Ftags&post=36686"}],"curies":[{"name":"wp","href":"https:\/\/api.w.org\/{rel}","templated":true}]}}