{"id":36684,"date":"2007-11-22T13:21:14","date_gmt":"2007-11-22T13:21:14","guid":{"rendered":"http:\/\/diariodominicano.ddns.net\/?p=36684"},"modified":"2007-11-22T13:21:14","modified_gmt":"2007-11-22T13:21:14","slug":"guatemala-democracia-paritaria","status":"publish","type":"post","link":"https:\/\/diariodominicano.com\/?p=36684","title":{"rendered":"Guatemala: Democracia paritaria"},"content":{"rendered":"<p><body><\/p>\n<p class=\"titulogrande1\">Guatemala: Democracia paritaria<\/p>\n<p>&#13;<\/p>\n<p class=\"textogrande\">Ileana Alamilla<\/p>\n<p>&#13;<\/p>\n<p align=\"justify\" class=\"text1noticias\"><strong>ALAI AMLATINA, 21\/11\/2007, Guatemala.- <\/strong>La visita del  presidente electo, \u00a0\u00c1lvaro Colom, a  Chile, no pudo ser m\u00e1s oportuna para nosotras. Tiene en \u00a0ese pa\u00eds un buen referente por emular, en  relaci\u00f3n con la necesaria \u00a0equidad por la  que clama nuestro pa\u00eds, que apenas est\u00e1 conociendo que \u00a0ese tambi\u00e9n es un derecho humano fundamental  sin el cual el desarrollo \u00a0no ser\u00e1  factible.<\/p>\n<p>&#13;<\/p>\n<p align=\"justify\" class=\"text1noticias\">Pocas referencias escuchamos del entonces candidato de la UNE durante su campa\u00f1a en relaci\u00f3n con las mujeres. Seguramente quedaron  diluidas en el mar de ofertas electorales, pero estamos atentas a las  primeras decisiones que vaya asumiendo el mandatario en relaci\u00f3n con  los aspectos que nos ata\u00f1en, que en el \u00e1rea rural contribuyeron con su  voto para que ocupara la silla presidencial.<\/p>\n<p>&#13;<\/p>\n<p align=\"justify\" class=\"text1noticias\">Talvez una primera se\u00f1al podr\u00eda ser la composici\u00f3n del  Gabinete, en donde asegur\u00f3 que habr\u00eda inclusi\u00f3n de mujeres e ind\u00edgenas.  Por supuesto que, aunque ambicionamos llegar a ese momento, por ahora no  esperamos paridad en su integraci\u00f3n.<\/p>\n<p>&#13;<\/p>\n<p align=\"justify\" class=\"text1noticias\">Los sue\u00f1os tienen su momento para hacerse realidad y as\u00ed  suceder\u00e1 con el ideal de miles de mujeres congregadas hace 11 a\u00f1os en Pek\u00edn,  que esperaban que en el 2005 existiera en el mundo una  \u201cdemocracia paritaria\u201d, lo que implica que los puestos de decisi\u00f3n sean  ocupados paritariamente por hombres y mujeres de manera igualitaria.  No sucedi\u00f3 as\u00ed, pero la demanda sigue siendo leg\u00edtima.<\/p>\n<p>&#13;<\/p>\n<p align=\"justify\" class=\"text1noticias\">Igual importancia tendr\u00e1 el fortalecimiento y apoyo  financiero a la Secretar\u00eda Presidencial de la Mujer (Seprem), un  incuestionable logro del movimiento de mujeres, as\u00ed como la continuidad y  efectivo cumplimiento de la Pol\u00edtica Nacional  de Promoci\u00f3n y Desarrollo de las Mujeres Guatemaltecas, por parte de todas las instituciones  p\u00fablicas.<\/p>\n<p>&#13;<\/p>\n<p align=\"justify\" class=\"text1noticias\">El anunciado ministerio de la familia, proyecto de la esposa  del presidente, no puede sustituir a esta instituci\u00f3n, pues  equivaldr\u00eda a un retroceso que este pa\u00eds no puede darse el lujo de permitir.<\/p>\n<p>&#13;<\/p>\n<p align=\"justify\" class=\"text1noticias\">Tampoco es aceptable que la Seprem quede como un simple  adorno. La nueva administraci\u00f3n, si verdaderamente tiene planes de combatir  la pobreza y la desigualdad, debe promover el mejoramiento de la  situaci\u00f3n de las mujeres que constituyen la mitad de la poblaci\u00f3n.<\/p>\n<p>&#13;<\/p>\n<p align=\"justify\" class=\"text1noticias\">Seg\u00fan un estudio del Banco Interamericano de Desarrollo  (BID), en la historia de Am\u00e9rica Latina han existido 429 ministras, el 56  por ciento de las cuales fue designado en los \u00faltimos 10 a\u00f1os.<br \/>&#13;<br \/>\n  <br \/> &#13;<br \/>\n  Es tan  grosera la disparidad que la   ONU, sobre la base del an\u00e1lisis de las tendencias de crecimiento de mujeres en cargos de poder, revel\u00f3 que \u201cde  mantenerse el ritmo promedio actual, las mujeres alcanzar\u00edan iguales  proporciones de representaci\u00f3n que los hombres en aproximadamente 500 a\u00f1os\u201d.<\/p>\n<p>&#13;<\/p>\n<p align=\"justify\" class=\"text1noticias\">Pero, volviendo a nuestra realidad, los resultados electorales  no pueden ser m\u00e1s elocuentes: 19 de 158 diputados son mujeres, y seis  alcaldesas de las 332 corporaciones municipales, lo que demuestra la  legitimidad de las demandas desatendidas y los enormes esfuerzos que hay  que continuar haciendo para hacer efectiva la plena participaci\u00f3n pol\u00edtica  femenina.<\/p>\n<p>&#13;<\/p>\n<p align=\"justify\" class=\"text1noticias\">Y, para m\u00e1s se\u00f1as, los datos ofrecidos por Mar\u00eda Teresa  Zapeta, titular de la   Defensor\u00eda de la Mujer Ind\u00edgena (Demi), la desigualdad expresada en t\u00e9rminos generales se acent\u00faa en el caso de las etnias; solo  cuatro mujeres ind\u00edgenas ocupar\u00e1n una curul en el siguiente  per\u00edodo, lo que equivale al 2.53 por ciento del total de congresistas y, en  el caso de las alcald\u00edas, solo hay una ind\u00edgena entre las seis electas,  o sea, 0.02 por ciento del total.<\/p>\n<p>&#13;<\/p>\n<p align=\"justify\" class=\"text1noticias\">Por eso, el presidente Colom, sus asesores, ministros y  quienes tienen en sus manos las decisiones estrat\u00e9gicas de su partido,  deben tomar en cuenta estos resultados y asumir su responsabilidad con la  democracia.<\/p>\n<p>&#13;<\/p>\n<p align=\"justify\" class=\"text1noticias\">&#8211; Ileana Alamilla es periodista.<\/p>\n<p>&#13;<\/p>\n<h6> 2007-11-22 13:21:14 <\/h6>\n<p><!--\n<link rel=\"stylesheet\" href=\"css\/bootstrap.min.css\">\n\n\n<ul class=\"pagination\">\n\t    \n\t\n\n<li >\n\t<a href='?page_no=12521'>Previous<\/a>\n\t<\/li>\n\n\n       \n    \n\n<li><a href='?page_no=1'>1<\/a><\/li>\n\n\n\n<li><a href='?page_no=2'>2<\/a><\/li>\n\n\n\n<li><a>...<\/a><\/li>\n\n\n\n<li><a href='?page_no=12520'>12520<\/a><\/li>\n\n\n\n<li><a href='?page_no=12521'>12521<\/a><\/li>\n\n\n\n<li class='active'><a>12522<\/a><\/li>\n\n\n\n<li><a href='?page_no=12523'>12523<\/a><\/li>\n\n\n\n<li><a href='?page_no=12524'>12524<\/a><\/li>\n\n\n\n<li><a>...<\/a><\/li>\n\n\n\n<li><a href='?page_no=13611'>13611<\/a><\/li>\n\n\n\n<li><a href='?page_no=13612'>13612<\/a><\/li>\n\n    \n\t\n\n<li >\n\t<a href='?page_no=12523'>Next<\/a>\n\t<\/li>\n\n\n    \n\n<li><a href='?page_no=13612'>Last &rsaquo;&rsaquo;<\/a><\/li>\n\n<\/ul>\n\n\n--><br \/>\n<\/body><\/p>\n","protected":false},"excerpt":{"rendered":"<p>Guatemala: Democracia paritaria &#13; Ileana Alamilla &#13; ALAI AMLATINA, 21\/11\/2007, Guatemala.- La visita del presidente electo, \u00a0\u00c1lvaro Colom, a Chile, no pudo ser m\u00e1s oportuna para nosotras. Tiene en \u00a0ese pa\u00eds un buen referente por emular, en relaci\u00f3n con la necesaria \u00a0equidad por la que clama nuestro pa\u00eds, que apenas est\u00e1 conociendo que \u00a0ese tambi\u00e9n [&hellip;]<\/p>\n","protected":false},"author":3,"featured_media":0,"comment_status":"open","ping_status":"open","sticky":false,"template":"","format":"standard","meta":{"footnotes":""},"categories":[16],"tags":[],"class_list":["post-36684","post","type-post","status-publish","format-standard","hentry","category-opiniones"],"_links":{"self":[{"href":"https:\/\/diariodominicano.com\/index.php?rest_route=\/wp\/v2\/posts\/36684","targetHints":{"allow":["GET"]}}],"collection":[{"href":"https:\/\/diariodominicano.com\/index.php?rest_route=\/wp\/v2\/posts"}],"about":[{"href":"https:\/\/diariodominicano.com\/index.php?rest_route=\/wp\/v2\/types\/post"}],"author":[{"embeddable":true,"href":"https:\/\/diariodominicano.com\/index.php?rest_route=\/wp\/v2\/users\/3"}],"replies":[{"embeddable":true,"href":"https:\/\/diariodominicano.com\/index.php?rest_route=%2Fwp%2Fv2%2Fcomments&post=36684"}],"version-history":[{"count":0,"href":"https:\/\/diariodominicano.com\/index.php?rest_route=\/wp\/v2\/posts\/36684\/revisions"}],"wp:attachment":[{"href":"https:\/\/diariodominicano.com\/index.php?rest_route=%2Fwp%2Fv2%2Fmedia&parent=36684"}],"wp:term":[{"taxonomy":"category","embeddable":true,"href":"https:\/\/diariodominicano.com\/index.php?rest_route=%2Fwp%2Fv2%2Fcategories&post=36684"},{"taxonomy":"post_tag","embeddable":true,"href":"https:\/\/diariodominicano.com\/index.php?rest_route=%2Fwp%2Fv2%2Ftags&post=36684"}],"curies":[{"name":"wp","href":"https:\/\/api.w.org\/{rel}","templated":true}]}}