{"id":36677,"date":"2007-11-27T13:37:04","date_gmt":"2007-11-27T13:37:04","guid":{"rendered":"http:\/\/diariodominicano.ddns.net\/?p=36677"},"modified":"2007-11-27T13:37:04","modified_gmt":"2007-11-27T13:37:04","slug":"colombia-ruptura-de-las-negociaciones","status":"publish","type":"post","link":"https:\/\/diariodominicano.com\/?p=36677","title":{"rendered":"Colombia: Ruptura de las negociaciones"},"content":{"rendered":"<p><body><\/p>\n<p class=\"titulogrande1\">Colombia: Ruptura de las negociaciones<\/p>\n<p>&#13;<\/p>\n<p class=\"textogrande\">Simone Bruno<\/p>\n<p>&#13;<\/p>\n<p align=\"justify\" class=\"text1noticias\"><strong>ALAI AMLATINA, 23\/11\/2007, Bogot\u00e1.-<\/strong> \u201cNo me hables a los  generales que me \u00a0los vuelves chavistas\u201d.<br \/>&#13;<br \/>\n  <br \/>  &#13;<br \/>\nCon esta broma el presidente colombiano \u00c1lvaro Uribe V\u00e9lez hab\u00eda contestado al mandatario  venezolano que ped\u00eda establecer un contacto directo con las fuerzas armadas  colombianas, para poder recibir informaciones directas sobre los militares y  los polic\u00edas secuestrados por las FARC (Fuerzas Armadas Revolucionarias  Colombianas).<\/p>\n<p>&#13;<\/p>\n<p align=\"justify\" class=\"text1noticias\">Y justo este hecho, que se verific\u00f3 durante la \u00faltima Cumbre Iberoamericana en Santiago, ha sido la causa para la abrupta  ruptura de las negociaciones para liberar los rehenes en las manos del  grupo guerrillero colombiano y el fin de la mediaci\u00f3n de  presidente Ch\u00e1vez y de la senadora liberal Piedad C\u00f3rdoba.<\/p>\n<p>&#13;<\/p>\n<p align=\"justify\" class=\"text1noticias\">La senadora y el presidente venezolano acababan de volver a  Caracas desde Paris, en donde los hab\u00eda recibidos el presidente  Sarkozy para debatir los avances de estos tres meses de negociaciones por  el \u201cacuerdo humanitario\u201d, tema que el presidente franc\u00e9s sigue con  inter\u00e9s, siendo la secuestrada m\u00e1s famosa la franco-colombiana Ingrid  Betancourt.<\/p>\n<p>&#13;<\/p>\n<p align=\"justify\" class=\"text1noticias\">Una vez en Caracas, la senadora colombiana empez\u00f3 una serie  de llamadas para organizar la agenda de los d\u00edas siguientes, y mientras  hablaba con el general Mario Montoya, decidi\u00f3 pasarle al presidente  Ch\u00e1vez para unos saludos formales, que duraron, seg\u00fan la senadora, no m\u00e1s de  20 segundos.<\/p>\n<p>&#13;<\/p>\n<p align=\"justify\" class=\"text1noticias\">En medio de la noche, el presidente Uribe, informado por el  mismo general, decidi\u00f3 dar por terminado cualquier negociaci\u00f3n con  las FARC y poner fin a la mediaci\u00f3n del presidente Ch\u00e1vez y la senadora  liberal.<\/p>\n<p>&#13;<\/p>\n<p align=\"justify\" class=\"text1noticias\">Una peque\u00f1a gota que hizo desbordar un vaso vac\u00edo.<\/p>\n<p>&#13;<\/p>\n<p align=\"justify\" class=\"text1noticias\">Realmente parece un hecho insignificante, una llamada de 20  segundos para decidir desbaratar un proceso tan importante que  hubiese abierto el camino para liberar a personas que llevan 4, 5 o hasta 10  a\u00f1os en manos de las FARC. M\u00e1s a\u00fan, cuando esta mediaci\u00f3n de Ch\u00e1vez ha  sido considerada, por varios analistas, como la \u201c\u00faltima posibilidad\u201d.<\/p>\n<p>&#13;<\/p>\n<p align=\"justify\" class=\"text1noticias\">De hecho, no es posible imaginar un mediator que tenga la  capacidad y dedicaci\u00f3n del presidente venezolano.<\/p>\n<p>&#13;<\/p>\n<p align=\"justify\" class=\"text1noticias\">Las reacciones han sido muy fuertes.<\/p>\n<p>&#13;<\/p>\n<p align=\"justify\" class=\"text1noticias\">Marleny Orjuela, vocera de la Asociaci\u00f3n de los  Familiares de los Secuestrados (ASFAMIPAZ), pidi\u00f3 al presidente: \u201cponerse por  un minuto, solo por un minuto, en el lugar de los secuestrados o de sus  familias, para entender c\u00f3mo se sienten\u201d.<\/p>\n<p>&#13;<\/p>\n<p align=\"justify\" class=\"text1noticias\">Otros familiares como Lucy Gechen de Turbay lamentaron \u201ccon  tristeza que se apagara la luz de esperanza que ten\u00edan de recibir pruebas  de vida y de liberaci\u00f3n\u201d.<\/p>\n<p>&#13;<\/p>\n<p align=\"justify\" class=\"text1noticias\">Fabrice Delloye, ex esposo de Ingrid Betancourt, y su actual  compa\u00f1ero Juan Carlos Lecomte han coincidido en sus comentarios en el  sentido que: \u201cel presidente Uribe nunca tuvo ninguna voluntad pol\u00edtica de  llegar a un acuerdo\u201d y que \u201ccomo siempre, cuando las cosa avanzan, \u00e9l  pone obst\u00e1culos\u201d. <br \/>&#13;<br \/>\n  <br \/>&#13;<br \/>\nEst\u00e1n convencidos de que la llamada al general  no es m\u00e1s que un pretexto.<\/p>\n<p>&#13;<\/p>\n<p align=\"justify\" class=\"text1noticias\">El mismo presidente Sarkozy ha sido muy duro. Desde el  Eliseo, a trav\u00e9s de su vocero, ha declarado que: \u201csigo pensando que la  gesti\u00f3n del presidente Ch\u00e1vez es la mejor posible\u201d y que \u201cle pido al  presidente Uribe que deje que la negociaci\u00f3n siga\u201d. Ha anunciado  tambi\u00e9n que la embajada francesa en Bogot\u00e1 llevar\u00e1 una carta directamente  al presidente.<\/p>\n<p>&#13;<\/p>\n<p align=\"justify\" class=\"text1noticias\">El profesor Moncayo, famoso en todo el mundo por sus  caminatas de centenas de kil\u00f3metros para pedir la liberaci\u00f3n de su hijo  en manos de las FARC, recibi\u00f3 la noticia mientras marchaba hacia  Caracas, en donde piensa llegar en unas semanas. \u201cLe pido al presidente Uribe  que cambie de idea\u201d, dijo. Justo ayer su hijo cumpli\u00f3 10 a\u00f1os de  secuestrado.<\/p>\n<p>&#13;<\/p>\n<p align=\"justify\" class=\"text1noticias\">El mismo presidente Ch\u00e1vez, en la noche de ayer, expres\u00f3 su  sorpresa y frustraci\u00f3n, pero se ha mostrado dispuesto a seguir el  proceso. Tambi\u00e9n sigui\u00f3 pidiendo a Marulanda, l\u00edder del grupo guerrillero,  que env\u00ede las pruebas de sobrevivencia de los rehenes y que adelante la  liberaci\u00f3n de un grupo de cerca de 50 secuestrados, todo en la esperanza  que el proceso pueda continuar.<\/p>\n<p>&#13;<\/p>\n<p align=\"justify\" class=\"text1noticias\">Lo que de verdad preocupa el presidente Uribe, es que el  grupo guerrillero, haya aprovechado de la situaci\u00f3n para ganar  visibilidad internacional, imponi\u00e9ndose como un actor pol\u00edtico, sin que,  por el momento, haya dado nada a cambio, ni siquiera las pruebas de sobrevivencia, que la semana pasada, parec\u00edan estar cerca.  El gobierno uribista vive y se alimenta de la ret\u00f3rica beligerante, en  la cual el enemigo es banalizado al nivel de un terrorista y la  victoria final parece estar siempre muy cercana. El hecho de que el enemigo  se acredite en el exterior pone en riesgo la esencia misma del gobierno.<\/p>\n<p>&#13;<\/p>\n<p align=\"justify\" class=\"text1noticias\">Otro tema que no le gusta al Palacio de Nari\u00f1o es que el  presidente Ch\u00e1vez se haya mantenido equidistante de las dos partes,  cosa que contribuye a difundir la idea, en la opini\u00f3n p\u00fablica  internacional, de que la culpa de la situaci\u00f3n de los secuestrados est\u00e1  compartida entre aquellos que los secuestraron y aquellos que no han hecho  nada para liberarlos. La decisi\u00f3n presidencial de ayer parece de  verdad darles raz\u00f3n a los que as\u00ed piensan.<\/p>\n<p>&#13;<\/p>\n<p align=\"justify\" class=\"text1noticias\">Si de un lado no hay duda que los tiempos prolongados y la  b\u00fasqueda de visibilidad internacional es una estrategia de las FARC, por  las cuales m\u00e1s que la liberaci\u00f3n o la paz son importantes los procesos  en cuantos tales. De otro lado, es desconcertante que el miedo a la  propaganda sea m\u00e1s importante que la vida de los rehenes.<\/p>\n<p>&#13;<\/p>\n<p align=\"justify\" class=\"text1noticias\">Parece, de todas maneras improbable, que esta importante  experiencia de mediaci\u00f3n concluya de forma tan abrupta y sin ninguna raz\u00f3n  seria, contra de la voluntad de la comunidad internacional y de la  opini\u00f3n p\u00fablica colombiana.<\/p>\n<p>&#13;<\/p>\n<p align=\"justify\" class=\"text1noticias\">El intercambio humanitario se puede transformar en un hecho  que escape al control del mandatario colombiano por sus implicaciones e  intereses internacionales.<\/p>\n<p>&#13;<\/p>\n<p align=\"justify\" class=\"text1noticias\">Fuertes presiones desde el exterior y de parte de la  sociedad civil colombiana podr\u00edan inducir al mandatario colombiano a  revisar su decisi\u00f3n en los pr\u00f3ximos d\u00edas.<\/p>\n<p>&#13;<\/p>\n<p align=\"justify\" class=\"text1noticias\">&#8211; Simone Bruno es periodista italiano.<\/p>\n<p>&#13;<\/p>\n<h6> 2007-11-27 13:37:04 <\/h6>\n<p><!--\n<link rel=\"stylesheet\" href=\"css\/bootstrap.min.css\">\n\n\n<ul class=\"pagination\">\n\t    \n\t\n\n<li >\n\t<a href='?page_no=12515'>Previous<\/a>\n\t<\/li>\n\n\n       \n    \n\n<li><a href='?page_no=1'>1<\/a><\/li>\n\n\n\n<li><a href='?page_no=2'>2<\/a><\/li>\n\n\n\n<li><a>...<\/a><\/li>\n\n\n\n<li><a href='?page_no=12514'>12514<\/a><\/li>\n\n\n\n<li><a href='?page_no=12515'>12515<\/a><\/li>\n\n\n\n<li class='active'><a>12516<\/a><\/li>\n\n\n\n<li><a href='?page_no=12517'>12517<\/a><\/li>\n\n\n\n<li><a href='?page_no=12518'>12518<\/a><\/li>\n\n\n\n<li><a>...<\/a><\/li>\n\n\n\n<li><a href='?page_no=13611'>13611<\/a><\/li>\n\n\n\n<li><a href='?page_no=13612'>13612<\/a><\/li>\n\n    \n\t\n\n<li >\n\t<a href='?page_no=12517'>Next<\/a>\n\t<\/li>\n\n\n    \n\n<li><a href='?page_no=13612'>Last &rsaquo;&rsaquo;<\/a><\/li>\n\n<\/ul>\n\n\n--><br \/>\n<\/body><\/p>\n","protected":false},"excerpt":{"rendered":"<p>Colombia: Ruptura de las negociaciones &#13; Simone Bruno &#13; ALAI AMLATINA, 23\/11\/2007, Bogot\u00e1.- \u201cNo me hables a los generales que me \u00a0los vuelves chavistas\u201d.&#13; &#13; Con esta broma el presidente colombiano \u00c1lvaro Uribe V\u00e9lez hab\u00eda contestado al mandatario venezolano que ped\u00eda establecer un contacto directo con las fuerzas armadas colombianas, para poder recibir informaciones directas [&hellip;]<\/p>\n","protected":false},"author":3,"featured_media":0,"comment_status":"open","ping_status":"open","sticky":false,"template":"","format":"standard","meta":{"footnotes":""},"categories":[16],"tags":[],"class_list":["post-36677","post","type-post","status-publish","format-standard","hentry","category-opiniones"],"_links":{"self":[{"href":"https:\/\/diariodominicano.com\/index.php?rest_route=\/wp\/v2\/posts\/36677","targetHints":{"allow":["GET"]}}],"collection":[{"href":"https:\/\/diariodominicano.com\/index.php?rest_route=\/wp\/v2\/posts"}],"about":[{"href":"https:\/\/diariodominicano.com\/index.php?rest_route=\/wp\/v2\/types\/post"}],"author":[{"embeddable":true,"href":"https:\/\/diariodominicano.com\/index.php?rest_route=\/wp\/v2\/users\/3"}],"replies":[{"embeddable":true,"href":"https:\/\/diariodominicano.com\/index.php?rest_route=%2Fwp%2Fv2%2Fcomments&post=36677"}],"version-history":[{"count":0,"href":"https:\/\/diariodominicano.com\/index.php?rest_route=\/wp\/v2\/posts\/36677\/revisions"}],"wp:attachment":[{"href":"https:\/\/diariodominicano.com\/index.php?rest_route=%2Fwp%2Fv2%2Fmedia&parent=36677"}],"wp:term":[{"taxonomy":"category","embeddable":true,"href":"https:\/\/diariodominicano.com\/index.php?rest_route=%2Fwp%2Fv2%2Fcategories&post=36677"},{"taxonomy":"post_tag","embeddable":true,"href":"https:\/\/diariodominicano.com\/index.php?rest_route=%2Fwp%2Fv2%2Ftags&post=36677"}],"curies":[{"name":"wp","href":"https:\/\/api.w.org\/{rel}","templated":true}]}}