{"id":36676,"date":"2007-11-27T13:41:51","date_gmt":"2007-11-27T13:41:51","guid":{"rendered":"http:\/\/diariodominicano.ddns.net\/?p=36676"},"modified":"2007-11-27T13:41:51","modified_gmt":"2007-11-27T13:41:51","slug":"uribe-y-el-gobierno-colombiano-reiteran-su-vocacion-por-el-terror-y-la-mentira","status":"publish","type":"post","link":"https:\/\/diariodominicano.com\/?p=36676","title":{"rendered":"Uribe y el gobierno colombiano reiteran su vocaci\u00f3n por el terror y la mentira"},"content":{"rendered":"<p><body><\/p>\n<p align=\"justify\" class=\"titulogrande1\">Uribe y el gobierno  colombiano reiteran su vocaci\u00f3n por el terror y la mentira<\/p>\n<p>&#13;<\/p>\n<p align=\"center\"><strong>\u00a1Sigue La Lucha por a libertad de los  prisioneros de guerra!<\/strong><\/p>\n<p>&#13;<\/p>\n<p align=\"justify\" class=\"text1noticias\">El que pudo tener dudas para aceptar que el gobierno de  \u00c1lvaro Uribe V\u00e9lez, respaldado e identificado carnalmente con al administraci\u00f3n  Bush, es el \u00fanico obst\u00e1culo para lograr un acuerdo humanitario de intercambio  de prisioneros y para cualquier avance hacia la paz, ya tiene ante s\u00ed una  comprobaci\u00f3n suprema.<\/p>\n<p>&#13;<\/p>\n<p align=\"justify\" class=\"text1noticias\">Uribe V\u00e9lez rompi\u00f3 unilateralmente el proceso hacia ese trascendente  acuerdo y dej\u00f3 sin efecto la mediaci\u00f3n del presidente Hugo Ch\u00e1vez Fr\u00edas y de la  senadora colombiana Piedad C\u00f3rdoba, precisamente en el momento en que esas  gestiones avanzaban promisoriamente hacia una fase decisiva.<\/p>\n<p>&#13;<\/p>\n<p align=\"justify\" class=\"text1noticias\">Y lo hizo, autoritariamente, sin previa comunicaci\u00f3n, sin  previa consulta, sin previo aviso, exhibiendo un profundo desprecio hacia las  sanas expectativas que se iban forjando en la sociedad colombiana, entre los  familiares de los presos de ambas partes, en la sociedad venezolana, en los  pueblos de nuestra Am\u00e9rica y del mundo.<\/p>\n<p>&#13;<\/p>\n<p align=\"justify\" class=\"text1noticias\">El pretexto no pudo ser m\u00e1s rid\u00edculo y a la vez m\u00e1s  revelador de su temor frente al avance de las negociaciones en torno a un tema  de alta sensibilidad y proyecci\u00f3n.<\/p>\n<p>&#13;<\/p>\n<p align=\"justify\" class=\"text1noticias\">\u00c1lvaro Uribe y el  gobierno colombiano, con esa actitud han evidenciado adem\u00e1s, que la aceptaci\u00f3n  inicial de la funci\u00f3n mediadora del presidente venezolano y de la senadora  colombiana, formaba parte m\u00e1s de una premeditada maniobra pol\u00edtica que de una  disposici\u00f3n real a superar obst\u00e1culos y alcanzar el acuerdo anhelado.<\/p>\n<p>&#13;<\/p>\n<p align=\"justify\" class=\"text1noticias\">De ah\u00ed se huida cuando el proceso en marcha apuntaba en  direcci\u00f3n al \u00e9xito.<\/p>\n<p>&#13;<\/p>\n<p align=\"justify\" class=\"text1noticias\">Huida que revela inhumanidad, insensibilidad, desprecio por  el sentimiento de los dem\u00e1s y temor a cualquier avance en direcci\u00f3n a la paz.<\/p>\n<p>&#13;<\/p>\n<p align=\"justify\" class=\"text1noticias\">Conocidos los permanentes escollos interpuestos por \u00e9l y los  suyos en todo el curso del proceso, esta abrupta determinaci\u00f3n sella con una  pol\u00edtica de muerte y una clara proclividad hacia la guerra, toda esperanza de  modificaci\u00f3n de conducta.<\/p>\n<p>&#13;<\/p>\n<p align=\"justify\" class=\"text1noticias\">La debilidad lo llev\u00f3 a maniobrar exhibiendo una alta dosis  de hipocres\u00eda, y la debilidad lo condujo a esta absurda ruptura, atropellante  de caros esfuerzos y nobles intenciones; ruptura a tono con los actuales  designios imperiales y con la esencia cavernaria de la pol\u00edtica de los halcones  de Washington.<\/p>\n<p>&#13;<\/p>\n<p align=\"justify\" class=\"text1noticias\">A la sociedad colombiana y a toda la sociedad mundial, solo  le resta espacio para la indignaci\u00f3n y para la lucha tenaz por imponer los  designios humanidad, de justicia y paz a trav\u00e9s de un cambio pol\u00edtico que abra  pasa a la reapertura de la esperanza brutalmente interrumpida.<\/p>\n<p>&#13;<\/p>\n<p align=\"justify\" class=\"text1noticias\">Ya el presidente Ch\u00e1vez y la senadora Piedad C\u00f3rdoba han  dado las primeras se\u00f1ales de ese justificado estado de \u00e1nimo colectivo.<\/p>\n<p>&#13;<\/p>\n<p align=\"justify\" class=\"text1noticias\">La Coordinadora   Continental Bolivariana (CCB) se suma a esa decorosa actitud.<\/p>\n<p>&#13;<\/p>\n<p align=\"justify\" class=\"text1noticias\">Es claro que el presidente \u00c1lvaro Uribe V\u00e9lez agrega m\u00e1s  descr\u00e9dito a su deteriorada gesti\u00f3n.<\/p>\n<p>&#13;<\/p>\n<p align=\"justify\" class=\"text1noticias\">Es claro tambien que el gobierno narco-paramilitar de  Colombia deber\u00e1 pagar bien cara esta nueva inconducta y esta ominosa determinaci\u00f3n  guerrerista.<\/p>\n<p>&#13;<\/p>\n<p align=\"justify\" class=\"text1noticias\">La libertad de los(as) prisioneros de guerras seguir\u00e1 siendo  ahora con m\u00e1s fe, m\u00e1s raz\u00f3n y m\u00e1s decisi\u00f3n de lucha, un clamor nacional,  continental y mundial.<\/p>\n<p>&#13;<\/p>\n<p align=\"justify\" class=\"text1noticias\">La incuestionable voluntad de lograr los acuerdos  humanitarios expresada sistem\u00e1ticamente por los familiares de los(as) detenidos(as),  por los factores de mediaci\u00f3n, por las FARC, el ELN y toda la insurgencia, por  las fuerzas civiles revolucionarias, democr\u00e1ticas y patri\u00f3ticas de Colombia\u2026 es  una siembra de incalculable valor para proseguir esta necesaria confrontaci\u00f3n  entre la vida y la muerte, entre la moralidad y la inmoralidad, entre el honor  y el deshonor.<\/p>\n<p>&#13;<\/p>\n<p align=\"justify\" class=\"text1noticias\">Esta realidad jam\u00e1s podr\u00eda ser sepultada con estigmatizaci\u00f3n  de terroristas a una insurgencia heroica y digna, reconocida en los hechos como  fuerza beligerante; ni tampoco con bajas campa\u00f1as descalificadoras contra el  presidente Ch\u00e1vez y la senadora Piedad C\u00f3rdoba, quienes pusieron lo mejor de s\u00ed  para el \u00e9xito de su misi\u00f3n.<\/p>\n<p>&#13;<\/p>\n<p align=\"justify\" class=\"text1noticias\">Solo la resurrecci\u00f3n e intensificaci\u00f3n de la vocaci\u00f3n  terrorista de Estado de quienes dirigen los gobiernos de Colombia y EEUU, ha  podido bloquear temporalmente esas valiosas y hermosas gestiones y prop\u00f3sitos.<\/p>\n<p>&#13;<\/p>\n<p align=\"justify\" class=\"text1noticias\">Pero no tenemos la menor duda de que tal actitud esta  llamada a desatar una verdadera e incontenible avalancha por la libertad de  los(as) prisioneros(as) de guerra, por el cambio de gobierno y por la paz con  dignidad en una nueva Colombia.<\/p>\n<p>&#13;<\/p>\n<p align=\"justify\" class=\"text1noticias\"><strong>\u00a1En Bol\u00edvar nos encontramos  todos(as)!\u00a0\u00a0 \u00a1Hasta la victoria siempre!<\/strong><\/p>\n<p>&#13;<\/p>\n<p align=\"justify\" class=\"text1noticias\">Narciso Isa Conde<br \/>&#13;<br \/>\n  <br \/>&#13;<br \/>\n<strong>Presidencia Colectiva de la Coordinadora   Continental Bolivariana (CCB)<\/strong><\/p>\n<p>&#13;<\/p>\n<p align=\"justify\" class=\"text1noticias\">26-nov-07<br \/>&#13;<br \/>\n  <br \/>&#13;<br \/>\n  Santo  Domingo, Rep\u00fablica Dominicana<\/p>\n<p>&#13;<\/p>\n<h6> 2007-11-27 13:41:51 <\/h6>\n<p><!--\n<link rel=\"stylesheet\" href=\"css\/bootstrap.min.css\">\n\n\n<ul class=\"pagination\">\n\t    \n\t\n\n<li >\n\t<a href='?page_no=12514'>Previous<\/a>\n\t<\/li>\n\n\n       \n    \n\n<li><a href='?page_no=1'>1<\/a><\/li>\n\n\n\n<li><a href='?page_no=2'>2<\/a><\/li>\n\n\n\n<li><a>...<\/a><\/li>\n\n\n\n<li><a href='?page_no=12513'>12513<\/a><\/li>\n\n\n\n<li><a href='?page_no=12514'>12514<\/a><\/li>\n\n\n\n<li class='active'><a>12515<\/a><\/li>\n\n\n\n<li><a href='?page_no=12516'>12516<\/a><\/li>\n\n\n\n<li><a href='?page_no=12517'>12517<\/a><\/li>\n\n\n\n<li><a>...<\/a><\/li>\n\n\n\n<li><a href='?page_no=13611'>13611<\/a><\/li>\n\n\n\n<li><a href='?page_no=13612'>13612<\/a><\/li>\n\n    \n\t\n\n<li >\n\t<a href='?page_no=12516'>Next<\/a>\n\t<\/li>\n\n\n    \n\n<li><a href='?page_no=13612'>Last &rsaquo;&rsaquo;<\/a><\/li>\n\n<\/ul>\n\n\n--><br \/>\n<\/body><\/p>\n","protected":false},"excerpt":{"rendered":"<p>Uribe y el gobierno colombiano reiteran su vocaci\u00f3n por el terror y la mentira &#13; \u00a1Sigue La Lucha por a libertad de los prisioneros de guerra! &#13; El que pudo tener dudas para aceptar que el gobierno de \u00c1lvaro Uribe V\u00e9lez, respaldado e identificado carnalmente con al administraci\u00f3n Bush, es el \u00fanico obst\u00e1culo para lograr [&hellip;]<\/p>\n","protected":false},"author":3,"featured_media":0,"comment_status":"open","ping_status":"open","sticky":false,"template":"","format":"standard","meta":{"footnotes":""},"categories":[16],"tags":[],"class_list":["post-36676","post","type-post","status-publish","format-standard","hentry","category-opiniones"],"_links":{"self":[{"href":"https:\/\/diariodominicano.com\/index.php?rest_route=\/wp\/v2\/posts\/36676","targetHints":{"allow":["GET"]}}],"collection":[{"href":"https:\/\/diariodominicano.com\/index.php?rest_route=\/wp\/v2\/posts"}],"about":[{"href":"https:\/\/diariodominicano.com\/index.php?rest_route=\/wp\/v2\/types\/post"}],"author":[{"embeddable":true,"href":"https:\/\/diariodominicano.com\/index.php?rest_route=\/wp\/v2\/users\/3"}],"replies":[{"embeddable":true,"href":"https:\/\/diariodominicano.com\/index.php?rest_route=%2Fwp%2Fv2%2Fcomments&post=36676"}],"version-history":[{"count":0,"href":"https:\/\/diariodominicano.com\/index.php?rest_route=\/wp\/v2\/posts\/36676\/revisions"}],"wp:attachment":[{"href":"https:\/\/diariodominicano.com\/index.php?rest_route=%2Fwp%2Fv2%2Fmedia&parent=36676"}],"wp:term":[{"taxonomy":"category","embeddable":true,"href":"https:\/\/diariodominicano.com\/index.php?rest_route=%2Fwp%2Fv2%2Fcategories&post=36676"},{"taxonomy":"post_tag","embeddable":true,"href":"https:\/\/diariodominicano.com\/index.php?rest_route=%2Fwp%2Fv2%2Ftags&post=36676"}],"curies":[{"name":"wp","href":"https:\/\/api.w.org\/{rel}","templated":true}]}}