{"id":36675,"date":"2007-11-27T18:08:14","date_gmt":"2007-11-27T18:08:14","guid":{"rendered":"http:\/\/diariodominicano.ddns.net\/?p=36675"},"modified":"2007-11-27T18:08:14","modified_gmt":"2007-11-27T18:08:14","slug":"el-mirador-40","status":"publish","type":"post","link":"https:\/\/diariodominicano.com\/?p=36675","title":{"rendered":"EL MIRADOR"},"content":{"rendered":"<p><body><\/p>\n<p class=\"titulogrande1\"><strong>EL MIRADOR<\/strong><\/p>\n<p>&#13;<\/p>\n<p align=\"justify\" class=\"text1noticias\"><strong>A Leonel no lo  ahoga la tormenta<\/strong><br \/>&#13;<br \/>\n  <br \/>&#13;<br \/>\n  <img loading=\"lazy\" decoding=\"async\" src=\"http:\/\/10.0.0.82:8080\/pictures\/maldonado y leonel.jpg\" width=\"269\" height=\"644\" hspace=\"4\" align=\"left\" \/>Hay  unos dirigentes del PRD que no \u00a0miran de  frente a otros compa\u00f1eros y compa\u00f1eras porque los califican de bellacos. \u00a0En este momento se sienten c\u00f3modos porque no  han acertado en sus \u00a0\u00faltimos vaticinios.  Piensan que esto les resta m\u00e9rito ante el candidato presidencial del PRD. <br \/>&#13;<br \/>\n  <br \/>&#13;<br \/>\n  Unos  compa\u00f1eros y los asesores\u00a0 auguraban que  la tormenta Noel ahogara al presidente Leonel Fern\u00e1ndez. El fen\u00f3meno natural lo  vieron como un aliado de una circunstancia esperada, pero los hechos\u00a0 han borrado su ilusi\u00f3n. Ahora sufren, como  dice la canci\u00f3n, la ilusi\u00f3n perdida. En su intimidad aceptan que la tormenta ha  permitido reafirmar a Leonel como el Presidente capaz de crecerse en las  situaciones m\u00e1s dif\u00edciles. <br \/>&#13;<br \/>\n<br \/>&#13;<br \/>\nSin estridencia el Jefe del Estado con sus actos ha  elevado el \u00e1nimo de las familias afectadas. Ejecuta las medidas que requiere el  pa\u00eds, en el momento que sus adversarios dan la impresi\u00f3n de que no saben que  hacer. Para los que vaticinaron que la tormenta Noel\u00a0 acabar\u00eda con Leonel, lo que ha ocurrido es  para enterrar la cabeza. Pena de los mal intencionados. Se ganaron la burla  entre sus propios compa\u00f1eros y compa\u00f1eras. Uno pregunta: \u00bfcu\u00e1les ser\u00e1n los  nuevos vaticinios de los asesores? <\/p>\n<p>&#13;<\/p>\n<p align=\"justify\" class=\"text1noticias\"><strong>Los hechos de Leonel<\/strong><br \/>&#13;<br \/>\n  <br \/>&#13;<br \/>\n  Los principales dirigentes del PRD y los  asesores esperaban que noviembre fuera el mes de la cosecha, pero no aparece ni  un fruto para su causa. En las comunidades afectadas por la tormenta\u00a0 se recuerda con respeto a los muertos y se  expresa el agrado por la solidaridad y sentido de previsi\u00f3n que caracteriza al  presidente Leonel Fern\u00e1ndez. En una tertulia de amigos, uno refiri\u00f3\u00a0 varias informaciones de las \u00faltimas medidas  del Gobierno post tormenta. Lo expres\u00f3 de la manera siguiente: -13  de noviembre, el presidente Leonel Fern\u00e1ndez dispuso \u00a0RD$400 millones para la recuperaci\u00f3n del  sector agropecuario y anunci\u00f3 para el lunes pr\u00f3ximo la celebraci\u00f3n de un  Consejo de Gobierno en San Jos\u00e9 de Ocoa con los funcionarios que realizan las  tareas de mitigaci\u00f3n de desastre en las zonas afectadas por la tormenta Noel. <br \/>&#13;<br \/>\n<br \/>&#13;<br \/>\n-19  de noviembre, San Jos\u00e9 de Ocoa, el \u00a0Consejo de Gobierno especial encabezado el  lunes por el presidente Leonel Fern\u00e1ndez\u00a0 en esta ciudad aprob\u00f3 un  conjunto de medidas a favor de la reconstrucci\u00f3n de la provincia, y  \u00a0pas\u00f3 balance a otras iniciativas que ejecuta el Gobierno \u00a0para  lograr la reconstrucci\u00f3n en la zona. Orden\u00f3 obras por un monto estimado en\u00a0 m\u00e1s de RD$1,500,000 millones para rehabilitar los destrozos que dej\u00f3 la  tormenta Noel.\u00a0 El mismo d\u00eda el  Presidente anunci\u00f3 ante ganaderos un fondo de RD$300 millones para la ganader\u00eda  y la disposici\u00f3n de dar a los productores RD3.0 por cada litro de leche que  coloquen para el consumo.<br \/>&#13;<br \/>\n  <br \/>&#13;<br \/>\n  -26  de noviembre, el \u00a0presidente \u00a0Leonel  Fern\u00e1ndez, entreg\u00f3 un cheque de RD$500 millones al Consejo Nacional de  Promoci\u00f3n y Apoyo a la Micro, Peque\u00f1a y Medianas Empresas (CODOPYME). La  entrega se formaliz\u00f3 \u00a0en el acto de la sexta entrega de los premios  PYMES, en el sal\u00f3n teatro La Fiesta del Hotel Jaragua, donde se premiaron a 15  peque\u00f1os empresarios en distintas \u00e1reas cuyos premios fueron entregados por el  Jefe del Estado.<br \/>&#13;<br \/>\n  <br \/>&#13;<br \/>\n  En la ocasi\u00f3n el Jefe del Estado dijo \u00a0que las micros, peque\u00f1as y medianas  empresas constituyen un pilar de sustentaci\u00f3n de la econom\u00eda dominicana.<br \/>&#13;<br \/>\n  <br \/>&#13;<br \/>\n  Las Pymes representan el 27 por ciento del producto interno bruto de la  Rep\u00fablica Dominicana.<br \/>&#13;<br \/>\n  <br \/>&#13;<br \/>\n-26 de noviembre, San Crist\u00f3bal, el \u00a0Consejo de Gobierno celebrado en esta ciudad  concluy\u00f3 con el anunci\u00f3 de construir mil 83 viviendas y\u00a0 de solucionar los  problemas m\u00e1s graves de la provincia: la escasez de agua y la extracci\u00f3n de  materiales de construcci\u00f3n de los r\u00edos. \u00a0Luego el \u00a0presidente de la Rep\u00fablica dio \u00a0el primer picazo para dejar iniciados los  trabajos de construcci\u00f3n del proyecto habitacional Villa Progreso en esta  provincia, destinado a los damnificados de la tormenta Noel y del cicl\u00f3n  George, con una inversi\u00f3n de 245 millones 192 mil 725 pesos. El que comentaba  las informaciones fue invitado a parar a pesar de que ten\u00eda otras  informaciones. \u00a1Verdad, la tormenta no ahog\u00f3 a Leonel!<\/p>\n<p>&#13;<\/p>\n<p align=\"justify\" class=\"text1noticias\"><strong>D\u00edas desgraciados<\/strong><br \/>&#13;<br \/>\n  <br \/>&#13;<br \/>\nLos  asesores del candidato presidencial del PRD, Miguel Vargas Maldonado,\u00a0 no se quieren convencer de que su problema no  est\u00e1 en la estrategia, sino en sus figuras.\u00a0  Le recomendaron que se presente como el candidato del empleo y\u00a0 promete empleos, pero sus palabras s\u00f3lo  mueven a recordar los d\u00edas del Gobierno del PRD-PPH, el per\u00edodo durante el cual  el pa\u00eds sufri\u00f3 la grave crisis econ\u00f3mica que agreg\u00f3 a la lista de pobres un  mill\u00f3n y medio de dominicanos y dominicanas. Cuando habla de una pol\u00edtica  social diferente, viene a la mente de los que vivieron los d\u00edas del Gobierno de  Hip\u00f3lito Mej\u00eda, que esa administraci\u00f3n ni siquiera cumpli\u00f3 con la promesa de  darles una ayuda mensual a 300 mil madres pobres. El programa no cubri\u00f3 ni  siquiera 100 mil y fue suspendido con el argumento de que algunos responsables  de aplicarlo robaron parte del dinero al usar nombres falsos o de manera  inconsulta para sustraer los chelitos que deb\u00edan llegar a los pobres. El  subsidio al gas licuado de petr\u00f3leo tambi\u00e9n lo dejaron sin efecto porque  algunos de los responsables los sustra\u00edan para su beneficio personal. Los  antecedentes\u00a0 son los que\u00a0 explican por qu\u00e9\u00a0 cuando se ven los rostros de Vargas  Maldonado, Ram\u00f3n Alburquerque, Orlando Jorge Mera, Andy Dauhajre, y Jaime  Aristy Escuder, los televidentes \u00a0recrean  los d\u00edas de la incertidumbre del Gobierno del PRD-PPH de Hip\u00f3lito Mej\u00eda. Eso no  se olvida con campa\u00f1as medi\u00e1ticas sustentadas en mentiras y promesas demag\u00f3gicas.<\/p>\n<p>&#13;<\/p>\n<p align=\"justify\" class=\"text1noticias\"><strong>Para la memoria<\/strong><\/p>\n<p>&#13;<\/p>\n<p align=\"justify\" class=\"text1noticias\">Las cifras inquietan a los  asesores del candidato presidencial del PRD, pues los resultados del Gobierno  del PRD-PPH, es consecuencia de su obra. Ellos fueron los arquitectos. Entre  amigos algunos allegados aceptan que la historia reciente es pesada y lo ideal  ser\u00eda lograr que no se hable de eso. Desde su l\u00f3gica se comprende la reacci\u00f3n. Cuando  el presidente Leonel Fern\u00e1ndez tom\u00f3 posesi\u00f3n el 16 de agosto de 2004, \u00a0la  tasa de desempleo superaba el 18 por ciento. Un \u00a0aumento significativo \u00a0del nivel de desocupaci\u00f3n que exist\u00eda\u00a0 el 16 de agosto de 2000, cuando termin\u00f3 su  primer Gobierno el presidente Leonel Fern\u00e1ndez, que era de 13.9 por ciento. En  t\u00e9rminos absolutos, este nivel de desempleo signific\u00f3 que a octubre de 2004, el  n\u00famero de desocupados ascendi\u00f3 a cerca de 800 mil personas, cifra que  corresponde al m\u00e1s alto nivel registrado en el pa\u00eds\u00a0 durante \u00a0los \u00faltimos 15 a\u00f1os. El salario m\u00ednimo real  experiment\u00f3 una disminuci\u00f3n acumulada de 28.4 por ciento. La pobreza se  increment\u00f3. De un 1 mill\u00f3n 826 mil personas que viv\u00edan por debajo de la l\u00ednea  de pobreza en el a\u00f1o 2000, se pas\u00f3 a 3 millones 132 mil personas en el 2004, lo  que equivale a decir, que en los cuatro a\u00f1os, del 16 de agosto de\u00a0 2000 al  16 de agosto de\u00a0 2004, \u00a0el n\u00famero de pobres aument\u00f3 en la Rep\u00fablica  Dominicana en un mill\u00f3n 306 mil personas. Del 16 de agosto de 2004 al d\u00eda de  hoy, \u00a0el cambio es extraordinario, de  acuerdo con el Banco Central, se han creado casi 400 mil empleos y la tasa de  desempleo ha descendido de 18 por ciento a 13.3 por ciento. De manera, que las  promesas de empleos\u00a0 no hacen bien a la  causa del PRD-PPH. Mucho menos a su candidato presidencial que viene de una administraci\u00f3n  que se mantiene en la memoria \u00a0por el  desempleo y la inflaci\u00f3n que sufrieron los dominicanos y dominicanas.<\/p>\n<p>&#13;<\/p>\n<h6> 2007-11-27 18:08:14 <\/h6>\n<p><!--\n<link rel=\"stylesheet\" href=\"css\/bootstrap.min.css\">\n\n\n<ul class=\"pagination\">\n\t    \n\t\n\n<li >\n\t<a href='?page_no=12513'>Previous<\/a>\n\t<\/li>\n\n\n       \n    \n\n<li><a href='?page_no=1'>1<\/a><\/li>\n\n\n\n<li><a href='?page_no=2'>2<\/a><\/li>\n\n\n\n<li><a>...<\/a><\/li>\n\n\n\n<li><a href='?page_no=12512'>12512<\/a><\/li>\n\n\n\n<li><a href='?page_no=12513'>12513<\/a><\/li>\n\n\n\n<li class='active'><a>12514<\/a><\/li>\n\n\n\n<li><a href='?page_no=12515'>12515<\/a><\/li>\n\n\n\n<li><a href='?page_no=12516'>12516<\/a><\/li>\n\n\n\n<li><a>...<\/a><\/li>\n\n\n\n<li><a href='?page_no=13611'>13611<\/a><\/li>\n\n\n\n<li><a href='?page_no=13612'>13612<\/a><\/li>\n\n    \n\t\n\n<li >\n\t<a href='?page_no=12515'>Next<\/a>\n\t<\/li>\n\n\n    \n\n<li><a href='?page_no=13612'>Last &rsaquo;&rsaquo;<\/a><\/li>\n\n<\/ul>\n\n\n--><br \/>\n<\/body><\/p>\n","protected":false},"excerpt":{"rendered":"<p>EL MIRADOR &#13; A Leonel no lo ahoga la tormenta&#13; &#13; Hay unos dirigentes del PRD que no \u00a0miran de frente a otros compa\u00f1eros y compa\u00f1eras porque los califican de bellacos. \u00a0En este momento se sienten c\u00f3modos porque no han acertado en sus \u00a0\u00faltimos vaticinios. Piensan que esto les resta m\u00e9rito ante el candidato presidencial [&hellip;]<\/p>\n","protected":false},"author":3,"featured_media":0,"comment_status":"open","ping_status":"open","sticky":false,"template":"","format":"standard","meta":{"footnotes":""},"categories":[16],"tags":[],"class_list":["post-36675","post","type-post","status-publish","format-standard","hentry","category-opiniones"],"_links":{"self":[{"href":"https:\/\/diariodominicano.com\/index.php?rest_route=\/wp\/v2\/posts\/36675","targetHints":{"allow":["GET"]}}],"collection":[{"href":"https:\/\/diariodominicano.com\/index.php?rest_route=\/wp\/v2\/posts"}],"about":[{"href":"https:\/\/diariodominicano.com\/index.php?rest_route=\/wp\/v2\/types\/post"}],"author":[{"embeddable":true,"href":"https:\/\/diariodominicano.com\/index.php?rest_route=\/wp\/v2\/users\/3"}],"replies":[{"embeddable":true,"href":"https:\/\/diariodominicano.com\/index.php?rest_route=%2Fwp%2Fv2%2Fcomments&post=36675"}],"version-history":[{"count":0,"href":"https:\/\/diariodominicano.com\/index.php?rest_route=\/wp\/v2\/posts\/36675\/revisions"}],"wp:attachment":[{"href":"https:\/\/diariodominicano.com\/index.php?rest_route=%2Fwp%2Fv2%2Fmedia&parent=36675"}],"wp:term":[{"taxonomy":"category","embeddable":true,"href":"https:\/\/diariodominicano.com\/index.php?rest_route=%2Fwp%2Fv2%2Fcategories&post=36675"},{"taxonomy":"post_tag","embeddable":true,"href":"https:\/\/diariodominicano.com\/index.php?rest_route=%2Fwp%2Fv2%2Ftags&post=36675"}],"curies":[{"name":"wp","href":"https:\/\/api.w.org\/{rel}","templated":true}]}}