{"id":36669,"date":"2007-11-29T18:15:03","date_gmt":"2007-11-29T18:15:03","guid":{"rendered":"http:\/\/diariodominicano.ddns.net\/?p=36669"},"modified":"2007-11-29T18:15:03","modified_gmt":"2007-11-29T18:15:03","slug":"el-mirador-38","status":"publish","type":"post","link":"https:\/\/diariodominicano.com\/?p=36669","title":{"rendered":"EL MIRADOR"},"content":{"rendered":"<p><body><\/p>\n<h1 class=\"titulogrande1\">EL MIRADOR<\/h1>\n<p>&#13;<\/p>\n<h1 align=\"justify\" class=\"text1noticias\"><strong>\u201cSimplemente una conversaci\u00f3n\u201d<\/strong><\/h1>\n<p>&#13;<\/p>\n<p align=\"justify\" class=\"text1noticias\"><img loading=\"lazy\" decoding=\"async\" src=\"http:\/\/10.0.0.82:8080\/pictures\/hoz martillo.jpg\" width=\"269\" height=\"269\" hspace=\"4\" align=\"left\" \/>La  reuni\u00f3n de Fidelio Despradel, Miguel\u00a0  \u00c1ngel Mu\u00f1\u00edz y Manuel Salazar, con el ex jefe de la Polic\u00eda Nacional, el  general retirado Pedro de Jes\u00fas Candelier, presidente del Partido Alianza  Popular, ha provocado\u00a0 un reperpero de  izquierdistas. Ram\u00f3n Fondeur, ex dirigente del Partido Nueva Alternativa,  considera\u00a0 la participaci\u00f3n de los  camaradas en la junta con Candelier, \u201ces una traici\u00f3n a la Izquierda del pa\u00eds\u201d.  Varios izquierdistas hist\u00f3ricos hablan de publicar un documento para fijar  posici\u00f3n. Fidelio Despradel, recibi\u00f3 hoy las primeras reacciones durante su  participaci\u00f3n en el Gobierno de la Ma\u00f1ana, de la Z 101. Revel\u00f3 que en la  reuni\u00f3n Candelier manifest\u00f3 su identificaci\u00f3n con el modelo del Presidente  venezolano Hugo Ch\u00e1vez, y que el encuentro se produjo a petici\u00f3n de Miguel  \u00c1ngel Mu\u00f1\u00edz. M\u00e1s, dijo que hablaron con Candelier de la idea\u00a0\u00a0 en procura de una convergencia social al  interior de la sociedad dominicana, el \u201cpa\u00eds que queremos\u201d. A Fidelio le  preguntaron si esto implicaba una alianza con el presidente de Alianza Popular,  pues \u00e9l (Fidelio) impulsa un movimiento a favor de Guillermo Moreno, a los  fines de que sea el candidato de una coalici\u00f3n de fuerzas progresistas. Ah\u00ed  respondi\u00f3 r\u00e1pido y aclar\u00f3 que la junta\u00a0  fue \u201csimplemente una conversaci\u00f3n\u201d. Llam\u00f3 la atenci\u00f3n que por eso\u00a0 se hizo p\u00fablica porque no hay nada que  ocultar. Sin embargo, izquierdistas que escucharon la entrevista piensan que  los camaradas se expusieron en un lugar donde acude gente que tiene contactos  en los medios de comunicaci\u00f3n para que se difundiera la noticia y percibir\u00a0 las reacciones. Si era de apoyo, seguir\u00edan  adelante, pero si la reacci\u00f3n es negativa, como ha ocurrido,\u00a0 abandonar\u00edan\u00a0  la idea. Para los que comparten esa opini\u00f3n es evidente que si el grupo  hubiese querido\u00a0 no se divulgara la  reuni\u00f3n, se habr\u00eda reunido en un lugar discreto como es el punto donde est\u00e1 la  casa campestre de Fidelio,\u00a0 en Jarabacoa.  Se quer\u00eda que la noticia corriera r\u00e1pido.<\/p>\n<p>&#13;<\/p>\n<p align=\"justify\" class=\"text1noticias\"><strong>En tiempo de libertad<\/strong><\/p>\n<p>&#13;<\/p>\n<p align=\"justify\" class=\"text1noticias\">En  una tertulia vespertina un grupo habl\u00f3 de la reuni\u00f3n de los izquierdistas con  Candelier.<br \/>&#13;<br \/>\n  <br \/> &#13;<br \/>\n  Comparti\u00f3\u00a0 la idea de que la  Izquierda busque su espacio y desarrolle vocaci\u00f3n de poder, pero aclar\u00f3 que  rechaza la incoherencia que a su juicio exhiben algunos de sus dirigentes  hist\u00f3ricos. Uno lament\u00f3 que una parte de la Izquierda s\u00f3lo piensa en nuevas  opciones de administraci\u00f3n de Gobierno,\u00a0cuando desde\u00a0 la administraci\u00f3n  del Gobierno se respetan las ideas, y nadie es\u00a0intimidado por lo que dice, como entienden\u00a0 ocurre ahora en el pa\u00eds. Otro record\u00f3 que en  la pasada administraci\u00f3n del PRD-PPH,\u00a0  medios de comunicaci\u00f3n, periodistas y ciudadanos ordinarios, sufrieron  la presi\u00f3n de la intolerancia, pero\u00a0 a  voces como la de Fidelio y compartes, no se le ocurri\u00f3 procurar una  convergencia social para restaurar el Estado de Derecho. La esposa de un  izquierdista recuerda que tampoco reaccionaron cuando el Gobierno del  Presidente Hip\u00f3lito Mej\u00eda, construy\u00f3\u00a0 un  monumento en Constanza, para honrar a los que exterminaron a los  expedicionarios del 14 de junio de 1959. Tampoco levantaron las voces contra  una pol\u00edtica econ\u00f3mica que dej\u00f3 como legado un\u00a0agregado\u00a0 a la lista de pobres de  un mill\u00f3n y medio de personas. La mujer al final dijo que es lamentable lo que  oye;\u00a0 se convence de que la Izquierda  tiene unas personalidades que perdieron el rumbo.\u00a0 <br \/>&#13;<br \/>\n\u00a0\u00a0\u00a0<br \/>&#13;<br \/>\nPara que se republique<\/p>\n<p>&#13;<\/p>\n<p align=\"justify\" class=\"text1noticias\">Una  lectora de EL MIRADOR, nos ha enviado un art\u00edculo del distinguido periodista  Bienvenido Alvarez Vega, actual director del peri\u00f3dico Hoy, publicado el 28 de  julio de 2004, en ese diario, con el t\u00edtulo \u201cNadie pens\u00f3 que terminar\u00eda as\u00ed\u201d. Seg\u00fan el criterio de la dama,  como aqu\u00ed se trata de borrar la memoria, el texto debe \u201crepublicarse\u201d para que  la gente piense en cu\u00e1l ser\u00eda el futuro de las promesas que hace en su campa\u00f1a  el candidato presidencial del PRD, Miguel Vargas Maldonado, Secretario de Obras  P\u00fablicas en el Gobierno del PRD del presidente Hip\u00f3lito Mej\u00eda (2000-2004) Dice  que cuando escucha o lee las promesas de Miguel, piensa en el l\u00edder del  PRD-PPH.\u00a0 El contenido del art\u00edculo es el  siguiente:<\/p>\n<p>&#13;<\/p>\n<h1 align=\"justify\" class=\"text1noticias\">Nadie pens\u00f3 que terminar\u00eda as\u00ed <\/h1>\n<p>&#13;<\/p>\n<p align=\"justify\" class=\"text1noticias\">\u201cNo  creo que dominicano alguno advirtiera que la administraci\u00f3n del Presidente  Hip\u00f3lito Mejia terminara como est\u00e1 concluyendo este gobierno. Y no me refiero a  los ya conocidos graves problemas de la econom\u00eda y las finanzas. Tampoco al  desmadre del valor del peso frente al d\u00f3lar norteamericano, ni a la\u00a0 inflaci\u00f3n y mucho a la elevaci\u00f3n de la deuda  externa hasta nivel francamente acogotante. Me refiero a esta manera de vivir  tan humillantes, tan degradante y tan vergonzosa en que se est\u00e1n desenvolviendo  los millones de personas que habitan la Rep\u00fablica Dominicana. <\/p>\n<p>&#13;<\/p>\n<p align=\"justify\" class=\"text1noticias\">La  delincuencia ha crecido de una manera alarmante. Los robos grandes y peque\u00f1os,  los actos de rater\u00edas, la invasi\u00f3n de tierras, la apropiaci\u00f3n de bienes  p\u00fablicos, los ajustes de cuentas y los cr\u00edmenes escandalosos han llenado de  temor a las familias. Los ciudadanos y ciudadanas advierten una preocupante  pasividad de parte de los responsables de cuidar y mantener el orden p\u00fablico.  <br \/>&#13;<br \/>\n  <br \/>&#13;<br \/>\nDespu\u00e9s esta pasividad es racionalizada con una explicaci\u00f3n de pretendida  factura sociol\u00f3gica que busca, no combatir la delincuencia, sino que se  comprenda como una ley del progreso de la que no podemos escapar. <\/p>\n<p>&#13;<\/p>\n<p align=\"justify\" class=\"text1noticias\">El  estado de los hospitales p\u00fablicos no pod\u00eda ser peor. Nunca antes los centros de  salud se hab\u00edan visto tan hu\u00e9rfanos de regentes, tan precarios, tan  incapacitados para responder a las necesidades m\u00ednimas de sus usuarios. Las  publicaciones de prensa han sido sobremanera elocuentes. Dos y hasta tres pacientes  en una cama, enfermos tirados en los pasillos de los hospitales, m\u00e9dicos  haciendo partos con auxilio de linternas y velas, carencia de medicamentos y de  materiales necesarios para la administraci\u00f3n de salud. Algunos reportes  period\u00edsticos han dado cuenta del hecho ins\u00f3lito de que los pacientes que van  al hospital de Villa Altagracia tienen que comprar combustible para la planta.  En otros casos, los familiares de los enfermos han tenido que comprar los  medicamentos, las jeringuillas y otros materiales para poder ser atendidos. No  s\u00f3lo porque la devaluaci\u00f3n del peso\u00a0 y la  crisis el\u00e9ctrica\u00a0 han convertido en  insignificantes las asignaciones presupuestarias para los hospitales, sino  porque estas suelen llegar tarde, tan tarde que en ocasiones los hospitales pierden  el cr\u00e9dito.<\/p>\n<p>&#13;<\/p>\n<p align=\"justify\" class=\"text1noticias\">La crisis el\u00e9ctrica no tiene parang\u00f3n. Nunca  antes los dominicanos hab\u00edan sufrido tantos y tan largos apagones. Nunca antes  el Gobierno se hab\u00eda cruzado de brazos ante una cuesti\u00f3n tan grave y tan  importante para la naci\u00f3n. La crisis el\u00e9ctrica amenaza con arruinar negocios y  empresas grandes, medianas y peque\u00f1as. La econom\u00eda informal, la mayor  generadora de empleos, ha quedado en ruinas. Las plantas de emergencia est\u00e1n  explotadas. Los gerentes de las empresas han agotado su presupuesto para  comprar combustibles, mientras la desesperaci\u00f3n y el nerviosismo se adue\u00f1an de  los responsables de estos medios de producci\u00f3n. Pero estos gerentes no saben  qu\u00e9 hacer, porque el Gobierno se ha sentado como un espectador m\u00e1s.<\/p>\n<p>&#13;<\/p>\n<p align=\"justify\" class=\"text1noticias\">Era imposible creer que un gobierno dirigido  por el agr\u00f3nomo Hip\u00f3lito Mejia terminar\u00eda en tal bancarrota. Se le consideraba  con suficiente orgullo personal, profesional y regional como para que no  permitiera que en sus manos ocurrieran estas cosas. Ni mucho menos que hablara  de ficciones.<br \/>&#13;<br \/>\n  <br \/> &#13;<br \/>\nPorque ahora el ciudadano Presidente de la Rep\u00fablica ha dicho que  la crisis hospitalaria es una ficci\u00f3n. Tambi\u00e9n dijo recientemente que la  escasez de combustible- otra calamidad- es una ficci\u00f3n. <\/p>\n<p>&#13;<\/p>\n<p align=\"justify\" class=\"text1noticias\">Nadie  hubiera cre\u00eddo que despu\u00e9s de cuatro a\u00f1os de gobierno del agr\u00f3nomo Mejia los  hospitales terminar\u00edan convertidos en \u201calmacenes de enfermos\u201d. Y no basta que  se mencione a Herrera, al Marcelino V\u00e9lez, porque ante cientos de hospitales,  cl\u00ednicas y policl\u00ednicas, uno no basta. <\/p>\n<p>&#13;<\/p>\n<p align=\"justify\" class=\"text1noticias\">Tampoco  era posible creer que el hombre que m\u00e1s critico el nuevo sistema el\u00e9ctrico iba  a permitir que en sus manos empeorara. Porque su actitud prejuiciada lo  inhabilit\u00f3 para superar los problemas que el esquema tenia. Entonces, los  Acuerdos de\u00a0 Madrid y Washington fueron  un fracaso; la renegociaci\u00f3n de los contratos con los IPPs fue otro fracaso; la  recompra de las Edes espa\u00f1olas no s\u00f3lo constituy\u00f3 un fracaso, sino que fue  necesario que el FMI demostrara el enga\u00f1o t\u00e9cnico que se quer\u00eda legitimar. En  s\u00edntesis, la pol\u00edtica el\u00e9ctrica fracas\u00f3. <\/p>\n<p>&#13;<\/p>\n<p align=\"justify\" class=\"text1noticias\">Pero  nadie pens\u00f3 que se gobierno, presidido por el agr\u00f3nomo Hip\u00f3lito Mej\u00eda,  terminara como est\u00e1 terminando\u201d.\u00a0\u00a0 <\/p>\n<p>&#13;<\/p>\n<h6> 2007-11-29 18:15:03 <\/h6>\n<p><!--\n<link rel=\"stylesheet\" href=\"css\/bootstrap.min.css\">\n\n\n<ul class=\"pagination\">\n\t    \n\t\n\n<li >\n\t<a href='?page_no=12508'>Previous<\/a>\n\t<\/li>\n\n\n       \n    \n\n<li><a href='?page_no=1'>1<\/a><\/li>\n\n\n\n<li><a href='?page_no=2'>2<\/a><\/li>\n\n\n\n<li><a>...<\/a><\/li>\n\n\n\n<li><a href='?page_no=12507'>12507<\/a><\/li>\n\n\n\n<li><a href='?page_no=12508'>12508<\/a><\/li>\n\n\n\n<li class='active'><a>12509<\/a><\/li>\n\n\n\n<li><a href='?page_no=12510'>12510<\/a><\/li>\n\n\n\n<li><a href='?page_no=12511'>12511<\/a><\/li>\n\n\n\n<li><a>...<\/a><\/li>\n\n\n\n<li><a href='?page_no=13611'>13611<\/a><\/li>\n\n\n\n<li><a href='?page_no=13612'>13612<\/a><\/li>\n\n    \n\t\n\n<li >\n\t<a href='?page_no=12510'>Next<\/a>\n\t<\/li>\n\n\n    \n\n<li><a href='?page_no=13612'>Last &rsaquo;&rsaquo;<\/a><\/li>\n\n<\/ul>\n\n\n--><br \/>\n<\/body><\/p>\n","protected":false},"excerpt":{"rendered":"<p>EL MIRADOR &#13; \u201cSimplemente una conversaci\u00f3n\u201d &#13; La reuni\u00f3n de Fidelio Despradel, Miguel\u00a0 \u00c1ngel Mu\u00f1\u00edz y Manuel Salazar, con el ex jefe de la Polic\u00eda Nacional, el general retirado Pedro de Jes\u00fas Candelier, presidente del Partido Alianza Popular, ha provocado\u00a0 un reperpero de izquierdistas. Ram\u00f3n Fondeur, ex dirigente del Partido Nueva Alternativa, considera\u00a0 la participaci\u00f3n [&hellip;]<\/p>\n","protected":false},"author":3,"featured_media":0,"comment_status":"open","ping_status":"open","sticky":false,"template":"","format":"standard","meta":{"footnotes":""},"categories":[16],"tags":[],"class_list":["post-36669","post","type-post","status-publish","format-standard","hentry","category-opiniones"],"_links":{"self":[{"href":"https:\/\/diariodominicano.com\/index.php?rest_route=\/wp\/v2\/posts\/36669","targetHints":{"allow":["GET"]}}],"collection":[{"href":"https:\/\/diariodominicano.com\/index.php?rest_route=\/wp\/v2\/posts"}],"about":[{"href":"https:\/\/diariodominicano.com\/index.php?rest_route=\/wp\/v2\/types\/post"}],"author":[{"embeddable":true,"href":"https:\/\/diariodominicano.com\/index.php?rest_route=\/wp\/v2\/users\/3"}],"replies":[{"embeddable":true,"href":"https:\/\/diariodominicano.com\/index.php?rest_route=%2Fwp%2Fv2%2Fcomments&post=36669"}],"version-history":[{"count":0,"href":"https:\/\/diariodominicano.com\/index.php?rest_route=\/wp\/v2\/posts\/36669\/revisions"}],"wp:attachment":[{"href":"https:\/\/diariodominicano.com\/index.php?rest_route=%2Fwp%2Fv2%2Fmedia&parent=36669"}],"wp:term":[{"taxonomy":"category","embeddable":true,"href":"https:\/\/diariodominicano.com\/index.php?rest_route=%2Fwp%2Fv2%2Fcategories&post=36669"},{"taxonomy":"post_tag","embeddable":true,"href":"https:\/\/diariodominicano.com\/index.php?rest_route=%2Fwp%2Fv2%2Ftags&post=36669"}],"curies":[{"name":"wp","href":"https:\/\/api.w.org\/{rel}","templated":true}]}}