{"id":366681,"date":"2022-07-07T00:08:16","date_gmt":"2022-07-07T04:08:16","guid":{"rendered":"http:\/\/diariodominicano.com\/?p=366681"},"modified":"2022-07-07T00:08:49","modified_gmt":"2022-07-07T04:08:49","slug":"la-revolucion-del-7-de-julio-de-1857-establecen-un-gobierno-provisional-con-sede-en-santiago","status":"publish","type":"post","link":"https:\/\/diariodominicano.com\/?p=366681","title":{"rendered":"\u201cLa revoluci\u00f3n\u201d del 7 de julio de 1857. Establecen un Gobierno Provisional con sede en Santiago"},"content":{"rendered":"\n<p>Jos\u00e9 Desiderio Valverde<\/p>\n\n\n\n<figure class=\"wp-block-image size-full\"><img loading=\"lazy\" decoding=\"async\" width=\"194\" height=\"259\" src=\"https:\/\/diariodominicano.com\/wp-content\/uploads\/2022\/07\/B-Baez000.jpg.jpg\" alt=\"\" class=\"wp-image-366684\"\/><figcaption>Buenaventura B\u00e1ez<\/figcaption><\/figure>\n\n\n\n<p>Buenaventura B\u00e1ez<\/p>\n\n\n\n<p><\/p>\n\n\n\n<p>Por H\u00e9ctor Tineo Nolasco<\/p>\n\n\n\n<p>Diariodominicano.com<\/p>\n\n\n\n<p>SANTIAGO DE LOS CABALLEROS, el 7 de julio de 1857, estall\u00f3 en Santiago un movimiento c\u00edvico militar con el prop\u00f3sito de derrocar el Gobierno del presidente Buenaventura B\u00e1ez. De inmediato sus voceros&nbsp; anunciaron la integraci\u00f3n de un Gobierno Provisional con sede en Santiago de los Caballeros.<\/p>\n\n\n\n<p>&nbsp;&nbsp;&nbsp;&nbsp;&nbsp; <strong>Los cibae\u00f1os, lanzaron un manifiesto y expresaron que lo hicieron para \u201csacudir el yugo del Gobierno del se\u00f1or B\u00e1ez al cual desconocen desde ahora y se declaran gobernados&nbsp; (hasta un congreso elegido por voto directo, constituya nuevos poderes) por un Gobierno Provisional, con su asiento en la ciudad de Santiago de los Caballeros\u201d.<\/strong><\/p>\n\n\n\n<p>&nbsp;&nbsp;&nbsp; Como Presidente del Gobierno Provisional fue escogido&nbsp; el General Jos\u00e9 Desiderio Valverde, y el abogado Benigno Filomeno Rojas, vicepresidente. Los dos contaban&nbsp; con el apoyo de los productores de tabaco y el comercio del&nbsp; Cibao.<\/p>\n\n\n\n<p>&nbsp;&nbsp; Entre sus primeras medidas dispuso la organizaci\u00f3n de un movimiento armado para marchar a la ciudad de Santo Domingo, con el fin de derrocar al Presidente Buenaventura B\u00e1ez, quien estaba preparado para resistir.<\/p>\n\n\n\n<p>&nbsp;&nbsp; Las tropas del Gobierno revolucionario del Cibao eran comandadas por el general Juan Luis Franco Bid\u00f3.&nbsp; En Pocos d\u00edas cercaron la ciudad de Santo Domingo, inici\u00e1ndose de esa manera una guerra civil.<\/p>\n\n\n\n<p>&nbsp;&nbsp;&nbsp; Las hostilidades se mantuvieron&nbsp; casi un a\u00f1o. Los grupos en conflicto lucharon con todos los medios a su alcance para salir victoriosos, acrecentando la violencia y la destrucci\u00f3n en el pa\u00eds.&nbsp;<\/p>\n\n\n\n<p>&nbsp;&nbsp;&nbsp;&nbsp;&nbsp;&nbsp; El triunfo de la revoluci\u00f3n fue rotundo, B\u00e1ez renunci\u00f3 al poder y viaj\u00f3 al exilio, pero el proyecto ser\u00eda frustrado, pues el pensamiento liberal de los cibae\u00f1os ser\u00eda opacado por la figura militar del general Pedro Santana, quien volvi\u00f3 a la Presidencia de la Rep\u00fablica en 1858 y desconoci\u00f3 la Constituci\u00f3n Liberal de Moca.&nbsp;&nbsp;&nbsp;<\/p>\n\n\n\n<p>&nbsp;&nbsp;&nbsp; De esa manera, termin\u00f3 frustrada la revoluci\u00f3n del 7 de&nbsp; julio de 1857 y anulada la constituci\u00f3n liberal&nbsp; de Moca.&nbsp; Santana volvi\u00f3 a gobernar con la Constituci\u00f3n de 1854 que le garantizaba un Gobierno autoritario.<\/p>\n\n\n\n<p>&nbsp;&nbsp;&nbsp; El 8 de julio de 1857, la Rep\u00fablica Dominicana amaneci\u00f3 con dos administraciones de Gobierno: el Gobierno Provisional del Cibao y el Gobierno del Presidente Buenaventura B\u00e1ez.<\/p>\n\n\n\n<p>&nbsp;&nbsp;&nbsp;&nbsp;&nbsp; El 25 de septiembre el Gobierno del Cibao convoc\u00f3 al pa\u00eds para que eligiera a los diputados a partir del 7 de diciembre de 1857.&nbsp; En ese momento los hombres de mayor capacidad intelectual en el Cibao deseaban producir una Constituci\u00f3n que permitiera un&nbsp; Gobierno aut\u00e9nticamente democr\u00e1tico y representativo.<\/p>\n\n\n\n<p>&nbsp;&nbsp;&nbsp; \u201cLa nueva Constituci\u00f3n fue redactada&nbsp; en Moca y proclamada el 19 de febrero de 1858\u201d. Ese d\u00eda&nbsp; la Asamblea Constituyente reunida en Moca proclam\u00f3 la Constituci\u00f3n liberal que derog\u00f3 la Constituci\u00f3n conservadora de diciembre de 1854.<\/p>\n\n\n\n<p>Estableci\u00f3 &nbsp;las libertades p\u00fablicas y aboli\u00f3 la pena de muerte por razones pol\u00edticas&nbsp; y consagr\u00f3 como&nbsp; derechos&nbsp; la libertad de expresi\u00f3n, el libre tr\u00e1nsito y la libertad de reuni\u00f3n pac\u00edfica.<\/p>\n\n\n\n<p>Dispuso la no reelecci\u00f3n presidencial en forma sucesiva. Y el respeto absoluto de las libertades ciudadanas&nbsp; sin restricciones, incluida la libertad de expresi\u00f3n. Estableci\u00f3 &nbsp;que la capital de la Rep\u00fablica, fuera de la ciudad de Santiago de los Caballeros.<\/p>\n\n\n\n<p>&nbsp;&nbsp;&nbsp;&nbsp;&nbsp;&nbsp;&nbsp; La Constituci\u00f3n de Moca consagr\u00f3 el libre tr\u00e1nsito y la libertad de reuni\u00f3n pac\u00edfica. Que &nbsp;el Gobierno sea civil, republicano, popular, representativo, electivo y responsable, y todo ciudadano con derecho a votar pod\u00eda hacerlo directa y secretamente, en lugar de la forma indirecta como establec\u00edan las constituciones anteriores.<\/p>\n\n\n\n<p>&nbsp;&nbsp; Adem\u00e1s, los gobernadores de provincias no pod\u00edan ser los comandantes de armas como se dispon\u00eda hasta el 19 de febrero de 1858.<\/p>\n\n\n\n<p>&nbsp;&nbsp;&nbsp; En virtud de la Constituci\u00f3n&nbsp; de Moca, fue restablecido el Poder Municipal y las Fuerzas Armadas fueron declaradas obedientes al poder civil, sin facultades para deliberar y con la funci\u00f3n de defender la soberan\u00eda nacional, el orden p\u00fablico, as\u00ed como observar y cumplir la Constituci\u00f3n y las leyes.<\/p>\n\n\n\n<p>Se&nbsp; estableci\u00f3 con car\u00e1cter transitorio que el pr\u00f3ximo Gobierno Constitucional lo escogieran los miembros de la Asamblea Constituyente, lo que hicieron el 1 de marzo de 1858.<\/p>\n\n\n\n<p>La Asamblea Constituyente de Moca fue integrada por disposici\u00f3n del Gobierno Provisional&nbsp; de Santiago, presidido por el General Jos\u00e9 Desiderio Valverde, quien convoc\u00f3 el 25 de septiembre de 1857, para que eligiera a los diputados a partir del 7 de diciembre de 1857.<\/p>\n\n\n\n<p>Para la Asamblea fueron elegidos los hombres m\u00e1s ilustrados del pa\u00eds, cuyo pensamiento se correspond\u00eda con el movimiento que proclam\u00f3 la Revoluci\u00f3n del 7 de julio de 1857, para derrocar el Gobierno de Buenaventura B\u00e1ez, el cual calificaron como una dictadura.<\/p>\n\n\n\n<p>&nbsp;La Constituci\u00f3n de Moca fue&nbsp; proclamada el 19 de febrero de 1858\u201d.<\/p>\n","protected":false},"excerpt":{"rendered":"<p>Jos\u00e9 Desiderio Valverde Buenaventura B\u00e1ez Por H\u00e9ctor Tineo Nolasco Diariodominicano.com SANTIAGO DE LOS CABALLEROS, el 7 de julio de 1857, estall\u00f3 en Santiago un movimiento c\u00edvico militar con el prop\u00f3sito de derrocar el Gobierno del presidente Buenaventura B\u00e1ez. De inmediato sus voceros&nbsp; anunciaron la integraci\u00f3n de un Gobierno Provisional con sede en Santiago de los [&hellip;]<\/p>\n","protected":false},"author":28,"featured_media":366682,"comment_status":"closed","ping_status":"","sticky":true,"template":"","format":"standard","meta":{"footnotes":""},"categories":[26,27],"tags":[],"class_list":["post-366681","post","type-post","status-publish","format-standard","has-post-thumbnail","hentry","category-efemerides","category-portada"],"_links":{"self":[{"href":"https:\/\/diariodominicano.com\/index.php?rest_route=\/wp\/v2\/posts\/366681","targetHints":{"allow":["GET"]}}],"collection":[{"href":"https:\/\/diariodominicano.com\/index.php?rest_route=\/wp\/v2\/posts"}],"about":[{"href":"https:\/\/diariodominicano.com\/index.php?rest_route=\/wp\/v2\/types\/post"}],"author":[{"embeddable":true,"href":"https:\/\/diariodominicano.com\/index.php?rest_route=\/wp\/v2\/users\/28"}],"replies":[{"embeddable":true,"href":"https:\/\/diariodominicano.com\/index.php?rest_route=%2Fwp%2Fv2%2Fcomments&post=366681"}],"version-history":[{"count":2,"href":"https:\/\/diariodominicano.com\/index.php?rest_route=\/wp\/v2\/posts\/366681\/revisions"}],"predecessor-version":[{"id":366685,"href":"https:\/\/diariodominicano.com\/index.php?rest_route=\/wp\/v2\/posts\/366681\/revisions\/366685"}],"wp:featuredmedia":[{"embeddable":true,"href":"https:\/\/diariodominicano.com\/index.php?rest_route=\/wp\/v2\/media\/366682"}],"wp:attachment":[{"href":"https:\/\/diariodominicano.com\/index.php?rest_route=%2Fwp%2Fv2%2Fmedia&parent=366681"}],"wp:term":[{"taxonomy":"category","embeddable":true,"href":"https:\/\/diariodominicano.com\/index.php?rest_route=%2Fwp%2Fv2%2Fcategories&post=366681"},{"taxonomy":"post_tag","embeddable":true,"href":"https:\/\/diariodominicano.com\/index.php?rest_route=%2Fwp%2Fv2%2Ftags&post=366681"}],"curies":[{"name":"wp","href":"https:\/\/api.w.org\/{rel}","templated":true}]}}