{"id":36668,"date":"2007-12-03T01:10:25","date_gmt":"2007-12-03T01:10:25","guid":{"rendered":"http:\/\/diariodominicano.ddns.net\/?p=36668"},"modified":"2007-12-03T01:10:25","modified_gmt":"2007-12-03T01:10:25","slug":"reflexiones-del-presidente-fidel-castro-5","status":"publish","type":"post","link":"https:\/\/diariodominicano.com\/?p=36668","title":{"rendered":"REFLEXIONES DEL PRESIDENTE FIDEL CASTRO"},"content":{"rendered":"<p><body><\/p>\n<p align=\"justify\"><strong class=\"titulogrande1\">Reflexiones  del presidente fidel castro<\/strong><br \/>&#13;<br \/>\n  <br \/>&#13;<br \/>\n    <strong>Un pueblo bajo el fuego<\/strong><br \/>&#13;<br \/>\n    <br \/>&#13;<br \/>\n    <span class=\"text1noticias\">Venezuela, cuyo pueblo hered\u00f3 de Bol\u00edvar  ideas que trascienden su \u00e9poca, enfrenta hoy la tiran\u00eda mundial mil veces m\u00e1s  poderosa que la fuerza colonial de Espa\u00f1a sumada a la de la Rep\u00fablica reci\u00e9n nacida  de los Estados Unidos, que a trav\u00e9s de Monroe proclam\u00f3 el derecho a la riqueza  natural del continente y al sudor de sus pueblos.<br \/>&#13;<br \/>\n    <br \/>&#13;<br \/>\n    Mart\u00ed denunci\u00f3 el brutal sistema y lo  calific\u00f3 de monstruo, en cuyas entra\u00f1as vivi\u00f3. Su esp\u00edritu internacionalista brill\u00f3  como nunca cuando, en carta inconclusa por su muerte en combate, devel\u00f3  p\u00fablicamente el objetivo de su incesante batallar: \u00ab&#8230;ya estoy todos los  d\u00edas en peligro de dar mi vida por mi pa\u00eds, y por mi deber \u2014puesto que lo  entiendo y tengo \u00e1nimos con que realizarlo\u2014 de impedir a tiempo con la  independencia de Cuba que se extiendan por las Antillas los Estados Unidos y  caigan, con esa fuerza m\u00e1s, sobre nuestras tierras de Am\u00e9rica&#8230;\u00bb<br \/>&#13;<br \/>\n    <br \/>&#13;<br \/>\n    No en vano, en un sencillo verso, expres\u00f3:  \u00abCon los pobres de la tierra quiero yo mi suerte echar\u00bb.<br \/>&#13;<br \/>\n    <br \/> &#13;<br \/>\n    M\u00e1s tarde  proclam\u00f3 con frase lapidaria: \u00abPatria es humanidad\u00bb. El Ap\u00f3stol de  nuestra independencia escribi\u00f3 un d\u00eda: \u00abDeme Venezuela en qu\u00e9 servirla:  ella tiene en m\u00ed un hijo\u00bb.<br \/>&#13;<br \/>\n    <br \/>&#13;<br \/>\n    Los medios m\u00e1s sofisticados desarrollados  por la tecnolog\u00eda, utilizados para matar seres humanos y someter a los pueblos  o exterminarlos; la siembra masiva de reflejos condicionados en la mente; el  consumismo y todos los recursos disponibles, se emplean hoy contra los  venezolanos, pretendiendo hacer trizas las ideas de Bol\u00edvar y Mart\u00ed.<br \/>&#13;<br \/>\n    <br \/>&#13;<br \/>\n    El imperio ha creado las condiciones  propicias para la violencia y los conflictos internos. Con Ch\u00e1vez habl\u00e9 muy  seriamente en su \u00faltima visita el pasado 21 de noviembre sobre los riesgos de  magnicidio a los que estaba exponi\u00e9ndose constantemente en veh\u00edculos  descubiertos. Lo hice a partir de mi experiencia como combatiente entrenado en  el uso de la mirilla telesc\u00f3pica y el fusil autom\u00e1tico y a la vez, despu\u00e9s del  triunfo, como blanco de planes de atentados directamente ordenados o inducidos  por casi todas las administraciones de los Estados Unidos desde 1959.<br \/>&#13;<br \/>\n    <br \/>&#13;<br \/>\n    El gobierno irresponsable del imperio no  se detiene un minuto a pensar que un magnicidio o una guerra civil en  Venezuela, por sus enormes reservas de hidrocarburos, har\u00edan estallar la  econom\u00eda mundial globalizada. Tales circunstancias no tienen precedente en la  historia del hombre. <br \/>&#13;<br \/>\n    <br \/>&#13;<br \/>\n    Cuba, en la fase m\u00e1s dura a que nos  condujo la desaparici\u00f3n de la   URSS y el recrudecimiento del bloqueo econ\u00f3mico de los  Estados Unidos, desarroll\u00f3 estrechos v\u00ednculos con el gobierno bolivariano de  Venezuela. El intercambio de bienes y servicios, de casi cero, se elev\u00f3 a m\u00e1s  de 7 000 millones de d\u00f3lares anuales, con grandes beneficios econ\u00f3micos y  sociales para ambos pueblos. De all\u00ed recibimos en la actualidad el suministro  fundamental de combustible que consume el pa\u00eds, muy dif\u00edcil de adquirir en  otras fuentes dada la escasez de crudos ligeros, la insuficiente capacidad de  refinaci\u00f3n, el poder de Estados Unidos y las guerras que ha desatado para apropiarse  de las reservas de petr\u00f3leo y gas en el mundo.<br \/>&#13;<br \/>\n    <br \/>&#13;<br \/>\n    A los elevados precios de la energ\u00eda  a\u00f1\u00e1danse los de los alimentos, determinados por la pol\u00edtica imperial de  convertirlos en combustible para los voraces autom\u00f3viles de Estados Unidos y  otros pa\u00edses industrializados.<br \/>&#13;<br \/>\n    <br \/>&#13;<br \/>\n    No bastar\u00eda el triunfo del S\u00ed el 2 de  diciembre. Las semanas y meses posteriores a esa fecha pueden llegar a ser  sumamente duros para muchos pueblos, entre ellos el de Cuba, si es que antes  las aventuras del imperio no conducen al planeta a una guerra at\u00f3mica, como han  confesado sus propios jefes.<br \/>&#13;<br \/>\n    <br \/>&#13;<br \/>\n  Nuestros compatriotas pueden estar seguros  de que he tenido tiempo para pensar y meditar mucho sobre estos problemas. <br \/>&#13;<br \/>\n  <br \/>&#13;<br \/>\n  <strong>Fidel Castro Ruz <\/strong><br \/>&#13;<br \/>\n  <br \/>&#13;<br \/>\n  <strong>Noviembre 29 del 2007<\/strong><br \/>&#13;<br \/>\n  <br \/>&#13;<br \/>\n  <strong>8 y 12 p.m<\/strong><\/span><\/p>\n<p>&#13;<\/p>\n<h6> 2007-12-03 01:10:25 <\/h6>\n<p><!--\n<link rel=\"stylesheet\" href=\"css\/bootstrap.min.css\">\n\n\n<ul class=\"pagination\">\n\t    \n\t\n\n<li >\n\t<a href='?page_no=12507'>Previous<\/a>\n\t<\/li>\n\n\n       \n    \n\n<li><a href='?page_no=1'>1<\/a><\/li>\n\n\n\n<li><a href='?page_no=2'>2<\/a><\/li>\n\n\n\n<li><a>...<\/a><\/li>\n\n\n\n<li><a href='?page_no=12506'>12506<\/a><\/li>\n\n\n\n<li><a href='?page_no=12507'>12507<\/a><\/li>\n\n\n\n<li class='active'><a>12508<\/a><\/li>\n\n\n\n<li><a href='?page_no=12509'>12509<\/a><\/li>\n\n\n\n<li><a href='?page_no=12510'>12510<\/a><\/li>\n\n\n\n<li><a>...<\/a><\/li>\n\n\n\n<li><a href='?page_no=13611'>13611<\/a><\/li>\n\n\n\n<li><a href='?page_no=13612'>13612<\/a><\/li>\n\n    \n\t\n\n<li >\n\t<a href='?page_no=12509'>Next<\/a>\n\t<\/li>\n\n\n    \n\n<li><a href='?page_no=13612'>Last &rsaquo;&rsaquo;<\/a><\/li>\n\n<\/ul>\n\n\n--><br \/>\n<\/body><\/p>\n","protected":false},"excerpt":{"rendered":"<p>Reflexiones del presidente fidel castro&#13; &#13; Un pueblo bajo el fuego&#13; &#13; Venezuela, cuyo pueblo hered\u00f3 de Bol\u00edvar ideas que trascienden su \u00e9poca, enfrenta hoy la tiran\u00eda mundial mil veces m\u00e1s poderosa que la fuerza colonial de Espa\u00f1a sumada a la de la Rep\u00fablica reci\u00e9n nacida de los Estados Unidos, que a trav\u00e9s de Monroe [&hellip;]<\/p>\n","protected":false},"author":3,"featured_media":0,"comment_status":"open","ping_status":"open","sticky":false,"template":"","format":"standard","meta":{"footnotes":""},"categories":[16],"tags":[],"class_list":["post-36668","post","type-post","status-publish","format-standard","hentry","category-opiniones"],"_links":{"self":[{"href":"https:\/\/diariodominicano.com\/index.php?rest_route=\/wp\/v2\/posts\/36668","targetHints":{"allow":["GET"]}}],"collection":[{"href":"https:\/\/diariodominicano.com\/index.php?rest_route=\/wp\/v2\/posts"}],"about":[{"href":"https:\/\/diariodominicano.com\/index.php?rest_route=\/wp\/v2\/types\/post"}],"author":[{"embeddable":true,"href":"https:\/\/diariodominicano.com\/index.php?rest_route=\/wp\/v2\/users\/3"}],"replies":[{"embeddable":true,"href":"https:\/\/diariodominicano.com\/index.php?rest_route=%2Fwp%2Fv2%2Fcomments&post=36668"}],"version-history":[{"count":0,"href":"https:\/\/diariodominicano.com\/index.php?rest_route=\/wp\/v2\/posts\/36668\/revisions"}],"wp:attachment":[{"href":"https:\/\/diariodominicano.com\/index.php?rest_route=%2Fwp%2Fv2%2Fmedia&parent=36668"}],"wp:term":[{"taxonomy":"category","embeddable":true,"href":"https:\/\/diariodominicano.com\/index.php?rest_route=%2Fwp%2Fv2%2Fcategories&post=36668"},{"taxonomy":"post_tag","embeddable":true,"href":"https:\/\/diariodominicano.com\/index.php?rest_route=%2Fwp%2Fv2%2Ftags&post=36668"}],"curies":[{"name":"wp","href":"https:\/\/api.w.org\/{rel}","templated":true}]}}