{"id":36667,"date":"2007-12-03T01:14:14","date_gmt":"2007-12-03T01:14:14","guid":{"rendered":"http:\/\/diariodominicano.ddns.net\/?p=36667"},"modified":"2007-12-03T01:14:14","modified_gmt":"2007-12-03T01:14:14","slug":"a-donde-nos-pueden-llevar-esos-caminos","status":"publish","type":"post","link":"https:\/\/diariodominicano.com\/?p=36667","title":{"rendered":"\u00bfA D\u00d3NDE NOS PUEDEN LLEVAR ESOS CAMINOS ?"},"content":{"rendered":"<p><body><\/p>\n<p align=\"center\" class=\"titulogrande1\">\u00bfA  D\u00d3NDE NOS PUEDEN LLEVAR ESOS CAMINOS ?<\/p>\n<p>&#13;<\/p>\n<p align=\"center\"><strong>Por <span class=\"textogrande\">Narciso Isa Conde<\/span><\/strong><\/p>\n<p>&#13;<\/p>\n<p align=\"justify\" class=\"text1noticias\">En el curso de la semana reci\u00e9n concluida tuvo lugar una reuni\u00f3n entre  el ex-jefe de la   Polic\u00eda Nacional, Mayor General Pedro de Jes\u00fas Candelier y  tres dirigentes de las izquierdas dominicanas: Fidelio Despradel, Manuel  Salazar y Miguel Angel Mu\u00f1iz.<\/p>\n<p>&#13;<\/p>\n<p align=\"justify\" class=\"text1noticias\">Candelier se destac\u00f3 como un general corrupto, vinculado a los due\u00f1os  del poderoso Banco Popular (el m\u00e1s importante del pa\u00eds), represivo y criminal.  Ejerci\u00f3 inescrupulosamente esa alta funci\u00f3n con el primer gobierno de Leonel  Fern\u00e1ndez y el PLD y tambien durante la administraci\u00f3n del PRD encabezada por  Hip\u00f3lito Mej\u00eda, ambos gobiernos comprometidos con la corrupci\u00f3n, el  neoliberalismo y la represi\u00f3n de las protestas sociales. Actualmente es candidato  a la Presidencia  de la Rep\u00fablica  por un peque\u00f1o partido formado al vapor y al calor de su fortuna mal habida, y  todas las encuestas le conceden mucho menos de uno por ciento de las  preferencias electorales.<\/p>\n<p>&#13;<\/p>\n<p align=\"justify\" class=\"text1noticias\">Los referidos dirigentes de  izquierda tomaron esa decisi\u00f3n por cuenta de sus respectivos grupos, sin que el  resto de la izquierda social y pol\u00edtica del pa\u00eds estuviera enterada de ese  paso. Y lo hicieron despu\u00e9s que declinara sensiblemente y se obstruyera, por  razones no explicada, la posibilidad de ellos presentaran al pa\u00eds, a trav\u00e9s del  nuevo proyecto pol\u00edtico conocido como Voluntariado, la candidatura del doctor  Guillermo Moreno.<\/p>\n<p>&#13;<\/p>\n<p align=\"justify\" class=\"text1noticias\">Candelier anunci\u00f3 el hecho y lo present\u00f3 como un paso hacia una \u201calianza  pol\u00edtica con las izquierdas\u201d y hacia la constituci\u00f3n de un frente contra la  partidocracia tradicional. Y aprovech\u00f3 la ocasi\u00f3n para hablar bien de Ch\u00e1vez,  en burdo intento por montar una farsa. <\/p>\n<p>&#13;<\/p>\n<p align=\"justify\" class=\"text1noticias\">El \u00fanico de estos dirigentes de izquierda que hasta ahora ha dado  explicaciones ha sido Fidelio Despradel, que ha intentado justificar el paso  rest\u00e1ndole importancia, argumentando que asisti\u00f3 por \u201ccortes\u00eda\u201d, se\u00f1alando que  all\u00ed no se discuti\u00f3 nada de pol\u00edtica y que \u00e9l forma parte del proyecto de  Guillermo Moreno, que es una opci\u00f3n a m\u00e1s largo plazo. <\/p>\n<p>&#13;<\/p>\n<p align=\"justify\" class=\"text1noticias\">Nadie ha desmentido categ\u00f3ricamente lo dicho por Candelier, que adem\u00e1s  declar\u00f3 que hab\u00edan acordado otra reuni\u00f3n para la pr\u00f3xima semana. <\/p>\n<p>&#13;<\/p>\n<p align=\"justify\" class=\"text1noticias\">Como el tema ha provocado una gran confusi\u00f3n y como la recriminaci\u00f3n a  esa decisi\u00f3n por una gran parte de la sociedad es profusa y persistente, decid\u00ed  escribir estas reflexiones para mi columna semanal que se publica todos los  domingos en el prestigioso diario El Nacional de \u00a1Ahora! <\/p>\n<p>&#13;<\/p>\n<p class=\"text1noticias\">\u00a0\u00a0\u00a0\u00a0\u00a0\u00a0\u00a0\u00a0\u00a0\u00a0\u00a0\u00a0\u00a0\u00a0\u00a0\u00a0\u00a0\u00a0\u00a0\u00a0\u00a0\u00a0\u00a0\u00a0\u00a0\u00a0\u00a0\u00a0\u00a0\u00a0<strong>\u00a0 \u00bfPERTURBADOS  IDEOL\u00d3GICAMENTE?<\/strong><\/p>\n<p>&#13;<\/p>\n<p align=\"justify\" class=\"text1noticias\">\u00a0<br \/>&#13;<br \/>\n  Hay militares honestos y  respetuosos de los derechos humanos, y hay militares corruptos y abusadores.<\/p>\n<p>&#13;<\/p>\n<p align=\"justify\" class=\"text1noticias\">Los hay dem\u00f3cratas, patriotas y  hasta revolucionarios. Pero tambien d\u00e9spotas, criminales y entreguistas.<\/p>\n<p>&#13;<\/p>\n<p align=\"justify\" class=\"text1noticias\">Los malos y lo peores han  actuado como verdaderos secuestradores de las Fuerzas Armadas y la Polic\u00eda Nacional.  Han arrinconado a los buenos y los mejores, empobrecido sus bases y niveles  medios, y se han sentido siempre protegidos por un denso manto de impunidad que  emana de los poderes permanentes y temporales del Estado, del pa\u00eds y del  imperio.<\/p>\n<p>&#13;<\/p>\n<p align=\"justify\" class=\"text1noticias\">Ellos siempre han estado  asociados a la partidocracia corrompida, a los enclaves del poder imperialistas  y a lo peor de la oligarqu\u00eda y los nuevos ricos.<\/p>\n<p>&#13;<\/p>\n<p align=\"justify\" class=\"text1noticias\">Esta especie de cancerberos,  empobrecedores de pueblo civil y de pueblo uniformado, cuando son puestos en  retiro, generalmente como consecuencia de las pugnas internas por principal\u00edas  y de la espuria competencia entre las facciones de la partidocracia que se  alternan en sucesivos gobiernos, pasan a formar nuevos \u201cpartidos pol\u00edticos\u201d o a  constituirse en cuerpos anexos a los partidos tradicionales existentes.<\/p>\n<p>&#13;<\/p>\n<p align=\"justify\" class=\"text1noticias\">Algunos de ellos incluso se  postulan a cargos electivos y no faltan los peores que aspiran a la presidencia  y hasta se vuelven candidato con mucho dinero en la mochila para hacer campa\u00f1a.<\/p>\n<p>&#13;<\/p>\n<p align=\"justify\" class=\"text1noticias\">Despu\u00e9s de robar y traficar en  influencia hasta convertirse en verdaderos magnates propietarios de negocios  hechos al vapor: fincas, edificios, villas de lujo en Casa de Campo, Punta Cana  o Cap-Cana, empresas de \u201cseguridad\u201d\u2026<\/p>\n<p>&#13;<\/p>\n<p align=\"justify\" class=\"text1noticias\">Despu\u00e9s de auspiciar centenares  de \u201cejecuciones extrajudiciales\u201d, torturas, abusos, expedientes falsos,  asesinatos, represiones, persecuciones\u2026<\/p>\n<p>&#13;<\/p>\n<p align=\"justify\" class=\"text1noticias\">Despu\u00e9s de hacerle campa\u00f1a a los  presidentes de turno en plan reeleccionista\u2026<\/p>\n<p>&#13;<\/p>\n<p align=\"justify\" class=\"text1noticias\">Con el mayor descaro del mundo  se ofertan como \u201csalvadores del pa\u00eds\u201d, \u201cenemigos de la partidocracia y de las  perversidades pol\u00edticas\u201d, \u201camigos de los(as) empobrecidos(as) de la naci\u00f3n\u201d, \u201cnuevos  patriotas\u201d, \u201ccombatientes contra la delincuencia\u201d, y expresi\u00f3n sublime de cuantas  bondades existen en nuestro planeta.<\/p>\n<p>&#13;<\/p>\n<p align=\"justify\" class=\"text1noticias\">\u00a1Son capaces incluso de hablar  bien de Ch\u00e1vez y hasta de ponerse un ropaje seudo-progresista!<\/p>\n<p>&#13;<\/p>\n<p align=\"justify\" class=\"text1noticias\">Hasta ah\u00ed las cosas pueden ser  explicadas racionalmente, puesto que quienes han sido capaces de cometer tantos  delitos y fechor\u00edas \u2013sin que medie arrepentimiento alguno o hechos que  hist\u00f3ricamente lo reivindiquen o los hagan merecedores del perd\u00f3n de la  sociedad ofendida- pueden ser perfectamente \u00a0capaces de la m\u00e1s alta hipocres\u00eda y de la  suprema simulaci\u00f3n.<\/p>\n<p>&#13;<\/p>\n<p align=\"justify\" class=\"text1noticias\">Nada agrega ese hecho que pueda  escandalizar m\u00e1s que su profuso record de delitos personales y sociales. Eso es  perfectamente explicable.<\/p>\n<p>&#13;<\/p>\n<p align=\"justify\" class=\"text1noticias\">Lo que no es explicable con  ninguna dial\u00e9ctica, ni con ning\u00fan sofisma inventado por seres humanos, es que  dirigentes de una cierta izquierda acepten como interlocutor a uno o varios de  esos personeros del crimen, la corrupci\u00f3n, el entreguismo y la hipocres\u00eda.<\/p>\n<p>&#13;<\/p>\n<p align=\"justify\" class=\"text1noticias\">No hay manera de entender que  alguien con trayectoria respetable, hablando como hombre o mujer de izquierda,  acepte ofrecerle algo de legitimidad a partiditos y a militares-pol\u00edticos de  esa cala\u00f1a.<\/p>\n<p>&#13;<\/p>\n<p align=\"justify\" class=\"text1noticias\">Mis neuronas- y creo que la de  una gran parte de este pueblo- no alcanzan para explicar racionalmente esa  absurda situaci\u00f3n.<\/p>\n<p>&#13;<\/p>\n<p align=\"justify\" class=\"text1noticias\">\u00bfInterlocutor v\u00e1lido? \u00bfPol\u00edtico  a respetar? \u00bfPosible aliado o \u201cpartner\u201d?<\/p>\n<p>&#13;<\/p>\n<p align=\"justify\" class=\"text1noticias\">\u00bfPosible candidato de una  alianza entre \u201cizquierda\u201d y derecha?<\/p>\n<p>&#13;<\/p>\n<p align=\"justify\" class=\"text1noticias\">\u00bfQu\u00e9 se busca? \u00bfQue se intenta? \u00bfQu\u00e9  se persigue?<\/p>\n<p>&#13;<\/p>\n<p align=\"justify\" class=\"text1noticias\">No, definitivamente me declaro  impotente para razonar y buscarle l\u00f3gica a estas cosas. Quiz\u00e1s es que la  indignaci\u00f3n frente al absurdo no me deja pensar bien. Quiz\u00e1s es que cuando la  flexibilidad t\u00e1ctica se confunde con flexibilidad en los principios me provoca  una especie de corto circuito cerebral.<\/p>\n<p>&#13;<\/p>\n<p align=\"justify\" class=\"text1noticias\">Pero en verdad no alcanzo a  comprender porque apreciados dirigentes de izquierda, de trayectorias  respetables, se dejan enlodar gratuitamente de esa manera y permiten que se  intenten enlodar a toda la izquierda.<\/p>\n<p>&#13;<\/p>\n<p align=\"justify\" class=\"text1noticias\">\u00bfEs qu\u00e9 el maniobrerismo conduce  a eso? \u00bfEs qu\u00e9 el tacticismo no tiene fronteras?<\/p>\n<p>&#13;<\/p>\n<p align=\"justify\" class=\"text1noticias\">\u00bfEs que algunos(as) le pesa  tanto demarcar campos frente a la impunidad y el descaro?<\/p>\n<p>&#13;<\/p>\n<p align=\"justify\" class=\"text1noticias\">\u00bfEs que el ablandarse para  dizque \u201cromper el cerco de la derecha\u201d, diferenci\u00e1ndose y distanci\u00e1ndose de la  izquierda revolucionaria, conduce al reformismo blando y \u00e9ste a su vez los  lleva a dar pasos que afectan la \u00e9tica revolucionaria?<\/p>\n<p>&#13;<\/p>\n<p align=\"justify\" class=\"text1noticias\">Recuerdo que todo esto comenz\u00f3 anulando toda posibilidad de un espacio  com\u00fan de la diversidad de izquierda y progresista, recuerdo que pas\u00f3 por  declaraciones ben\u00e9volas respecto a la llamada \u201ccuarta v\u00eda\u201d de Eduardo Estrella  y Hatuey De Camps. Pero en verdad no me imagine- nadie pod\u00eda imagin\u00e1rselo- que  llegar\u00eda a contemplar conversaciones y posible alianza con \u201cgenerales de horca  y cuchillo\u201d \u00a1Cosas veredes, Secre!<\/p>\n<p>&#13;<\/p>\n<p align=\"justify\" class=\"text1noticias\">\u00bfPerturbados ideol\u00f3gicamente? \u00bfMaleados los muchachos por el  maniobrerismo mezclado con el poder persuasivo de ex-camaradas renegados que comparten  el proyecto derechista con el General?<\/p>\n<p>&#13;<\/p>\n<p align=\"justify\" class=\"text1noticias\">\u00a1Vaya usted a saber!<\/p>\n<p>&#13;<\/p>\n<h6> 2007-12-03 01:14:14 <\/h6>\n<p><!--\n<link rel=\"stylesheet\" href=\"css\/bootstrap.min.css\">\n\n\n<ul class=\"pagination\">\n\t    \n\t\n\n<li >\n\t<a href='?page_no=12506'>Previous<\/a>\n\t<\/li>\n\n\n       \n    \n\n<li><a href='?page_no=1'>1<\/a><\/li>\n\n\n\n<li><a href='?page_no=2'>2<\/a><\/li>\n\n\n\n<li><a>...<\/a><\/li>\n\n\n\n<li><a href='?page_no=12505'>12505<\/a><\/li>\n\n\n\n<li><a href='?page_no=12506'>12506<\/a><\/li>\n\n\n\n<li class='active'><a>12507<\/a><\/li>\n\n\n\n<li><a href='?page_no=12508'>12508<\/a><\/li>\n\n\n\n<li><a href='?page_no=12509'>12509<\/a><\/li>\n\n\n\n<li><a>...<\/a><\/li>\n\n\n\n<li><a href='?page_no=13611'>13611<\/a><\/li>\n\n\n\n<li><a href='?page_no=13612'>13612<\/a><\/li>\n\n    \n\t\n\n<li >\n\t<a href='?page_no=12508'>Next<\/a>\n\t<\/li>\n\n\n    \n\n<li><a href='?page_no=13612'>Last &rsaquo;&rsaquo;<\/a><\/li>\n\n<\/ul>\n\n\n--><br \/>\n<\/body><\/p>\n","protected":false},"excerpt":{"rendered":"<p>\u00bfA D\u00d3NDE NOS PUEDEN LLEVAR ESOS CAMINOS ? &#13; Por Narciso Isa Conde &#13; En el curso de la semana reci\u00e9n concluida tuvo lugar una reuni\u00f3n entre el ex-jefe de la Polic\u00eda Nacional, Mayor General Pedro de Jes\u00fas Candelier y tres dirigentes de las izquierdas dominicanas: Fidelio Despradel, Manuel Salazar y Miguel Angel Mu\u00f1iz. &#13; [&hellip;]<\/p>\n","protected":false},"author":3,"featured_media":0,"comment_status":"open","ping_status":"open","sticky":false,"template":"","format":"standard","meta":{"footnotes":""},"categories":[16],"tags":[],"class_list":["post-36667","post","type-post","status-publish","format-standard","hentry","category-opiniones"],"_links":{"self":[{"href":"https:\/\/diariodominicano.com\/index.php?rest_route=\/wp\/v2\/posts\/36667","targetHints":{"allow":["GET"]}}],"collection":[{"href":"https:\/\/diariodominicano.com\/index.php?rest_route=\/wp\/v2\/posts"}],"about":[{"href":"https:\/\/diariodominicano.com\/index.php?rest_route=\/wp\/v2\/types\/post"}],"author":[{"embeddable":true,"href":"https:\/\/diariodominicano.com\/index.php?rest_route=\/wp\/v2\/users\/3"}],"replies":[{"embeddable":true,"href":"https:\/\/diariodominicano.com\/index.php?rest_route=%2Fwp%2Fv2%2Fcomments&post=36667"}],"version-history":[{"count":0,"href":"https:\/\/diariodominicano.com\/index.php?rest_route=\/wp\/v2\/posts\/36667\/revisions"}],"wp:attachment":[{"href":"https:\/\/diariodominicano.com\/index.php?rest_route=%2Fwp%2Fv2%2Fmedia&parent=36667"}],"wp:term":[{"taxonomy":"category","embeddable":true,"href":"https:\/\/diariodominicano.com\/index.php?rest_route=%2Fwp%2Fv2%2Fcategories&post=36667"},{"taxonomy":"post_tag","embeddable":true,"href":"https:\/\/diariodominicano.com\/index.php?rest_route=%2Fwp%2Fv2%2Ftags&post=36667"}],"curies":[{"name":"wp","href":"https:\/\/api.w.org\/{rel}","templated":true}]}}