{"id":36663,"date":"2007-12-03T01:28:01","date_gmt":"2007-12-03T01:28:01","guid":{"rendered":"http:\/\/diariodominicano.ddns.net\/?p=36663"},"modified":"2007-12-03T01:28:01","modified_gmt":"2007-12-03T01:28:01","slug":"algo-mas-que-petroleo","status":"publish","type":"post","link":"https:\/\/diariodominicano.com\/?p=36663","title":{"rendered":"Algo m\u00e1s que petr\u00f3leo"},"content":{"rendered":"<p><body><\/p>\n<p align=\"center\"><strong>EDITORIAL <\/strong><br \/>&#13;<br \/>\n  <br \/>&#13;<br \/>\n    <strong class=\"titulogrande1\">Algo m\u00e1s que petr\u00f3leo<\/strong><br \/>&#13;<br \/>\n    <br \/>&#13;<br \/>\n    <strong>La  subida del crudo y de las materias primas no explica el diferencial de precios  espa\u00f1ol <\/strong><\/p>\n<p>&#13;<\/p>\n<p align=\"justify\" class=\"text1noticias\">A mediados de este a\u00f1o la inflaci\u00f3n espa\u00f1ola parec\u00eda totalmente  dominada, con tasas interanuales ligeramente superiores al 2%. Pero a partir de  septiembre ha vuelto a convertirse en una amenaza para la estabilidad  econ\u00f3mica. El indicador adelantado correspondiente a noviembre sit\u00faa el  crecimiento del IPC en el 4,1%, nada menos que cinco d\u00e9cimas m\u00e1s que el ya  inusualmente elevado registro del mes de octubre. Semejante explosi\u00f3n de los  precios le va a costar al erario p\u00fablico m\u00e1s de 3.000 millones de euros como  compensaci\u00f3n a los pensionistas. Pero, sobre todo, es una infecci\u00f3n persistente  -el vicepresidente Solbes advierte de que la inflaci\u00f3n alta puede prolongarse  hasta el verano- que puede causar da\u00f1os importantes en la econom\u00eda. <br \/>&#13;<br \/>\n  <br \/>&#13;<br \/>\n  El efecto pernicioso de la inflaci\u00f3n deteriora la competitividad  de los bienes y productos fabricados en Espa\u00f1a, puesto que, a pesar de que el  repunte inflacionista tambi\u00e9n se observa en Europa, el diferencial de inflaci\u00f3n  con la UEM se ha  duplicado en estos tres meses y en noviembre ser\u00e1 probablemente superior a un  punto. Adem\u00e1s, acrecienta la probabilidad de que se active un crecimiento  salarial persistente para compensar la explosi\u00f3n de los precios; resulta  oportuno recordar al respecto que una de las causas del \u00e9xito econ\u00f3mico de los  \u00faltimos 10 a\u00f1os se fundamenta en la moderaci\u00f3n salarial. Por \u00faltimo, las  subidas de precios desmoralizan a los consumidores, que somos todos, en tanto  que reducen su poder de compra y, por ello, avanzan un posible descenso del  consumo que deshilvanar\u00e1 todav\u00eda m\u00e1s las costuras del crecimiento.<br \/>&#13;<br \/>\n  <br \/>&#13;<br \/>\n  Aunque el Gobierno insista en culpar del desbarajuste  inflacionario a la subida de los precios internacionales de las materias primas  y del petr\u00f3leo, hay que ir un poco m\u00e1s all\u00e1 de tan estereotipada explicaci\u00f3n.  Es cierto que el grueso de los cambios que disfruta o padece la econom\u00eda  espa\u00f1ola proceden de decisiones que se toman fuera de las fronteras. El  Ejecutivo no puede influir sobre el crudo, los tipos de inter\u00e9s o el  encarecimiento de los cereales en los mercados mundiales. <br \/>&#13;<br \/>\n  <br \/>&#13;<br \/>\n  Pero, en lugar de  limitarse a soportar el chaparr\u00f3n hasta que escampe, las autoridades econ\u00f3micas  espa\u00f1olas s\u00ed que pueden y deben actuar sobre los factores nacionales que han  ampliado el diferencial de inflaci\u00f3n con los socios europeos. Como la  persistencia de mercados sin liberalizar y de nuestra cr\u00f3nica ineficiencia  energ\u00e9tica.<br \/>&#13;<br \/>\n  <br \/>&#13;<br \/>\n  Asegura Pedro Solbes que \u00abno existen soluciones  m\u00e1gicas\u00bb. Tiene raz\u00f3n; ni para el repunte inflacionista ni para cualquier  otro mal. Pero s\u00ed hay remedios que, aplicados con tenacidad, pueden aliviar el  estropicio. Es el caso de la vigilancia de los canales de comercializaci\u00f3n de  los productos alimenticios o de la traslaci\u00f3n de los precios a los  combustibles. Es una buena oportunidad para ampliar la competencia comercial,  ensayar importaciones alimentarias o liberalizar mercados.<br \/>&#13;<br \/>\n  <br \/>&#13;<br \/>\n  El Pa\u00eds<\/p>\n<p>&#13;<\/p>\n<h6> 2007-12-03 01:28:01 <\/h6>\n<p><!--\n<link rel=\"stylesheet\" href=\"css\/bootstrap.min.css\">\n\n\n<ul class=\"pagination\">\n\t    \n\t\n\n<li >\n\t<a href='?page_no=12502'>Previous<\/a>\n\t<\/li>\n\n\n       \n    \n\n<li><a href='?page_no=1'>1<\/a><\/li>\n\n\n\n<li><a href='?page_no=2'>2<\/a><\/li>\n\n\n\n<li><a>...<\/a><\/li>\n\n\n\n<li><a href='?page_no=12501'>12501<\/a><\/li>\n\n\n\n<li><a href='?page_no=12502'>12502<\/a><\/li>\n\n\n\n<li class='active'><a>12503<\/a><\/li>\n\n\n\n<li><a href='?page_no=12504'>12504<\/a><\/li>\n\n\n\n<li><a href='?page_no=12505'>12505<\/a><\/li>\n\n\n\n<li><a>...<\/a><\/li>\n\n\n\n<li><a href='?page_no=13611'>13611<\/a><\/li>\n\n\n\n<li><a href='?page_no=13612'>13612<\/a><\/li>\n\n    \n\t\n\n<li >\n\t<a href='?page_no=12504'>Next<\/a>\n\t<\/li>\n\n\n    \n\n<li><a href='?page_no=13612'>Last &rsaquo;&rsaquo;<\/a><\/li>\n\n<\/ul>\n\n\n--><br \/>\n<\/body><\/p>\n","protected":false},"excerpt":{"rendered":"<p>EDITORIAL &#13; &#13; Algo m\u00e1s que petr\u00f3leo&#13; &#13; La subida del crudo y de las materias primas no explica el diferencial de precios espa\u00f1ol &#13; A mediados de este a\u00f1o la inflaci\u00f3n espa\u00f1ola parec\u00eda totalmente dominada, con tasas interanuales ligeramente superiores al 2%. Pero a partir de septiembre ha vuelto a convertirse en una amenaza [&hellip;]<\/p>\n","protected":false},"author":3,"featured_media":0,"comment_status":"open","ping_status":"open","sticky":false,"template":"","format":"standard","meta":{"footnotes":""},"categories":[16],"tags":[],"class_list":["post-36663","post","type-post","status-publish","format-standard","hentry","category-opiniones"],"_links":{"self":[{"href":"https:\/\/diariodominicano.com\/index.php?rest_route=\/wp\/v2\/posts\/36663","targetHints":{"allow":["GET"]}}],"collection":[{"href":"https:\/\/diariodominicano.com\/index.php?rest_route=\/wp\/v2\/posts"}],"about":[{"href":"https:\/\/diariodominicano.com\/index.php?rest_route=\/wp\/v2\/types\/post"}],"author":[{"embeddable":true,"href":"https:\/\/diariodominicano.com\/index.php?rest_route=\/wp\/v2\/users\/3"}],"replies":[{"embeddable":true,"href":"https:\/\/diariodominicano.com\/index.php?rest_route=%2Fwp%2Fv2%2Fcomments&post=36663"}],"version-history":[{"count":0,"href":"https:\/\/diariodominicano.com\/index.php?rest_route=\/wp\/v2\/posts\/36663\/revisions"}],"wp:attachment":[{"href":"https:\/\/diariodominicano.com\/index.php?rest_route=%2Fwp%2Fv2%2Fmedia&parent=36663"}],"wp:term":[{"taxonomy":"category","embeddable":true,"href":"https:\/\/diariodominicano.com\/index.php?rest_route=%2Fwp%2Fv2%2Fcategories&post=36663"},{"taxonomy":"post_tag","embeddable":true,"href":"https:\/\/diariodominicano.com\/index.php?rest_route=%2Fwp%2Fv2%2Ftags&post=36663"}],"curies":[{"name":"wp","href":"https:\/\/api.w.org\/{rel}","templated":true}]}}