{"id":36661,"date":"2007-12-03T13:56:42","date_gmt":"2007-12-03T13:56:42","guid":{"rendered":"http:\/\/diariodominicano.ddns.net\/?p=36661"},"modified":"2007-12-03T13:56:42","modified_gmt":"2007-12-03T13:56:42","slug":"el-sida-no-solo-es-africano","status":"publish","type":"post","link":"https:\/\/diariodominicano.com\/?p=36661","title":{"rendered":"El SIDA no s\u00f3lo es africano"},"content":{"rendered":"<p><body><\/p>\n<p class=\"titulogrande1\"><strong>El SIDA no s\u00f3lo es africano<\/strong><\/p>\n<p>&#13;<\/p>\n<p class=\"textogrande\">Alberto Sierra<\/p>\n<p>&#13;<\/p>\n<p align=\"justify\" class=\"text1noticias\"><strong>ALAI AMLATINA, 30\/11\/2007, Madrid.-<\/strong> M\u00e1s de dos millones de  personas han muerto este a\u00f1o a causa del sida, seg\u00fan la ONU. El VIH condiciona la vida  a m\u00e1s de 33 millones de personas en todo el mundo. Los africanos son los m\u00e1s  afectados por esta enfermedad. Siete de cada diez enfermos viven en \u00c1frica  Subsahariana. Los \u00faltimos datos publicados por Onusida alertan tambi\u00e9n del  aumento de contagios en Europa Oriental y Asia Central. En estas dos regiones  hay m\u00e1s de un mill\u00f3n y medio de enfermos, un 150% m\u00e1s que hace 6 a\u00f1os y cien  mil latinoamericanos han contra\u00eddo la enfermedad este a\u00f1o.<\/p>\n<p>&#13;<\/p>\n<p align=\"justify\" class=\"text1noticias\">Estos datos pueden crear la falsa idea de que el sida es una  enfermedad exclusiva de los pa\u00edses m\u00e1s pobres o de aquellos que tienen sistemas  de salud p\u00fablica m\u00e1s d\u00e9biles. En los pa\u00edses del Norte la enfermedad  se ha logrado controlar en las \u00faltimas d\u00e9cadas gracias a las pol\u00edticas  de prevenci\u00f3n e informaci\u00f3n aplicadas, pero se siguen llevando a cabo pr\u00e1cticas de riesgo que invitan a la reflexi\u00f3n.<\/p>\n<p>&#13;<\/p>\n<p align=\"justify\" class=\"text1noticias\">En una encuesta realizada por un peri\u00f3dico universitario espa\u00f1ol,  un 40% de los estudiantes reconoce que no utiliza preservativos ni  siquiera en las relaciones espor\u00e1dicas. Un 31% no sabe d\u00f3nde se realizan las  pruebas para saber si est\u00e1 infectado o no por el virus y un 13% admite que  no se las hace por miedo a los resultados.<\/p>\n<p>&#13;<\/p>\n<p align=\"justify\" class=\"text1noticias\">Conviene recordar el pasado para borrar de la memoria clich\u00e9s y  falsas premisas que tanto da\u00f1o hicieron, como el de la expresi\u00f3n de  \u201cgrupos de riesgo\u201d. En los a\u00f1os 60 y 70 se dec\u00eda que el sida era una  enfermedad propia de un grupo determinado de personas, el grupo de la \u201ccuatro haches\u201d: <br \/>&#13;<br \/>\n  <br \/>&#13;<br \/>\n  Homosexuales, heroin\u00f3manos, los que necesitaban  hemoderivados para transfusiones y los haitianos. Los homosexuales se  contagiaban porque hab\u00edan practicado sexo con personas que portaban el virus;  los que necesitaban hemoderivados porque hab\u00edan recibido transfusiones  de sangre infectada por el VIH; los heroin\u00f3manos porque compart\u00edan jeringuillas utilizadas por otros que ya estaban infectados; entre  los primeros enfermos se encontraban beb\u00e9s de madres inmigrantes  haitianas.<br \/>&#13;<br \/>\n  <br \/>&#13;<br \/>\n  Con el tiempo, se supo que homosexuales norteamericanos  contaminados por el sida hac\u00edan turismo sexual en Hait\u00ed, pero el tab\u00fa en este campo desconcertaba a los investigadores ya que los haitianos no  admit\u00edan que entre ellos pudieran darse esas pr\u00e1cticas. Pero se daban a cambio  de dinero y ellos contaminaron a sus mujeres, algunas de las cuales emigraron a EEUU embarazadas de ni\u00f1os infectados por el virus.<\/p>\n<p>&#13;<\/p>\n<p align=\"justify\" class=\"text1noticias\">Gracias a los avances en la investigaci\u00f3n cient\u00edfica se llegaron a conocer las causas de la enfermedad y c\u00f3mo se transmit\u00eda. Esto  permiti\u00f3 que en vez de hablar de \u201cgrupos de riesgo\u201d se hablase de  \u201cpr\u00e1cticas de riesgo\u201d.<\/p>\n<p>&#13;<\/p>\n<p align=\"justify\" class=\"text1noticias\">Tras conocer las causas y su modo de transmisi\u00f3n, la soluci\u00f3n para controlar la enfermedad pasa por informar y poner a disposici\u00f3n de  todos los m\u00e9todos de prevenci\u00f3n. El preservativo se ha convertido en el principal arma de protecci\u00f3n masiva contra una enfermedad que  cuenta por millones sus v\u00edctimas. Su uso ha permitido controlar el virus en  todo el mundo y que cada uno de nosotros podamos decidir c\u00f3mo llevar  nuestra sexualidad sin miedo a \u00e9l.<\/p>\n<p>&#13;<\/p>\n<p align=\"justify\" class=\"text1noticias\">Pese a todo, la encuesta antes citada y los datos proporcionados  por Onusida muestran la gran cantidad de pr\u00e1cticas de riesgo que a\u00fan  se llevan a cabo.<\/p>\n<p>&#13;<\/p>\n<p align=\"justify\" class=\"text1noticias\">Desde los medios de comunicaci\u00f3n podemos contribuir a informar y a prevenir, haci\u00e9ndonos eco de iniciativas como las de una fundaci\u00f3n holandesa que distribuye condones a 10 c\u00e9ntimos de euro la unidad,  su precio de coste. Esta medida trata de facilitar preservativos a  los j\u00f3venes europeos, quienes suelen pagar por ellos entre 0,30 y 1,20  euros en los establecimientos, para reducir el n\u00famero de nuevos  infectados en Europa \u2013m\u00e1s de 25.000 en el \u00faltimo a\u00f1o-.<\/p>\n<p>&#13;<\/p>\n<p align=\"justify\" class=\"text1noticias\">Aunque la tan ansiada vacuna no llegue, la informaci\u00f3n y el l\u00e1tex  son barreras suficientes para frenar el sida. No podemos dejar de  hacer hincapi\u00e9 en ello.<\/p>\n<p>&#13;<\/p>\n<p align=\"justify\" class=\"text1noticias\">-Alberto Sierra es periodista. Centro de Colaboraciones Solidarias<br \/>&#13;<br \/>\n  <br \/>&#13;<br \/>\n  (CCS). www.solidarios.org.es<\/p>\n<p>&#13;<\/p>\n<h6> 2007-12-03 13:56:42 <\/h6>\n<p><!--\n<link rel=\"stylesheet\" href=\"css\/bootstrap.min.css\">\n\n\n<ul class=\"pagination\">\n\t    \n\t\n\n<li >\n\t<a href='?page_no=12500'>Previous<\/a>\n\t<\/li>\n\n\n       \n    \n\n<li><a href='?page_no=1'>1<\/a><\/li>\n\n\n\n<li><a href='?page_no=2'>2<\/a><\/li>\n\n\n\n<li><a>...<\/a><\/li>\n\n\n\n<li><a href='?page_no=12499'>12499<\/a><\/li>\n\n\n\n<li><a href='?page_no=12500'>12500<\/a><\/li>\n\n\n\n<li class='active'><a>12501<\/a><\/li>\n\n\n\n<li><a href='?page_no=12502'>12502<\/a><\/li>\n\n\n\n<li><a href='?page_no=12503'>12503<\/a><\/li>\n\n\n\n<li><a>...<\/a><\/li>\n\n\n\n<li><a href='?page_no=13611'>13611<\/a><\/li>\n\n\n\n<li><a href='?page_no=13612'>13612<\/a><\/li>\n\n    \n\t\n\n<li >\n\t<a href='?page_no=12502'>Next<\/a>\n\t<\/li>\n\n\n    \n\n<li><a href='?page_no=13612'>Last &rsaquo;&rsaquo;<\/a><\/li>\n\n<\/ul>\n\n\n--><br \/>\n<\/body><\/p>\n","protected":false},"excerpt":{"rendered":"<p>El SIDA no s\u00f3lo es africano &#13; Alberto Sierra &#13; ALAI AMLATINA, 30\/11\/2007, Madrid.- M\u00e1s de dos millones de personas han muerto este a\u00f1o a causa del sida, seg\u00fan la ONU. El VIH condiciona la vida a m\u00e1s de 33 millones de personas en todo el mundo. Los africanos son los m\u00e1s afectados por esta [&hellip;]<\/p>\n","protected":false},"author":3,"featured_media":0,"comment_status":"open","ping_status":"open","sticky":false,"template":"","format":"standard","meta":{"footnotes":""},"categories":[16],"tags":[],"class_list":["post-36661","post","type-post","status-publish","format-standard","hentry","category-opiniones"],"_links":{"self":[{"href":"https:\/\/diariodominicano.com\/index.php?rest_route=\/wp\/v2\/posts\/36661","targetHints":{"allow":["GET"]}}],"collection":[{"href":"https:\/\/diariodominicano.com\/index.php?rest_route=\/wp\/v2\/posts"}],"about":[{"href":"https:\/\/diariodominicano.com\/index.php?rest_route=\/wp\/v2\/types\/post"}],"author":[{"embeddable":true,"href":"https:\/\/diariodominicano.com\/index.php?rest_route=\/wp\/v2\/users\/3"}],"replies":[{"embeddable":true,"href":"https:\/\/diariodominicano.com\/index.php?rest_route=%2Fwp%2Fv2%2Fcomments&post=36661"}],"version-history":[{"count":0,"href":"https:\/\/diariodominicano.com\/index.php?rest_route=\/wp\/v2\/posts\/36661\/revisions"}],"wp:attachment":[{"href":"https:\/\/diariodominicano.com\/index.php?rest_route=%2Fwp%2Fv2%2Fmedia&parent=36661"}],"wp:term":[{"taxonomy":"category","embeddable":true,"href":"https:\/\/diariodominicano.com\/index.php?rest_route=%2Fwp%2Fv2%2Fcategories&post=36661"},{"taxonomy":"post_tag","embeddable":true,"href":"https:\/\/diariodominicano.com\/index.php?rest_route=%2Fwp%2Fv2%2Ftags&post=36661"}],"curies":[{"name":"wp","href":"https:\/\/api.w.org\/{rel}","templated":true}]}}