{"id":36658,"date":"2020-08-03T01:26:22","date_gmt":"2020-08-03T01:26:22","guid":{"rendered":"http:\/\/diariodominicano.ddns.net\/?p=36658"},"modified":"2020-08-03T01:26:22","modified_gmt":"2020-08-03T01:26:22","slug":"el-tejido-social-sustenta-al-estado","status":"publish","type":"post","link":"https:\/\/diariodominicano.com\/?p=36658","title":{"rendered":"\u00a1El tejido social sustenta al Estado!"},"content":{"rendered":"<p><body><\/p>\n<p><strong>Diariodominicano.com<\/strong><\/p>\n<p><strong>\u00a1El tejido social sustenta al Estado!<\/strong><\/p>\n<p><strong>Franklin Almeyda Rancier  <\/strong><\/p>\n<\/p>\n<p>Puede parecer incomprensible aquella expresi\u00f3n, de que las instituciones tienen el tama\u00f1o de su titular o de quien la dirija, sin detenernos en definir qu\u00e9 son las instituciones.<\/p>\n<p>La Real Academia Espa\u00f1ola (RAE) nos dice que son: \u00abCada una de las organizaciones fundamentales de un Estado, naci\u00f3n o sociedad. Instituci\u00f3n&#8230;\u00bb. Tambi\u00e9n: \u00ab\u00d3rganos constitucionales del poder soberano en la naci\u00f3n\u00bb.<\/p>\n<\/p>\n<p>Estas dos definiciones se refieren a instituciones oficiales del Estado. Con frecuencia se entiende que las normas constitucionales y legales son suficientes para definir las instituciones y lograr su eficiencia. Ojal\u00e1 fuera as\u00ed, ya que bastar\u00eda con crear buenas normas jur\u00eddicas.<\/p>\n<\/p>\n<p>Sin embargo, los Estados no se originan con las normas, ellas dan forma a lo que se va creando en una naci\u00f3n. Las naciones se crean al paso de siglos, a veces milenios; sus culturas, idiomas, tradiciones e historias, formas y c\u00f3digos o reglas de convivencia, etc. Por eso la Naci\u00f3n se define como \u00abConjunto de personas de un mismo origen y que generalmente hablan un mismo idioma y tienen una tradici\u00f3n com\u00fan\u00bb. Esos componentes arraigan.<\/p>\n<\/p>\n<p>En el Siglo XVIII surge en Europa el \u00abSiglo de Las Luces\u00bb o los \u00abIlustrados\u00bb, que provoc\u00f3 un proceso de liquidaci\u00f3n de la monarqu\u00eda o \u00abViejo R\u00e9gimen\u00bb, como le llamaron los franceses, especialmente; dando nacimiento al \u00abNuevo R\u00e9gimen\u00bb, que no fue m\u00e1s que el capitalismo.<\/p>\n<\/p>\n<p>La liquidaci\u00f3n de las monarqu\u00edas y el \u00abViejo R\u00e9gimen\u00bb fue para dejar atr\u00e1s el feudalismo. Inglaterra contribuy\u00f3 desde el Siglo XVII a impulsar las fuerzas productivas incorporando el vapor como energ\u00eda y tracci\u00f3n no muscular. Ese hecho dio una enorme dimensi\u00f3n al desarrollo productivo.<\/p>\n<\/p>\n<p>De ah\u00ed que el siguiente Siglo XVIII se convierte en el de los \u00abIlustrados\u00bb en el pensamiento y las artes. Tambi\u00e9n da otro sentido al comportamiento de las metr\u00f3polis europeas frente a las colonias americanas y a estas m\u00e1s tejido social para formar, en cada una, la Naci\u00f3n.<\/p>\n<\/p>\n<p>Los colonos e hijos de ellos, convertidos en \u00abcriollos\u00bb, pasaron a liderar sus naciones para convertirlas en Estado-Naci\u00f3n. A partir de ese momento deb\u00edan buscar su autonom\u00eda; para ser preciso, proclamar independencia y la rep\u00fablica soberana. Para llegar a ser Rep\u00fablica deb\u00edan tener como sociedad, como poblaci\u00f3n, el tejido social creado con su propia fortaleza econ\u00f3mica, cultural y de arraigo que los nucleara como Estado-Naci\u00f3n. Y como ese proceso no era espont\u00e1neo, los \u00abcriollos\u00bb pasaron a liderarlo constituy\u00e9ndose en los patriotas que hoy emulamos. Sin embargo, la obra de esos patriotas fundadores de la nacionalidad qued\u00f3 incompleta. Ellos proclamaron la independencia y el Estado soberano, pero lo que en Am\u00e9rica a\u00fan se construye es el Estado donde el progreso predomine en medio de un r\u00e9gimen democr\u00e1tico.<\/p>\n<\/p>\n<p>En dos siglos hemos tenido fugaces gobiernos democr\u00e1ticos, como ha anotado Leonel Fern\u00e1ndez; tratando de lograr progreso econ\u00f3mico en libertad; m\u00e1s frecuentes, gobiernos de fuerza reteniendo el poder pol\u00edtico para adue\u00f1arse del progreso.<\/p>\n<\/p>\n<p>Esas caracter\u00edsticas parecen propias de Latinoam\u00e9rica, por falta de desarrollo econ\u00f3mico. Pero ahora Trump, en EE-UU, quiere posponer las elecciones porque sabe que va a perder. Lo de EE-UU hace pensar que los asesinatos a sus presidentes no fueron hechos aislados, sino crueles golpes de estado. Pero tambi\u00e9n, que no basta tener desarrollo econ\u00f3mico para lograr democracia, se requiere tejido social que sustente el Estado.<\/p>\n<h6> 2020-08-03 01:26:22 <\/h6>\n<p><!--\n<link rel=\"stylesheet\" href=\"css\/bootstrap.min.css\">\n\n\n<ul class=\"pagination\">\n\t    \n\t\n\n<li >\n\t<a href='?page_no=124'>Previous<\/a>\n\t<\/li>\n\n\n       \n    \n\n<li><a href='?page_no=1'>1<\/a><\/li>\n\n\n\n<li><a href='?page_no=2'>2<\/a><\/li>\n\n\n\n<li><a>...<\/a><\/li>\n\n\n\n<li><a href='?page_no=123'>123<\/a><\/li>\n\n\n\n<li><a href='?page_no=124'>124<\/a><\/li>\n\n\n\n<li class='active'><a>125<\/a><\/li>\n\n\n\n<li><a href='?page_no=126'>126<\/a><\/li>\n\n\n\n<li><a href='?page_no=127'>127<\/a><\/li>\n\n\n\n<li><a>...<\/a><\/li>\n\n\n\n<li><a href='?page_no=13611'>13611<\/a><\/li>\n\n\n\n<li><a href='?page_no=13612'>13612<\/a><\/li>\n\n    \n\t\n\n<li >\n\t<a href='?page_no=126'>Next<\/a>\n\t<\/li>\n\n\n    \n\n<li><a href='?page_no=13612'>Last &rsaquo;&rsaquo;<\/a><\/li>\n\n<\/ul>\n\n\n--><br \/>\n<\/body><\/p>\n","protected":false},"excerpt":{"rendered":"<p>Diariodominicano.com \u00a1El tejido social sustenta al Estado! Franklin Almeyda Rancier Puede parecer incomprensible aquella expresi\u00f3n, de que las instituciones tienen el tama\u00f1o de su titular o de quien la dirija, sin detenernos en definir qu\u00e9 son las instituciones. La Real Academia Espa\u00f1ola (RAE) nos dice que son: \u00abCada una de las organizaciones fundamentales de un [&hellip;]<\/p>\n","protected":false},"author":3,"featured_media":0,"comment_status":"open","ping_status":"open","sticky":false,"template":"","format":"standard","meta":{"footnotes":""},"categories":[16],"tags":[],"class_list":["post-36658","post","type-post","status-publish","format-standard","hentry","category-opiniones"],"_links":{"self":[{"href":"https:\/\/diariodominicano.com\/index.php?rest_route=\/wp\/v2\/posts\/36658","targetHints":{"allow":["GET"]}}],"collection":[{"href":"https:\/\/diariodominicano.com\/index.php?rest_route=\/wp\/v2\/posts"}],"about":[{"href":"https:\/\/diariodominicano.com\/index.php?rest_route=\/wp\/v2\/types\/post"}],"author":[{"embeddable":true,"href":"https:\/\/diariodominicano.com\/index.php?rest_route=\/wp\/v2\/users\/3"}],"replies":[{"embeddable":true,"href":"https:\/\/diariodominicano.com\/index.php?rest_route=%2Fwp%2Fv2%2Fcomments&post=36658"}],"version-history":[{"count":0,"href":"https:\/\/diariodominicano.com\/index.php?rest_route=\/wp\/v2\/posts\/36658\/revisions"}],"wp:attachment":[{"href":"https:\/\/diariodominicano.com\/index.php?rest_route=%2Fwp%2Fv2%2Fmedia&parent=36658"}],"wp:term":[{"taxonomy":"category","embeddable":true,"href":"https:\/\/diariodominicano.com\/index.php?rest_route=%2Fwp%2Fv2%2Fcategories&post=36658"},{"taxonomy":"post_tag","embeddable":true,"href":"https:\/\/diariodominicano.com\/index.php?rest_route=%2Fwp%2Fv2%2Ftags&post=36658"}],"curies":[{"name":"wp","href":"https:\/\/api.w.org\/{rel}","templated":true}]}}