{"id":36656,"date":"2007-12-05T14:38:12","date_gmt":"2007-12-05T14:38:12","guid":{"rendered":"http:\/\/diariodominicano.ddns.net\/?p=36656"},"modified":"2007-12-05T14:38:12","modified_gmt":"2007-12-05T14:38:12","slug":"mensajes-de-fidel-a-chavez","status":"publish","type":"post","link":"https:\/\/diariodominicano.com\/?p=36656","title":{"rendered":"Mensajes de Fidel a Ch\u00e1vez"},"content":{"rendered":"<p><body><\/p>\n<p align=\"justify\"><strong class=\"titulogrande1\">Mensajes de Fidel a Ch\u00e1vez <\/strong><br \/>&#13;<br \/>\n  <br \/>&#13;<br \/>\n    <span class=\"text1noticias\">Querido Hugo:<br \/>&#13;<br \/>\n    <br \/>&#13;<br \/>\n    Te felicito revolucionariamente por tu  discurso en la madrugada de hoy. Fue un veni, vidi, vinci de dignidad y \u00e9tica.<br \/>&#13;<br \/>\n    <br \/>&#13;<br \/>\n  Fidel Castro Ruz<br \/>&#13;<br \/>\n  <br \/>&#13;<br \/>\n  Diciembre 3 de 2007 <br \/>&#13;<br \/>\n  <br \/>&#13;<br \/>\n  10:00 a.m. <\/span><br \/>&#13;<br \/>\n  &#8230;&#8230;&#8230;&#8230;&#8230;&#8230;&#8230;&#8230;&#8230;&#8230;&#8230;&#8230;&#8230;&#8230;&#8230;&#8230;&#8230;&#8230;&#8230;&#8230;&#8230;&#8230;&#8230;&#8230;&#8230;&#8230;&#8230;&#8230;&#8230;&#8230;&#8230;&#8230;&#8230;&#8230;&#8230;&#8230;&#8230;&#8230;&#8230; <br \/>&#13;<br \/>\n  <strong>Segundo mensaje<\/strong><br \/>&#13;<br \/>\n  <br \/>&#13;<br \/>\n  <span class=\"text1noticias\">Querido Hugo:<br \/>&#13;<br \/>\n  <br \/>&#13;<br \/>\n  Trato de ser lo m\u00e1s sint\u00e9tico posible en  las reflexiones. Estas van dirigidas al p\u00fablico. Debo tomar en cuenta el  espacio que las agencias noticiosas y la prensa internacional dedican a los  sucesos que ocurren en el mundo cada 24 horas y el m\u00e1ximo de tiempo que cada  persona presta a una idea entre miles de ellas. En su percepci\u00f3n influye,  incluso, la velocidad con que un locutor lee en la radio o sigue el teleprompter  de la televisi\u00f3n. <br \/>&#13;<br \/>\n  <br \/>&#13;<br \/>\n  La cultura y el nivel de educaci\u00f3n de cada  pa\u00eds, as\u00ed como su papel en la posible soluci\u00f3n de los graves problemas que  agobian al mundo, deben considerarse.<br \/>&#13;<br \/>\n  <br \/>&#13;<br \/>\n  Se explica as\u00ed que muchas veces escriba  algo para informar a nuestro pueblo, que es tambi\u00e9n tuyo, como te demostr\u00f3  desde el primer contacto p\u00fablico. <br \/>&#13;<br \/>\n  <br \/>&#13;<br \/>\n  Hoy lunes el pueblo cubano est\u00e1 ansioso de  noticias sobre el de Venezuela y su l\u00edder, su destino &#13;<br \/>\n  y sus riesgos. Por ello,  es mi deber recordar la reflexi\u00f3n \u00abUn Pueblo bajo el Fuego\u00bb, que  contiene argumentos y frases que preve\u00edan los acontecimientos. Igualmente  expres\u00e9 un criterio que ratifico: \u00abun magnicidio o una guerra civil en  Venezuela, por sus enormes reservas de hidrocarburos, har\u00edan estallar la  econom\u00eda mundial globalizada.\u00bb<br \/>&#13;<br \/>\n  <br \/>&#13;<br \/>\n  Enviar\u00e9 copia de este segundo mensaje,  despu\u00e9s de tu valiente y sabia decisi\u00f3n, a la Mesa Redonda de la Televisi\u00f3n nacional e  internacional de Cuba.<br \/>&#13;<br \/>\n  <br \/>&#13;<br \/>\n\u00a1Las ideas de Bol\u00edvar y Mart\u00ed vencer\u00e1n!<br \/>&#13;<br \/>\n<br \/>&#13;<br \/>\n  Un fuerte abrazo revolucionario,<br \/>&#13;<br \/>\n  <br \/>&#13;<br \/>\n  Fidel Castro Ruz<br \/>&#13;<br \/>\n  <br \/>&#13;<br \/>\n  3 de diciembre de 2007<br \/>&#13;<br \/>\n  <br \/>&#13;<br \/>\n2:37 p.m. <\/span><\/p>\n<p>&#13;<\/p>\n<h6> 2007-12-05 14:38:12 <\/h6>\n<p><!--\n<link rel=\"stylesheet\" href=\"css\/bootstrap.min.css\">\n\n\n<ul class=\"pagination\">\n\t    \n\t\n\n<li >\n\t<a href='?page_no=12497'>Previous<\/a>\n\t<\/li>\n\n\n       \n    \n\n<li><a href='?page_no=1'>1<\/a><\/li>\n\n\n\n<li><a href='?page_no=2'>2<\/a><\/li>\n\n\n\n<li><a>...<\/a><\/li>\n\n\n\n<li><a href='?page_no=12496'>12496<\/a><\/li>\n\n\n\n<li><a href='?page_no=12497'>12497<\/a><\/li>\n\n\n\n<li class='active'><a>12498<\/a><\/li>\n\n\n\n<li><a href='?page_no=12499'>12499<\/a><\/li>\n\n\n\n<li><a href='?page_no=12500'>12500<\/a><\/li>\n\n\n\n<li><a>...<\/a><\/li>\n\n\n\n<li><a href='?page_no=13611'>13611<\/a><\/li>\n\n\n\n<li><a href='?page_no=13612'>13612<\/a><\/li>\n\n    \n\t\n\n<li >\n\t<a href='?page_no=12499'>Next<\/a>\n\t<\/li>\n\n\n    \n\n<li><a href='?page_no=13612'>Last &rsaquo;&rsaquo;<\/a><\/li>\n\n<\/ul>\n\n\n--><br \/>\n<\/body><\/p>\n","protected":false},"excerpt":{"rendered":"<p>Mensajes de Fidel a Ch\u00e1vez &#13; &#13; Querido Hugo:&#13; &#13; Te felicito revolucionariamente por tu discurso en la madrugada de hoy. Fue un veni, vidi, vinci de dignidad y \u00e9tica.&#13; &#13; Fidel Castro Ruz&#13; &#13; Diciembre 3 de 2007 &#13; &#13; 10:00 a.m. &#13; &#8230;&#8230;&#8230;&#8230;&#8230;&#8230;&#8230;&#8230;&#8230;&#8230;&#8230;&#8230;&#8230;&#8230;&#8230;&#8230;&#8230;&#8230;&#8230;&#8230;&#8230;&#8230;&#8230;&#8230;&#8230;&#8230;&#8230;&#8230;&#8230;&#8230;&#8230;&#8230;&#8230;&#8230;&#8230;&#8230;&#8230;&#8230;&#8230; &#13; Segundo mensaje&#13; &#13; Querido Hugo:&#13; &#13; Trato de ser [&hellip;]<\/p>\n","protected":false},"author":3,"featured_media":0,"comment_status":"open","ping_status":"open","sticky":false,"template":"","format":"standard","meta":{"footnotes":""},"categories":[16],"tags":[],"class_list":["post-36656","post","type-post","status-publish","format-standard","hentry","category-opiniones"],"_links":{"self":[{"href":"https:\/\/diariodominicano.com\/index.php?rest_route=\/wp\/v2\/posts\/36656","targetHints":{"allow":["GET"]}}],"collection":[{"href":"https:\/\/diariodominicano.com\/index.php?rest_route=\/wp\/v2\/posts"}],"about":[{"href":"https:\/\/diariodominicano.com\/index.php?rest_route=\/wp\/v2\/types\/post"}],"author":[{"embeddable":true,"href":"https:\/\/diariodominicano.com\/index.php?rest_route=\/wp\/v2\/users\/3"}],"replies":[{"embeddable":true,"href":"https:\/\/diariodominicano.com\/index.php?rest_route=%2Fwp%2Fv2%2Fcomments&post=36656"}],"version-history":[{"count":0,"href":"https:\/\/diariodominicano.com\/index.php?rest_route=\/wp\/v2\/posts\/36656\/revisions"}],"wp:attachment":[{"href":"https:\/\/diariodominicano.com\/index.php?rest_route=%2Fwp%2Fv2%2Fmedia&parent=36656"}],"wp:term":[{"taxonomy":"category","embeddable":true,"href":"https:\/\/diariodominicano.com\/index.php?rest_route=%2Fwp%2Fv2%2Fcategories&post=36656"},{"taxonomy":"post_tag","embeddable":true,"href":"https:\/\/diariodominicano.com\/index.php?rest_route=%2Fwp%2Fv2%2Ftags&post=36656"}],"curies":[{"name":"wp","href":"https:\/\/api.w.org\/{rel}","templated":true}]}}