{"id":36655,"date":"2007-12-06T04:50:25","date_gmt":"2007-12-06T04:50:25","guid":{"rendered":"http:\/\/diariodominicano.ddns.net\/?p=36655"},"modified":"2007-12-06T04:50:25","modified_gmt":"2007-12-06T04:50:25","slug":"peru-brindando-por-el-tlc","status":"publish","type":"post","link":"https:\/\/diariodominicano.com\/?p=36655","title":{"rendered":"Per\u00fa: Brindando por el TLC"},"content":{"rendered":"<p><body><\/p>\n<p class=\"titulogrande1\"><strong>Per\u00fa: Brindando por el TLC<\/strong><\/p>\n<p>&#13;<\/p>\n<p class=\"textogrande\">Ra\u00fal Wiener<\/p>\n<p>&#13;<\/p>\n<p align=\"justify\" class=\"text1noticias\"><strong>ALAI AMLATINA, 05\/12\/2007, Lima.-<\/strong> Una encuesta reciente se\u00f1ala que  de lejos el \u201cmayor logro\u201d (\u00bfhabr\u00e1 otro?) del gobierno de Garc\u00eda es el TLC.<br \/>&#13;<br \/>\n  <br \/>&#13;<br \/>\n  Y otra pregunta, a continuaci\u00f3n, confirma que en opini\u00f3n de los entrevistados este \u201clogro\u201d, es producto de lo hecho por el  anterior gobierno de Alejandro Toledo. Es decir se felicita a Garc\u00eda por lo  que hizo su antecesor.<\/p>\n<p>&#13;<\/p>\n<p align=\"justify\" class=\"text1noticias\">Un sondeo m\u00e1s antiguo muestra entre 60 y 70% de lime\u00f1os, que  opinan por todos los peruanos, y que afirman que el TLC ser\u00e1 positivo para el desarrollo econ\u00f3mico del pa\u00eds. En esa misma encuesta, la mayor\u00eda  (m\u00e1s del 60%) afirma no tener ninguna o muy poca informaci\u00f3n sobre lo  que es el TLC.<br \/>&#13;<br \/>\n  <br \/> &#13;<br \/>\nSe puede resumir en que hay esperanza, en medio de una  profunda desinformaci\u00f3n.<\/p>\n<p>&#13;<\/p>\n<p align=\"justify\" class=\"text1noticias\">Sin embargo, se pueden encontrar numerosos estudios de opini\u00f3n  (salvo los que se hacen a los asistentes a la Conferencia Anual  de Ejecutivos, CADE), en los que una enorme mayor\u00eda carece de expectativas  positivas sobre el futuro del pa\u00eds, como si nadie viera alg\u00fan proyecto para  que el Per\u00fa pueda mejorar en los pr\u00f3ximos a\u00f1os.<\/p>\n<p>&#13;<\/p>\n<p align=\"justify\" class=\"text1noticias\">Y, por supuesto que da ganas de preguntarles si no est\u00e1n enterados  que se viene un TLC, que seg\u00fan se dice nos conducir\u00e1 a una situaci\u00f3n  donde habr\u00e1 trabajo, buenos salarios, respeto ambiental, inversiones,  etc. O es que sabiendo eso, a\u00fan hay motivos para desconfiar.<\/p>\n<p>&#13;<\/p>\n<p align=\"justify\" class=\"text1noticias\">En mi opini\u00f3n, adem\u00e1s, hay otras preguntas sobre TLC que nunca se  hacen:<\/p>\n<p>&#13;<\/p>\n<p align=\"justify\" class=\"text1noticias\">\u00bfUsted cree que la negociaci\u00f3n del TLC se realiz\u00f3 para crear  mayores oportunidades de empleo para la gente, o porque se estaba  favoreciendo a un sector de exportadores que viene haciendo mucho dinero con sus  ventas a Estados Unidos?<\/p>\n<p>&#13;<\/p>\n<p align=\"justify\" class=\"text1noticias\">Si usted no tiene un empleo exportador actualmente o alguno  relacionado (produce insumos o servicios para los exportadores): \u00bfconsidera  que dispondr\u00e1 de alguno, en los pr\u00f3ximos cinco a\u00f1os?<\/p>\n<p>&#13;<\/p>\n<p align=\"justify\" class=\"text1noticias\">Si usted trabaja en el sector exportador, por ejemplo una empresa textil, una agroexportadora, una pesquera o una minera: \u00bfpodr\u00eda  decir que se cumplen los siguientes sencillos derechos: (a)  sindicalizaci\u00f3n, negociaci\u00f3n colectiva y huelga; (b) jornada de ocho horas y pago  de horas extras; (c) igual salario entre hombres y mujeres, ninguna discriminaci\u00f3n por condici\u00f3n femenina (licencia de maternidad);  (d) no explotaci\u00f3n de la mano de obra infantil?<\/p>\n<p>&#13;<\/p>\n<p align=\"justify\" class=\"text1noticias\">\u00bfConsidera que con el TLC se fortalecer\u00e1n estos derechos?, \u00bfha  visto en su empresa una mayor disposici\u00f3n a cumplir estos derechos en los  \u00faltimos meses?<\/p>\n<p>&#13;<\/p>\n<p align=\"justify\" class=\"text1noticias\">\u00bfCree usted que en el futuro ser\u00e1 m\u00e1s f\u00e1cil, igual, o m\u00e1s dif\u00edcil  para un peruano viajar a los Estados Unidos y conseguir trabajo en ese  pa\u00eds?,<br \/>&#13;<br \/>\n  <br \/>&#13;<br \/>\n\u00bfest\u00e1 enterado de lo que pas\u00f3 con las migraciones de M\u00e9xico a  Estados Unidos, despu\u00e9s del TLC?, \u00bfest\u00e1 enterado de la construcci\u00f3n de un  muro entre Estados Unidos y M\u00e9xico?, \u00bfpara qu\u00e9 cree que es?<\/p>\n<p>&#13;<\/p>\n<p align=\"justify\" class=\"text1noticias\">Una preguntita final: en su opini\u00f3n, \u00bfpor qu\u00e9 cree que las  encuestadoras no hacen este tipo de preguntas?<\/p>\n<p>&#13;<\/p>\n<p align=\"justify\" class=\"text1noticias\">&#8211; Ra\u00fal Wiener es analista pol\u00edtico y econ\u00f3mico peruano.<\/p>\n<p>&#13;<\/p>\n<h6> 2007-12-06 04:50:25 <\/h6>\n<p><!--\n<link rel=\"stylesheet\" href=\"css\/bootstrap.min.css\">\n\n\n<ul class=\"pagination\">\n\t    \n\t\n\n<li >\n\t<a href='?page_no=12496'>Previous<\/a>\n\t<\/li>\n\n\n       \n    \n\n<li><a href='?page_no=1'>1<\/a><\/li>\n\n\n\n<li><a href='?page_no=2'>2<\/a><\/li>\n\n\n\n<li><a>...<\/a><\/li>\n\n\n\n<li><a href='?page_no=12495'>12495<\/a><\/li>\n\n\n\n<li><a href='?page_no=12496'>12496<\/a><\/li>\n\n\n\n<li class='active'><a>12497<\/a><\/li>\n\n\n\n<li><a href='?page_no=12498'>12498<\/a><\/li>\n\n\n\n<li><a href='?page_no=12499'>12499<\/a><\/li>\n\n\n\n<li><a>...<\/a><\/li>\n\n\n\n<li><a href='?page_no=13611'>13611<\/a><\/li>\n\n\n\n<li><a href='?page_no=13612'>13612<\/a><\/li>\n\n    \n\t\n\n<li >\n\t<a href='?page_no=12498'>Next<\/a>\n\t<\/li>\n\n\n    \n\n<li><a href='?page_no=13612'>Last &rsaquo;&rsaquo;<\/a><\/li>\n\n<\/ul>\n\n\n--><br \/>\n<\/body><\/p>\n","protected":false},"excerpt":{"rendered":"<p>Per\u00fa: Brindando por el TLC &#13; Ra\u00fal Wiener &#13; ALAI AMLATINA, 05\/12\/2007, Lima.- Una encuesta reciente se\u00f1ala que de lejos el \u201cmayor logro\u201d (\u00bfhabr\u00e1 otro?) del gobierno de Garc\u00eda es el TLC.&#13; &#13; Y otra pregunta, a continuaci\u00f3n, confirma que en opini\u00f3n de los entrevistados este \u201clogro\u201d, es producto de lo hecho por el anterior [&hellip;]<\/p>\n","protected":false},"author":3,"featured_media":0,"comment_status":"open","ping_status":"open","sticky":false,"template":"","format":"standard","meta":{"footnotes":""},"categories":[16],"tags":[],"class_list":["post-36655","post","type-post","status-publish","format-standard","hentry","category-opiniones"],"_links":{"self":[{"href":"https:\/\/diariodominicano.com\/index.php?rest_route=\/wp\/v2\/posts\/36655","targetHints":{"allow":["GET"]}}],"collection":[{"href":"https:\/\/diariodominicano.com\/index.php?rest_route=\/wp\/v2\/posts"}],"about":[{"href":"https:\/\/diariodominicano.com\/index.php?rest_route=\/wp\/v2\/types\/post"}],"author":[{"embeddable":true,"href":"https:\/\/diariodominicano.com\/index.php?rest_route=\/wp\/v2\/users\/3"}],"replies":[{"embeddable":true,"href":"https:\/\/diariodominicano.com\/index.php?rest_route=%2Fwp%2Fv2%2Fcomments&post=36655"}],"version-history":[{"count":0,"href":"https:\/\/diariodominicano.com\/index.php?rest_route=\/wp\/v2\/posts\/36655\/revisions"}],"wp:attachment":[{"href":"https:\/\/diariodominicano.com\/index.php?rest_route=%2Fwp%2Fv2%2Fmedia&parent=36655"}],"wp:term":[{"taxonomy":"category","embeddable":true,"href":"https:\/\/diariodominicano.com\/index.php?rest_route=%2Fwp%2Fv2%2Fcategories&post=36655"},{"taxonomy":"post_tag","embeddable":true,"href":"https:\/\/diariodominicano.com\/index.php?rest_route=%2Fwp%2Fv2%2Ftags&post=36655"}],"curies":[{"name":"wp","href":"https:\/\/api.w.org\/{rel}","templated":true}]}}