{"id":36654,"date":"2007-12-06T05:02:44","date_gmt":"2007-12-06T05:02:44","guid":{"rendered":"http:\/\/diariodominicano.ddns.net\/?p=36654"},"modified":"2007-12-06T05:02:44","modified_gmt":"2007-12-06T05:02:44","slug":"venezuela-posibles-causas-del-reves-del-si","status":"publish","type":"post","link":"https:\/\/diariodominicano.com\/?p=36654","title":{"rendered":"Venezuela: posibles causas del rev\u00e9s del S\u00cd"},"content":{"rendered":"<p><body><\/p>\n<p align=\"center\" class=\"titulogrande1\">Venezuela: posibles  causas del rev\u00e9s del S\u00cd<\/p>\n<p>&#13;<\/p>\n<p align=\"center\"><strong>Por <span class=\"textogrande\">Narciso Isa Conde<\/span><\/strong><\/p>\n<p>&#13;<\/p>\n<p align=\"justify\" class=\"text1noticias\">El SI perdi\u00f3 y ciertamente fue derrotado por la abstenci\u00f3n de unos  tres millones de electores que en las elecciones pasadas votaron por la  reelecci\u00f3n del comandante Hugo Ch\u00e1vez.<\/p>\n<p>&#13;<\/p>\n<p align=\"justify\" class=\"text1noticias\">Perdi\u00f3 por un punto, por muy  pocos votos; pero igual hubiera perdido si se hubiera registrado a su favor una  ventaja similar o simplemente muy peque\u00f1a.<\/p>\n<p>&#13;<\/p>\n<p align=\"justify\" class=\"text1noticias\">El SI necesitaba remontar y no lo hizo. Por eso el voto duro por el NO de la derecha y de la contrarreforma  logr\u00f3 sobrepasarlo sin que eso implique crecimiento de sus componentes. M\u00e1s  bien expres\u00f3 su estancamiento.<\/p>\n<p>&#13;<\/p>\n<p align=\"justify\" class=\"text1noticias\">Pero desde una \u00f3ptica  revolucionaria el an\u00e1lisis no deber\u00eda quedarse en lo relativo a ese precario  triunfo de las derechas, sino que tenemos el deber de incursionar en los porqu\u00e9s  de esa abstenci\u00f3n que tanto afect\u00f3 la viabilidad de las avanzad\u00edsimas reformas  propuestas por el Presidente Ch\u00e1vez.<\/p>\n<p>&#13;<\/p>\n<p align=\"justify\" class=\"text1noticias\">Perdimos una peque\u00f1a batalla,  sufrimos un rev\u00e9s despu\u00e9s de una larga cadena de triunfos. Y lo digo  incluy\u00e9ndome, porque me siento parte de ese proceso hacia la revoluci\u00f3n y de  sus anunciadas y refrescante perspectivas socialistas.<\/p>\n<p>&#13;<\/p>\n<p align=\"justify\" class=\"text1noticias\">No se trata de algo catastr\u00f3fico,  ni de una derrota estrat\u00e9gica, sino de un rev\u00e9s en el intento de dar un paso de  avance de mucho valor, pero no decisivo para el destino del proceso.<\/p>\n<p>&#13;<\/p>\n<p align=\"justify\" class=\"text1noticias\">La propia CIA fue sorprendida<\/p>\n<p>&#13;<\/p>\n<p align=\"justify\" class=\"text1noticias\">El fen\u00f3meno es de todas maneras  digno de estudio y reflexi\u00f3n.<\/p>\n<p>&#13;<\/p>\n<p align=\"justify\" class=\"text1noticias\">Los resultados, tal y como se  presentaron la noche del domingo 2 y la madrugada del lunes 3 de diciembre, no  eran ni siquiera esperados por el jefe de la Estaci\u00f3n de la CIA en Venezuela, que en su \u201cMemorando Confidencial\u201d del 20 de  noviembre del 2007 dirigido al director de la Agencia en Washington  planteaba lo siguiente:<br \/>&#13;<br \/>\n  <br \/>&#13;<br \/>\n\u201cTal como lo puntualic\u00e9 en el informe precedente, las tendencias de  intenciones de voto se mantienen. Hasta ahora las distintas mediciones  realizadas, incluidas las nuestras, le dan al SI una ventaja entre 10 y 13  puntos (57 % SI, 44% NO).Tal estimaci\u00f3n porcentual se dan en el marco de una  abstenci\u00f3n que ronda el 60% de los votantes inscritos.\u201d <br \/>&#13;<br \/>\n<br \/>&#13;<br \/>\n\u201cNuestros an\u00e1lisis, observan que esta tendencia es irreversible en el  corto plazo, es decir, en los pr\u00f3ximos quince (15) d\u00edas no se pueden modificar  esos porcentajes de una manera significativa.\u201d <br \/>&#13;<br \/>\n<br \/>&#13;<br \/>\n\u201cPor otro lado, la campa\u00f1a publicitaria  promovida por el Plan y las deserciones de las filas gubernamentales (Podemos-  Baduel, por ejemplo) han logrado quitarle a Ch\u00e1vez 6 puntos en su posici\u00f3n de  arranque inicial, tal como NO hab\u00eda ocurrido en otras campa\u00f1as, donde ha  partido con una ventaja entre 15 y 20 % Sin embargo, se puede esperar un  congelamiento del impacto esperado, ya que tales tendencias tocaron piso.\u201d<br \/>&#13;<br \/>\n<br \/>&#13;<br \/>\n\u201cEn tal sentido, esta oficina recomienda ejecutar lo previsto en el  Plan para la   Operaci\u00f3n Tenaza en el caso de consolidarse en los pr\u00f3ximos  d\u00edas este escenario.\u201d<br \/>&#13;<br \/>\n<br \/>&#13;<br \/>\n\u201cComo es de su conocimiento hemos propuesto un abanico de respuestas,  entre las que est\u00e1n:\u201d <br \/>&#13;<br \/>\n<br \/>&#13;<br \/>\n  <u>\u201cImpedir el  refer\u00e9ndum o desconocer sus resultados a\u00fan cuando se llame a votar por el NO. \u201c<\/u><br \/>&#13;<br \/>\n  <br \/>&#13;<br \/>\n\u201cEn t\u00e9rminos de orientaci\u00f3n t\u00e1ctica estas bisagras pueden dar la  impresi\u00f3n de ser contradictorias, pero para el momento pol\u00edtico coyuntural es  necesaria su combinaci\u00f3n. En los d\u00edas que quedan podemos seguir fortaleciendo  las actividades que apuntan a impedir el refer\u00e9ndum y al mismo tiempo preparar  las condiciones para desconocer los resultados del mismo.\u201d<br \/>&#13;<br \/>\n<br \/>&#13;<br \/>\n\u201cEn el acondicionamiento pol\u00edtico del no  reconocimiento de los resultados del refer\u00e9ndum, ha resultado importante la  creaci\u00f3n de la matriz de opini\u00f3n sobre un triunfo seguro del NO y en tal  sentido seguiremos trabajando con las encuestadoras que hemos contratado. Al  mismo tiempo que mantenemos una sostenida campa\u00f1a por el NO, se viene  trabajando en la cr\u00edtica al CNE y su conexi\u00f3n con una serie de trampas, lo cual  genera en la opini\u00f3n p\u00fablica la sensaci\u00f3n de fraude.\u201d<\/p>\n<p>&#13;<\/p>\n<p align=\"justify\" class=\"text1noticias\">\u201cEn este contexto, empantanar el acto de  votaci\u00f3n el d\u00eda 2 de Diciembre es consustancial con la premisa de VOTA Y  QUEDATE para poder producir una implosi\u00f3n que nos permita ejecutar la directiva  ya establecida en la   Operaci\u00f3n Tenaza.\u201d<\/p>\n<p>&#13;<\/p>\n<p align=\"justify\" class=\"text1noticias\">\u201cLa premisa de la no violencia y las  exigencias operacionales que se contemplan en el Plan\u201d<\/p>\n<p>&#13;<\/p>\n<p align=\"justify\" class=\"text1noticias\">\u201cParticular importancia tiene los contactos  y reuniones con los oficiales de los diversos componentes, particularmente de la Guardia Nacional.\u201d<br \/>&#13;<br \/>\n  <br \/>&#13;<br \/>\n(Memorandum  Confidencial. De Michael Midleton Steere, US Embassy a Michael Hayden, Director  Agencia Central de Inteligencia. Asunto: Avance de la Fase Terminal de la Operaci\u00f3n Tenaza)<\/p>\n<p>&#13;<\/p>\n<p align=\"justify\" class=\"text1noticias\">La Operaci\u00f3n Tenaza inclu\u00eda  tambien un dispositivo militar conspirativo con base fundamentalmente en la Guardia Nacional,  movilizaciones violentas y operaciones militares encubiertas desde Colombia y  desde Brasil.<\/p>\n<p>&#13;<\/p>\n<p align=\"justify\">El triste rol de  Baduel y de Podemos<\/p>\n<p>&#13;<\/p>\n<p align=\"justify\" class=\"text1noticias\">Es claro que la posici\u00f3n asumida  por el ex-Ministro de la Defensa,  general (R) Isa\u00edas Baduel y por el partido Podemos, quienes hasta hace unos meses  participaban en el Gobierno de Ch\u00e1vez, le rest\u00f3 un puntaje peque\u00f1o pero  decisivo al SI y fortaleci\u00f3 en una  forma limitada, pero importante, el No.  Y adem\u00e1s, posiblemente, junto a otros factores todav\u00eda mucho m\u00e1s influyentes,  contribuyeron a desplazar hacia la abstenci\u00f3n a muchos electores que votaron  rojo rojito en las pasadas elecciones.<\/p>\n<p>&#13;<\/p>\n<p align=\"justify\" class=\"text1noticias\">Ese desprendimiento, esa  disidencia, que pudo tener inicialmente fuertes motivaciones en el inter\u00e9s de  crear una especie de centro pol\u00edtico, ubicado entre Ch\u00e1vez y la derecha dura;  que pudo tener motivaciones generadas por factores secundarios (entre ellas afanes  de principal\u00edas, visiones mas moderadas etc.), objetivamente se desplaz\u00f3 hacia  la derecha y le hizo el juego a sus planes, aport\u00e1ndole ciertos flujos de los  que antes no dispon\u00eda.<\/p>\n<p>&#13;<\/p>\n<p align=\"justify\" class=\"text1noticias\">Ese desprendimiento actu\u00f3  inicialmente contra la profundizaci\u00f3n del proceso hacia la revoluci\u00f3n, contra  el marco referencial de las nuevas perspectivas socialistas, y finalmente, por  m\u00faltiples motivos, hizo causa com\u00fan con lo peor del pa\u00eds.<\/p>\n<p>&#13;<\/p>\n<p align=\"justify\" class=\"text1noticias\">En procesos polarizados entre  revoluci\u00f3n y contrarrevoluci\u00f3n, las diferencias iniciales de ese tipo deber\u00edan  ser tratadas con sumo tacto y fina inteligencia para no servir al campo  contrario y evitar quedar entrampado en sus redes, tal y como le pas\u00f3 a estos  se\u00f1ores.<\/p>\n<p>&#13;<\/p>\n<p align=\"justify\" class=\"text1noticias\">No pocas veces el cruce de  acciones y reacciones negativas contribuye a rupturas irreversibles, que sirven  de caldo de cultivo a renegaciones y virajes imperdonables a favor de la  contrarrevoluci\u00f3n.<\/p>\n<p>&#13;<\/p>\n<p align=\"justify\" class=\"text1noticias\">De todas maneras el volumen de la  abstenci\u00f3n de electores que el a\u00f1o pasado ya hab\u00edan dado el apoyo a la  reelecci\u00f3n de Ch\u00e1vez y a su fuerte discurso anticapitalista y pro-socialista,  es demasiado grande para explicarlo solo a partir de esos hechos.<\/p>\n<p>&#13;<\/p>\n<p align=\"justify\" class=\"text1noticias\">Por eso creo muy \u00fatil, continuar  la reflexi\u00f3n y la b\u00fasqueda que permitan detectar las fallas propias, los  errores gruesos en las pol\u00edticas ejecutadas y en los \u00e9nfasis de la campa\u00f1a.<\/p>\n<p>&#13;<\/p>\n<p align=\"justify\" class=\"text1noticias\">Pienso que atribuirle estos resultados  al poder\u00edo medi\u00e1tico de la reacci\u00f3n y la campa\u00f1a sucia de los medios escritos y  electr\u00f3nicos es un juicio superficial, puesto que esa realidad imper\u00f3 tambien  en otras elecciones y se lograron mejores resultados.<\/p>\n<p>&#13;<\/p>\n<p align=\"justify\" class=\"text1noticias\">Considero que podr\u00edan existir causas  m\u00e1s importantes vinculadas a ese rev\u00e9s coyuntural.<\/p>\n<p>&#13;<\/p>\n<p align=\"justify\" class=\"text1noticias\">El tema de la  reelecci\u00f3n sucesiva o continua.<\/p>\n<p>&#13;<\/p>\n<p align=\"justify\" class=\"text1noticias\">Este tema fue sin dudas el m\u00e1s  controversial y el m\u00e1s manipulado de todos, y ciertamente toca fibras y  sentimientos muy sensibles en sociedades como las nuestras. Esto  independientemente de que en Venezuela exista uno de los sistemas electorales  m\u00e1s pulcros, eficientes e invulnerables a las trampas y fraudes y de que tenga  plena vigencia el principio de la revocaci\u00f3n del mandato, lo que minimiza sus  aspectos negativos.<\/p>\n<p>&#13;<\/p>\n<p align=\"justify\" class=\"text1noticias\">Pero de todas maneras la reelecci\u00f3n sucesiva,  continua, o infinita\u2026 tiende a despertar demasiadas suspicacias, porque se  presta a especular sobre la intenci\u00f3n de fundir a perpetuidad la presidencia  rep\u00fablica con el liderazgo pol\u00edtico del proceso.<\/p>\n<p>&#13;<\/p>\n<p align=\"justify\" class=\"text1noticias\">Da la sensaci\u00f3n  \u2013independientemente de los recursos institucionales que garanticen la  competencia democr\u00e1tica- de perseguir siempre el cargo desde el cargo, de  pretender usar el poder para permanecer en \u00e9l, de acaparar, de negar  oportunidades, incluso a otros potenciales l\u00edderes revolucionarios.<\/p>\n<p>&#13;<\/p>\n<p align=\"justify\" class=\"text1noticias\">Se presta a reiterar siempre y de  por vida \u2013independientemente de sus m\u00e9ritos- la misma candidatura, a polarizar  con la derecha desde el mismo liderazgo y desde el mismo cargo p\u00fablico.<\/p>\n<p>&#13;<\/p>\n<p align=\"justify\" class=\"text1noticias\">Adem\u00e1s tiende a generar  incondicionalidades da\u00f1inas y tiende a limitar la b\u00fasqueda de hegemon\u00eda a  trav\u00e9s de un abanico de opciones y m\u00e9todos, que si bien deben incluir en forma  relevante el liderazgo principal, su despliegue exitoso no debe depender solo  de ese factor.<\/p>\n<p>&#13;<\/p>\n<p align=\"justify\" class=\"text1noticias\">Peor aun si esa propuesta se  convierte en un tema exagerado de campa\u00f1a, si se le estruja el liderazgo (aun  muy bien ganado) a los adversarios, a sectores intermedios y a aliados d\u00e9biles,  y se da la impresi\u00f3n de transformar la potencia en prepotencia; si se habla no  solo de posibilidad de reelegir, sino adem\u00e1s de postulaciones sucesivas y de  futuras victorias sucesivas, esto es, de permanencia en la presidencia por  largo plazo. (\u201cOcho a\u00f1os m\u00e1s y despu\u00e9s hablamos\u201d, \u201cCh\u00e1vez hasta el 2050\u201d).<\/p>\n<p>&#13;<\/p>\n<p align=\"justify\" class=\"text1noticias\">Esto, repito, toca fibras  sensibles en sociedades con fuerte cultura caudillista y permite hacer  comparaciones odiosas; muchas veces infundadas, pero siempre eficaces para  sembrar dudas y confundir.<\/p>\n<p>&#13;<\/p>\n<p align=\"justify\" class=\"text1noticias\">Liderazgo y  funciones estatales y partidarias<\/p>\n<p>&#13;<\/p>\n<p align=\"justify\" class=\"text1noticias\">Esto no lo digo ahora. Sobre este  tema inici\u00e9 una reflexi\u00f3n que fue recogida en un extenso art\u00edculo publicado en Kaosenlared y otros importantes medios  digitales a partir del 28 de agosto del 2006, bajo el t\u00edtulo \u201cLiderazgos, Cargos y Reelecci\u00f3n\u201d. Y  creo ahora oportuno volver sobre sus pasos, incluyendo aqu\u00ed algunos fragmentos  sobresalientes del mismo:<\/p>\n<p>&#13;<\/p>\n<p align=\"justify\" class=\"text1noticias\">\u201cLas grandes revoluciones pol\u00edticas y  sociales- subrayaba entonces- generalmente  tienen grandes l\u00edderes o liderezas.\u201d<\/p>\n<p>&#13;<\/p>\n<p align=\"justify\" class=\"text1noticias\">\u201cEllos, ellas, por lo que han significado y  significan\u00a0 dentro de esos  acontecimientos hist\u00f3ricos para las clases y sectores explotado y excluidos  (as), tienen un profundo calado, son muy queridos(as) y respetados(as) y son,  en consecuencia, sumamente necesarios(as). Y mientras m\u00e1s se profundiza el  cambio social, pol\u00edtico y cultural, enfrentado a poderos\u00edsimas fuerzas  enemigas, y m\u00e1s consecuentes son con los anhelos de la sociedad, m\u00e1s  necesarios(as) se tornan y m\u00e1s se entiende la necesidad de su permanencia en  cargo relevantes\u201d<\/p>\n<p>&#13;<\/p>\n<p align=\"justify\" class=\"text1noticias\">\u201cEs formidable contar en tales procesos con  l\u00edderes brillantes, audaces, visionarios(as).\u201d<\/p>\n<p>&#13;<\/p>\n<p align=\"justify\" class=\"text1noticias\">\u201cA ellos, a ellas, hay que preservarlos,  ayudarlos, acompa\u00f1arlos (as) y respaldarlos (as) desinteresadamente.\u201d<\/p>\n<p>&#13;<\/p>\n<p align=\"justify\" class=\"text1noticias\">\u201cSin embargo, no creo- a la luz de la  experiencia hist\u00f3rica- que sea beneficioso para ellos(as), para los pueblos y  los procesos que lideran, cargarlos de funciones, asignarles roles diferentes y  superpuestos, y auspiciar que se reelijan de por vida en la m\u00e1s altas funciones  de Estado; a veces, por dem\u00e1s, acompa\u00f1adas de las m\u00e1s altas funciones del partido  o del movimiento pol\u00edtico.\u201d<\/p>\n<p>&#13;<\/p>\n<p align=\"justify\" class=\"text1noticias\">\u201cY esto es todav\u00eda m\u00e1s improcedente cuando  no existen mecanismos para revocarlos al margen de las elecciones ordinarias y  cuando las competencias electorales pueden ser vulnerables a m\u00e9todos  antidemocr\u00e1ticos.\u201d<\/p>\n<p>&#13;<\/p>\n<p align=\"justify\" class=\"text1noticias\">\u201cPienso que no es malo, sino bueno, que un  l\u00edder pueda ser hoy presidente de la rep\u00fablica y ma\u00f1ana primer ministro.\u201d<\/p>\n<p>&#13;<\/p>\n<p align=\"justify\" class=\"text1noticias\">\u201cHoy presidentes y ma\u00f1ana solo secretario  general o dirigente del partido\u2026\u201d<\/p>\n<p>&#13;<\/p>\n<p align=\"justify\" class=\"text1noticias\">\u201cSi es l\u00edder de verdad siempre lo ser\u00e1,  sobretodo si no comete errores graves que lo hagan perder su influencia bien  ganada.\u201d<\/p>\n<p>&#13;<\/p>\n<p align=\"justify\" class=\"text1noticias\">\u201cEllos, ellas- independientemente de las  funciones temporales que ejerzan (partidistas, sociales o gubernamentales\u2026)-  tienen la virtud de influir y de crear hegemon\u00edas. Y pueden hacerlo en funci\u00f3n  y en favor de otras personas, de otros (as) candidatos, cuando presentan  condiciones para lograrlo.\u201d<\/p>\n<p>&#13;<\/p>\n<p align=\"justify\" class=\"text1noticias\">\u201cEllos y ellas pueden ser mejores si se  rotan en las funciones y contribuyen a la creaci\u00f3n de reales direcciones  colectivas, a pesar de su enorme e indiscutida gravitaci\u00f3n pol\u00edtica y social.\u201d<\/p>\n<p>&#13;<\/p>\n<p align=\"justify\" class=\"text1noticias\">\u201cLas reelecciones sucesivas e indefinidas  no son las \u00fanicas fuentes del caudillismo y de la anti-democracia, pero pueden  favorecer tendencias negativas; adem\u00e1s dar la apariencia de lo imprescindible y  crear resistencia, voluntaria o no, a la rotaci\u00f3n en las funciones p\u00fablicas m\u00e1s  importantes y a la participaci\u00f3n colectiva en las decisiones.\u201d<\/p>\n<p>&#13;<\/p>\n<p align=\"justify\" class=\"text1noticias\">\u201cLa fusi\u00f3n del partido con el Estado es  todav\u00eda peor, independientemente de que coexista o no con la reelecci\u00f3n  presidencial indefinida o las reelecciones sucesivas en otras funciones  p\u00fablicas.\u201d<\/p>\n<p>&#13;<\/p>\n<p align=\"justify\" class=\"text1noticias\">\u201cEl estatismo burocr\u00e1tico integral  (pol\u00edtico, econ\u00f3mico, ideol\u00f3gico, comunicacional\u2026) por igual es altamente  perjudicial, puesto que genera un alto grado de uniformizaci\u00f3n de los medios de  comunicaci\u00f3n; un alto grado de censura y autocensura que afecta sensiblemente  la libre discusi\u00f3n, el debate democr\u00e1tico y la auto-superaci\u00f3n del proceso.\u201d<\/p>\n<p>&#13;<\/p>\n<p align=\"justify\" class=\"text1noticias\">\u201cY esto sin ponerme ahora a analizar la  gran perversidad encubierta de la llamada democracia representativa, porque en  este trabajo me he propuesto reflexionar fundamentalmente sobre los problemas  hist\u00f3ricos y actuales que pueden deformar los procesos revolucionarios; sin  entrar en el examen y la denuncia del car\u00e1cter antidemocr\u00e1tico de la hegemon\u00eda  de las oligarqu\u00edas capitalistas y del gran capital transnacional, del  despotismo neoliberal y la dictadura medi\u00e1tica, con o sin pluralismo  partidocr\u00e1tico.\u201d<\/p>\n<p>&#13;<\/p>\n<p align=\"justify\" class=\"text1noticias\">Y refiri\u00e9ndome al caso venezolano agregu\u00e9:<\/p>\n<p>&#13;<\/p>\n<p align=\"justify\" class=\"text1noticias\">\u201cEn Venezuela existen elecciones  democr\u00e1ticas no adulterables sustancialmente desde el gobierno. Pocos sistemas  electorales en el mundo son tan libres y tan invulnerables al fraude.\u201d<\/p>\n<p>&#13;<\/p>\n<p align=\"justify\" class=\"text1noticias\">\u201cPero adem\u00e1s en Venezuela existe la figura  constitucional del refer\u00e9ndum revocatorio.\u201d<\/p>\n<p>&#13;<\/p>\n<p align=\"justify\" class=\"text1noticias\">\u201cEn ese pa\u00eds incluso consagrar  constitucionalmente la reelecci\u00f3n indefinida y sucesiva no es sin\u00f3nimo ni  garant\u00eda de su imposici\u00f3n por factores ventajosos de poder.\u201d<\/p>\n<p>&#13;<\/p>\n<p align=\"justify\" class=\"text1noticias\">\u201cLa consagraci\u00f3n constitucional de tal  posibilidad parece estar sobretodo motivada por la necesidad de asegurar la  sucesiva derrota electoral de las derechas e impedir en pr\u00f3ximas coyunturas  electorales la victoria contrarrevolucionaria desde el gran poder competitivo  del liderazgo del comandante Ch\u00e1vez.\u201d<\/p>\n<p>&#13;<\/p>\n<p align=\"justify\" class=\"text1noticias\">\u201cEsto as\u00ed porque al parecer existe la  inseguridad o el temor de que si no es con Ch\u00e1vez candidato, no se gana o es  mucho m\u00e1s dif\u00edcil ganar. Y perder la presidencia del pa\u00eds en trance de  revoluci\u00f3n es perder demasiado.\u201d<\/p>\n<p>&#13;<\/p>\n<p align=\"justify\" class=\"text1noticias\">\u201cEsta es sin duda una raz\u00f3n fuerte, porque  el proceso de cambios debe de estar por encima del factor que analizamos a pesar  de toda su validez.\u201d<\/p>\n<p>&#13;<\/p>\n<p align=\"justify\" class=\"text1noticias\">\u201cDe ser as\u00ed esta debe considerarse como una  de las debilidades del proceso que amerita ser pensada y superada, buscando a  futuro pr\u00f3ximo soluciones que eliminen o minimicen el riesgo.\u201d<\/p>\n<p>&#13;<\/p>\n<p align=\"justify\" class=\"text1noticias\">\u201cDe todas maneras es muy importante no convertir  la necesidad temporal en ley del proceso, m\u00e1s cuando a todo proceso  revolucionario desatado le conviene no depender permanentemente del gran  liderazgo individual que lo ha encarnado.\u201d<\/p>\n<p>&#13;<\/p>\n<p align=\"justify\" class=\"text1noticias\">\u00a0En cuesti\u00f3n la oportunidad de la propuesta  sobre la reelecci\u00f3n indefinida<\/p>\n<p>&#13;<\/p>\n<p align=\"justify\" class=\"text1noticias\">Adem\u00e1s de estas  consideraciones, todo hac\u00eda pensar que esta no era la oportunidad para someter  al debate otro u otros periodos m\u00e1s para el presidente Ch\u00e1vez.<br \/>&#13;<br \/>\n  \u00a0<br \/>&#13;<br \/>\n  Ch\u00e1vez esta reci\u00e9n reelecto y  tiene de ahora hasta 2012 amplias posibilidades de ejercicio de poder en  funci\u00f3n de las transformaciones planteadas.<\/p>\n<p>&#13;<\/p>\n<p align=\"justify\" class=\"text1noticias\">El tema, por dem\u00e1s, podr\u00eda  esperar y ser tratado m\u00e1s limitadamente y m\u00e1s puntualmente (otro periodo),  sobre todo s\u00ed resultaba imperioso hacerlo; am\u00e9n de la posibilidad de crear  nuevas situaciones que lo hicieran innecesario y posibilitaran el ejercicio de  ese inmenso liderazgo independientemente del cargo y de la funci\u00f3n de Jefe de  Estado o presidente de la rep\u00fablica.<\/p>\n<p>&#13;<\/p>\n<p align=\"justify\" class=\"text1noticias\">Conven\u00eda a mi entender dejar a un  lado la consagraci\u00f3n de la reelecci\u00f3n indefinida, sucesiva o continua; que por  dem\u00e1s fue vinculada a la extensi\u00f3n del periodo presidencial a 7 a\u00f1os; dando pie  a una contracampa\u00f1a que en cierta medida colocaba la propuesta a la defensiva.<\/p>\n<p>&#13;<\/p>\n<p align=\"justify\" class=\"text1noticias\">En tales circunstancias era menos  vulnerable a la cr\u00edtica y menos proclive a la manipulaci\u00f3n no mezclar el tema  de la reelecci\u00f3n sucesiva con las trascendentes transformaciones  institucionales, sociales, econ\u00f3micas y culturales que contiene el paquete de  reformas.<\/p>\n<p>&#13;<\/p>\n<p align=\"justify\" class=\"text1noticias\">Pienso que era m\u00e1s conveniente  centrarse en el debate del tr\u00e1nsito al socialismo, del nuevo socialismo, de las  formas de propiedad en ese proceso, de la geometr\u00eda del poder, de la  descentralizaci\u00f3n del poder, del poder popular, de la soberan\u00eda de los recursos  naturales, de los derechos de la mujer, los pueblos originarios, los(as)  j\u00f3venes, la nueva democracia&#8230;<\/p>\n<p>&#13;<\/p>\n<p align=\"justify\" class=\"text1noticias\">En torno a esos temas la  oposici\u00f3n pod\u00eda ser f\u00e1cilmente situada a la defensiva. El debate podr\u00eda tener  menos ruidos y la manipulaci\u00f3n perder espacio, porque as\u00ed lo program\u00e1tico de  alto inter\u00e9s popular y nacional -y no la presencia indefinida del presidente en  el cargo- pasaba a ser lo dominante.<\/p>\n<p>&#13;<\/p>\n<p align=\"justify\" class=\"text1noticias\">Ese debate, el debate relacionado  con el contenido del proceso tr\u00e1nsito al socialismo en el Siglo XXI, a mi  entender debi\u00f3 darse sin otras interferencias, sobre todo despu\u00e9s que el  presidente Ch\u00e1vez hab\u00eda sido reelecto con las banderas del socialismo  bolivariano en alto.<\/p>\n<p>&#13;<\/p>\n<p align=\"justify\" class=\"text1noticias\">Retrasos en la  depuraci\u00f3n, la renovaci\u00f3n y los cambios estructurales<\/p>\n<p>&#13;<\/p>\n<p align=\"justify\" class=\"text1noticias\">\u201cCuando el rio suena es porque agua trae\u201d. Y hago referencia a este  refr\u00e1n popular porque desde hace algunos a\u00f1os amplios sectores populares  pro-Ch\u00e1vez y pro-revoluci\u00f3n bolivariana, vienen planteando, m\u00e1s o menos  soterradamente, m\u00e1s o menos abiertamente, su gran preocupaci\u00f3n por la creciente  presencia en el aparato gubernamental y estatal de funcionarios, que tras su  expresi\u00f3n de lealtad a Ch\u00e1vez, esconden el uso indebido de sus funciones p\u00fablicas  y de su poder, encubren la reproducci\u00f3n de pr\u00e1cticas similares a la  partidocracia tradicional y muy propias del periodo de la llamada \u201cIV Rep\u00fablica\u201d<\/p>\n<p>&#13;<\/p>\n<p align=\"justify\" class=\"text1noticias\">La queja se generaliz\u00f3 bastante y  desde ella se se\u00f1alaba a determinadas figuras relevantes del nuevo r\u00e9gimen.<\/p>\n<p>&#13;<\/p>\n<p align=\"justify\" class=\"text1noticias\">En septiembre del 2006, a prop\u00f3sito del  proceso hacia la construcci\u00f3n del \u201cpartido \u00fanico\u201d de la revoluci\u00f3n escribimos  lo siguiente sobre ese y otros temas importanres:<\/p>\n<p>&#13;<\/p>\n<p align=\"justify\" class=\"text1noticias\">\u201cEl  proceso hacia la   Revoluci\u00f3n Bolivariana &#8211; definido su curso antiimperialista,  y cada vez m\u00e1s encausado hacia orientaciones anticapitalistas y pro-socialistas  por la extraordinaria influencia del liderazgo de Ch\u00e1vez \u2013 necesita avanzar m\u00e1s  aceleradamente en cuando a la conformaci\u00f3n de su vanguardia colectiva, de su  programa, de su estrategia y el proyecto de socialismo y sociedad que enarbole.  \u201c<\/p>\n<p>&#13;<\/p>\n<p align=\"justify\" class=\"text1noticias\">\u201cTiene  un gran l\u00edder, firme, inteligente, sensible, capaz, valiente, audaz y cada vez  m\u00e1s apropiado de las ideas revolucionar\u00edas.\u201d<\/p>\n<p>&#13;<\/p>\n<p align=\"justify\" class=\"text1noticias\">\u201cTiene  un pueblo humilde cada vez m\u00e1s conciente, revolucionario y combativo.\u201d<\/p>\n<p>&#13;<\/p>\n<p align=\"justify\" class=\"text1noticias\">\u201cTiene  muchas organizaciones, grupos y personas revolucionarias, partidarias de las  democracias participativas y protag\u00f3nica y de las ideas socialistas, que a la  vez est\u00e1n afectados por altos grados de divisi\u00f3n, dispersi\u00f3n y sectarismo.\u201d<\/p>\n<p>&#13;<\/p>\n<p align=\"justify\" class=\"text1noticias\">\u201cTienen  tambi\u00e9n, dentro de la avalancha bolivariana, no pocos dirigentes y militantes  pol\u00edticos oportunistas, proclives a la corrupci\u00f3n y a la politiquer\u00eda  tradicional.\u201d<\/p>\n<p>&#13;<\/p>\n<p align=\"justify\" class=\"text1noticias\">\u201cEntre  ellos los hay que definen el socialismo del siglo XXI en t\u00e9rminos  socialdem\u00f3cratas, e incluso est\u00e1n influido por ideas neoliberales.\u201d<\/p>\n<p>&#13;<\/p>\n<p align=\"justify\" class=\"text1noticias\">\u201cLos  hay simplemente desarrollistas, y en el fondo, pro-capitalistas; aunque  expresando formal lealtad al liderazgo de Ch\u00e1vez.\u201d<\/p>\n<p>&#13;<\/p>\n<p align=\"justify\" class=\"text1noticias\">\u201cExiste  adem\u00e1s, mucha dispersi\u00f3n y escasa elaboraci\u00f3n respecto al tema del socialismo  del siglo XXI, junto a una gran debilidad formativa.\u201d<\/p>\n<p>&#13;<\/p>\n<p align=\"justify\" class=\"text1noticias\">\u201cEsto  pasa en el plano militar y en las fuerzas civiles.\u201d<\/p>\n<p>&#13;<\/p>\n<p align=\"justify\" class=\"text1noticias\">\u201cAun  con una derecha torpe y declinante, es todav\u00eda fuerte la influencia de los  antivalores que predominaron durante la llamada IV Rep\u00fablica bajo el liderazgo  adeco y copeyano (clientelismo, carrerismo, facilismo, amiguismo, nepotismo\u2026)\u201d <\/p>\n<p>&#13;<\/p>\n<p align=\"justify\" class=\"text1noticias\">\u201cEsa  \u201ccultura\u201d ha infectado parte de las filas pro-Ch\u00e1vez, sobre todo en el gran  partido electoral que es el Movimiento V Rep\u00fablica (MVR), y no solo.\u201d<\/p>\n<p>&#13;<\/p>\n<p align=\"justify\" class=\"text1noticias\">\u201cA  esa \u201ccultura\u201d se le agrega el enorme peso de la \u201ccultura petrolera\u201d, hija de la  abundancia de dinero, del predominio abrumador de la renta petrolera en su  econom\u00eda (en el Estado y en a sociedad); generadora de un alto grado de  parasitismo, de la pr\u00e1ctica del \u201cdao\u201d, de las salidos f\u00e1ciles, del derroche y  el dispendio de recursos.\u201d<\/p>\n<p>&#13;<\/p>\n<p align=\"justify\" class=\"text1noticias\">\u201cEsto  infecta en alto grado el quehacer pol\u00edtico, fomenta el paternalismo y estimula  el menosprecio al sacrificio individual y colectivo, embotando el aporte  voluntario. Mella la conciencia y la moral revolucionaria.\u201d<\/p>\n<p>&#13;<\/p>\n<p align=\"justify\" class=\"text1noticias\">Y luego agregu\u00e9:<\/p>\n<p>&#13;<\/p>\n<p align=\"justify\" class=\"text1noticias\">\u201cLa Constituci\u00f3n de la Rep\u00fablica Bolivariana  de Venezuela se convirti\u00f3 as\u00ed en el programa del primer tramo de este nuevo  proceso revolucionario. Su empleo como tal ha contribuido a elevar  extraordinariamente el protagonismo de amplios sectores de la sociedad.\u201d<\/p>\n<p>&#13;<\/p>\n<p align=\"justify\" class=\"text1noticias\">\u201cPero  esa avanzad\u00edsima constituci\u00f3n ha coexistido con un aparato estatal, leyes y  normas que reproducen viejas pr\u00e1cticas y viejos vicios; normas y pr\u00e1cticas que  garantizan la convivencia con la burocratizaci\u00f3n y las ineficiencias, y  facilitan bloqueos y sabotajes que afectan la buena marcha y la velocidad de  los cambios.\u201d<\/p>\n<p>&#13;<\/p>\n<p align=\"justify\" class=\"text1noticias\">\u201cDe  esto resulta una mediatizaci\u00f3n de la renovaci\u00f3n de la gesti\u00f3n de gobierno y de  la hegemon\u00eda revolucionaria en el aparato estatal, tanto en \u00f3rganos elegibles  como en instancias permanentes (aparatos de los ministerios, cuerpo diplom\u00e1tico,  poder judicial, fuerzas armadas, polic\u00edas, \u00f3rganos de seguridad\u2026)\u201d<\/p>\n<p>&#13;<\/p>\n<p align=\"justify\" class=\"text1noticias\">\u201cY  mezclado con la notable influencia de las \u201cculturas pol\u00edtica\u201d de la Cuarta Rep\u00fablica  y del Estado rentista petrolero, recicla pr\u00e1cticas de corrupci\u00f3n y otros males  del pasado.\u201d(Hacia la Nueva   Democracia y el Nuevo Socialismo. P\u00e1gs. 118-122. Narciso Isa  Conde.\u00a0 Editora Tropical)<\/p>\n<p>&#13;<\/p>\n<p align=\"justify\" class=\"text1noticias\">A ra\u00edz de las elecciones  presidenciales de diciembre del 2006 todo parec\u00eda indicar que el Presidente  Ch\u00e1vez estaba listo para enfrentar de inmediato esa situaci\u00f3n.<\/p>\n<p>&#13;<\/p>\n<p align=\"justify\" class=\"text1noticias\">Su discurso se fortaleci\u00f3 en  cuanto a su determinaci\u00f3n de erradicar la corrupci\u00f3n, de fortalecer la \u00e9tica  revolucionaria, de renovar las pr\u00e1cticas de gobierno, de impulsar los cambios  necesarios y urgentes.<\/p>\n<p>&#13;<\/p>\n<p align=\"justify\" class=\"text1noticias\">La respuesta del pueblo fue  formidable y eso explica la reducci\u00f3n de la abstenci\u00f3n en esos comicios y el  enorme respaldo que recibe la re-postulaci\u00f3n de Ch\u00e1vez.<\/p>\n<p>&#13;<\/p>\n<p align=\"justify\" class=\"text1noticias\">No se trataba, claro est\u00e1, de un  \u201ccheque en blanco\u201d, sino de un compromiso de doble v\u00eda.<\/p>\n<p>&#13;<\/p>\n<p align=\"justify\" class=\"text1noticias\">Pienso que ese compromiso se  debilit\u00f3 parcialmente en el corto plazo por varias razones.<\/p>\n<p>&#13;<\/p>\n<p align=\"justify\" class=\"text1noticias\">Porque los protagonistas y  beneficiarios de la corrupci\u00f3n no fueron enfrentados a lo largo de todo un a\u00f1o.<\/p>\n<p>&#13;<\/p>\n<p align=\"justify\" class=\"text1noticias\">Porque los cambios estructurales  hacia la socializaci\u00f3n, los cambios que pod\u00edan debilitar aun m\u00e1s a la derecha (que  de todas maneras en esas elecciones logr\u00f3 unificarse y alcanzar m\u00e1s de cuatro millones  de votos), fueron relegados para despu\u00e9s de la esperada consagraci\u00f3n de las  reformas constitucionales que ampliar\u00edan su horizonte estrat\u00e9gico y su profundidad,  a pesar de que no pocos de ellos pod\u00edan ser implementados apoy\u00e1ndose en la Constituci\u00f3n vigente.<\/p>\n<p>&#13;<\/p>\n<p align=\"justify\" class=\"text1noticias\">En ese orden me parece que se  perdi\u00f3 un tiempo precioso, se desaprovech\u00f3 el rudo golpe dado a la oposici\u00f3n de  derecha, se le dio oportunidad a su recomposici\u00f3n, se dio pie a un cierto  desaliento popular y se concedi\u00f3 tiempo a las fuerzas oportunistas, a las  partes blandas del r\u00e9gimen, para seguir actuando con su vieja l\u00f3gica  degradante.<\/p>\n<p>&#13;<\/p>\n<p align=\"justify\" class=\"text1noticias\">Entonces, se descans\u00f3 casi  \u00fanicamente en el inmenso liderazgo popular del comandante Ch\u00e1vez, se le impuso  demasiada carga, tanto que la campa\u00f1a por SI a las reformas constitucionales  (contentivas de valiosos e impactantes f\u00f3rmulas de socializaci\u00f3n y democracia  de base) fueron cruzadas por el tema de la permanencia indefinida del  presidente-l\u00edder y no fueron acompa\u00f1adas de inmediato por el cumplimiento de  las promesas y oportunidades de acci\u00f3n contra la corrupci\u00f3n, ni por renovaci\u00f3n  institucional, ni por al reducci\u00f3n del poder real de las derechas en materia de  propiedad,\u00a0 usurpaci\u00f3n de grandes medios  de comunicaci\u00f3n social y control de universidades\u2026<\/p>\n<p>&#13;<\/p>\n<p align=\"justify\" class=\"text1noticias\">Igual fue la actitud posterior al  golpe de Estado del 11 de abril del 2002, cuando se abri\u00f3 la posibilidad de  pasar a la ofensiva sin tregua en varias de esas vertientes.\u00a1Demasiada  generosidad y demasiada tolerancia!<\/p>\n<p>&#13;<\/p>\n<p align=\"justify\" class=\"text1noticias\">El liderazgo de Ch\u00e1vez, con todas  esas cargas negativas innecesarias, no pudo evitar el desgaste en votos para  las reformas planteadas de esa manera, dado que tan valioso componente necesita  siempre ser acompa\u00f1ado de otros factores revolucionarios que no fueron  desplegados tal y como mandaba la situaci\u00f3n; m\u00e1s cuando est\u00e1 planteada su  peri\u00f3dica y obligada legitimizaci\u00f3n a trav\u00e9s de del sufragio universal.<\/p>\n<p>&#13;<\/p>\n<p align=\"justify\" class=\"text1noticias\">La cuesti\u00f3n del  partido unificado tambien tuvo sus traspi\u00e9s<\/p>\n<p>&#13;<\/p>\n<p align=\"justify\" class=\"text1noticias\">Si bien las debilidades y  retrasos en el proceso de construcci\u00f3n del partido o fuerza de vanguardia  tuvieron presente tambien en procesos electorales previos y eso no gravit\u00f3 tan  negativamente en el terreno electoral, en este periodo el retraso anterior fue  en cierta medida abordado con una aceleraci\u00f3n algo atropellante, con evidentes  desviaciones derivadas de su construcci\u00f3n desde el propio Estado y el empleo de  m\u00e9todos propios de la funci\u00f3n gubernamental, con un relevante protagonismo de  figuras controversiales y, en consecuencia, con resultados limitados en su  conformaci\u00f3n y cohesi\u00f3n.<\/p>\n<p>&#13;<\/p>\n<p align=\"justify\" class=\"text1noticias\">Los errores cometidos por los que  asumieron el mandato del l\u00edder sin asumir plenamente las concepciones definidas  por \u00e9l en los aspectos m\u00e1s relevantes de ese proceso, las reacciones  refractarias (unas v\u00e1lidas o justificables, otras no) de una buena parte de los  componentes de los partidos de la revoluci\u00f3n diferenciados del Movimiento V  Rep\u00fablica (MVR), los efectos de las respuestas dr\u00e1sticas del propio Ch\u00e1vez a  esas actitudes, las divisiones y contradicciones creadas\u2026no pudieron ser  aisladas ni neutralizadas por la amplia participaci\u00f3n de base ni por el  entusiasmo de pueblo impregnado de un interesante esp\u00edritu constructivo y una  firme contestaci\u00f3n a las manipulaciones ejecutadas desde ciertos enclaves de  mando.<\/p>\n<p>&#13;<\/p>\n<p align=\"justify\" class=\"text1noticias\">El resultado ha sido un proceso  defectuoso e inconcluso.<\/p>\n<p>&#13;<\/p>\n<p align=\"justify\" class=\"text1noticias\">La maquinaria electoralista  denominada MVR se desmont\u00f3 sin que se lograra completar la creaci\u00f3n de la nueva  criatura antes del refer\u00e9ndum y sin que lo alcanzado respondiera plenamente a  la necesidad contenida en la propuesta inicial, dejando de paso una estela de  problemas y disidencias maltratadas dentro de las filas de la revoluci\u00f3n.<\/p>\n<p>&#13;<\/p>\n<p align=\"justify\" class=\"text1noticias\">Todo esto, claro est\u00e1, afect\u00f3  sensiblemente tambien los resultados electorales.<\/p>\n<p>&#13;<\/p>\n<p align=\"justify\" class=\"text1noticias\">Universidades-Estudiantes  captados para la contra.<\/p>\n<p>&#13;<\/p>\n<p align=\"justify\" class=\"text1noticias\">El tema de las universidades  privadas y de la propia Universidad Central de Venezuela (Aut\u00f3noma del Estado),  viene siendo abordado con enormes insuficiencias, que se traducen en un costo  pol\u00edtico significativo.<\/p>\n<p>&#13;<\/p>\n<p align=\"justify\" class=\"text1noticias\">Es notable la ausencia de una  propuesta de reforma universitaria integral a tono con el proceso hacia la  revoluci\u00f3n.<\/p>\n<p>&#13;<\/p>\n<p align=\"justify\" class=\"text1noticias\">La visi\u00f3n respecto al predominio  de lo p\u00fablico, aunque aut\u00f3nomo y autogestionado, sobre lo privado, ha estado  bastante ausente; y eso ha dado pie a una segregaci\u00f3n hostil de las universidades  privadas bajo control de la oligarqu\u00eda tradicional y trabajadas intensamente  por la inteligencia estadounidense.<\/p>\n<p>&#13;<\/p>\n<p align=\"justify\" class=\"text1noticias\">Ese espacio no ha sido disputado  desde la revoluci\u00f3n y desde las juventudes revolucionarias.<\/p>\n<p>&#13;<\/p>\n<p align=\"justify\" class=\"text1noticias\">Y no se trata de que all\u00ed  participe un volumen grande de estudiantes bajo esa influencia y conducci\u00f3n  privada-olig\u00e1rquica, sino de su capacidad para hacer ruido y desgastar \u00a0im\u00e1genes despu\u00e9s de ser incorporados al plan  de la derecha y de EEUU.<\/p>\n<p>&#13;<\/p>\n<p align=\"justify\" class=\"text1noticias\">En el caso de la UCV el tratamiento ha sido m\u00e1s  inadecuado todav\u00eda, porque en lugar de emplear la gran influencia  revolucionaria en la sociedad y el peso significativo de esas ideas a su  interior, para as\u00ed revertir el control temporal de esa hist\u00f3rica academia por  una combinaci\u00f3n de \u201cclase media intelectual\u201d adversa al proceso y de un sector  estudiantil renegado de la izquierda, se opt\u00f3 por abandonarla y fundar nuevas  universidades bajo control oficial.<\/p>\n<p>&#13;<\/p>\n<p align=\"justify\" class=\"text1noticias\">Al parecer predomina el facilismo  en medio de la abundancia de recursos econ\u00f3micos: formar tienda aparte en lugar  de disputar hegemon\u00eda dentro de un planteo de reforma universitaria y educativa  a tono con la revoluci\u00f3n. Otra vez hizo algo de la suyas la \u201ccultura  petrolera\u201d.<\/p>\n<p>&#13;<\/p>\n<p align=\"justify\" class=\"text1noticias\">\u00bfComo proceder entonces?<\/p>\n<p>&#13;<\/p>\n<p align=\"justify\" class=\"text1noticias\">No trato de presentar aqu\u00ed un  recetario, sino de estimular el debate y la b\u00fasqueda de respuesta superadora,  lo que precisa potenciar el esp\u00edritu cr\u00edtico y auto-cr\u00edtico desde el liderazgo  y desde todos (as) los protagonistas de ese trascendente proceso de cambios.<\/p>\n<p>&#13;<\/p>\n<p align=\"justify\" class=\"text1noticias\">Las consideraciones vertidas aqu\u00ed,  que de ninguna manera agotan el tema ni\u00a0pretenden infalibilidad, permiten s\u00ed pautar y privilegiar algunos ejes  de opini\u00f3n destinados a detectar causas y apuntar soluciones.<\/p>\n<p>&#13;<\/p>\n<p align=\"justify\" class=\"text1noticias\">Este rev\u00e9s puede ser transformado  en victoria, en la medida devela fallos m\u00e1s o menos importantes dentro del  proceso.<\/p>\n<p>&#13;<\/p>\n<p align=\"justify\" class=\"text1noticias\">La intervenci\u00f3n del presidente  Ch\u00e1vez al conocer los resultados del refer\u00e9ndum, sienta las bases para dar  inicio al examen profundo de esa situaci\u00f3n.<\/p>\n<p>&#13;<\/p>\n<p align=\"justify\" class=\"text1noticias\">Ch\u00e1vez se creci\u00f3 frente al rev\u00e9s.  Potenci\u00f3 sus profundas convicciones democr\u00e1ticas e impact\u00f3 positivamente la  sociedad venezolana y el mundo.<\/p>\n<p>&#13;<\/p>\n<p align=\"justify\" class=\"text1noticias\">Desnud\u00f3 en forma ejemplar la  naturaleza de la oposici\u00f3n, al poner en evidencia que \u00e9sta hubiera actuado en  sentido totalmente inverso si hubiera perdido por poco margen.<\/p>\n<p>&#13;<\/p>\n<p align=\"justify\" class=\"text1noticias\">La emplaz\u00f3 a respetar algo a lo  cual se hab\u00eda resistido tercamente y solo asumi\u00f3 hip\u00f3critamente, la emplaz\u00f3 a  respectar la Constituci\u00f3n  bolivariana vigente.<\/p>\n<p>&#13;<\/p>\n<p align=\"justify\" class=\"text1noticias\">Ahora se tata de volver a  reconquistar al confianza de los(as) integrantes de la gran abstenci\u00f3n de  esencia chavista y revolucionaria que derrot\u00f3 el SI.<\/p>\n<p>&#13;<\/p>\n<p align=\"justify\" class=\"text1noticias\">Y eso no puede hacerse sin  autocr\u00edtica y hechos contundentes que la respalden.<\/p>\n<p>&#13;<\/p>\n<p align=\"justify\" class=\"text1noticias\">En ese orden pienso que el  paquete de reformas econ\u00f3micas, institucionales, sociales, estructurales que  est\u00e1n llamadas a ampliar el marco constitucional para el tr\u00e1nsito al socialismo,  debe ser liberado del planteo de la reelecci\u00f3n indefinida.<\/p>\n<p>&#13;<\/p>\n<p align=\"justify\" class=\"text1noticias\">Al tema presidencial deber\u00eda  d\u00e1rsele otro trato.<\/p>\n<p>&#13;<\/p>\n<p align=\"justify\" class=\"text1noticias\">Una parte importante de las  reformas socializante pueden ser implementadas en el marco de la actual  constituci\u00f3n y eso deber\u00eda hacerse sin p\u00e9rdida de tiempo.<\/p>\n<p>&#13;<\/p>\n<p align=\"justify\" class=\"text1noticias\">El problema de los enclaves de  corrupci\u00f3n y las violaciones a la \u00e9tica revolucionaria merece ser abordado con  determinaci\u00f3n y de inmediato.<\/p>\n<p>&#13;<\/p>\n<p align=\"justify\" class=\"text1noticias\">La depuraci\u00f3n, la renovaci\u00f3n de  cuadros, es urgente al interior del Estado y del proyecto de partido unificado.<\/p>\n<p>&#13;<\/p>\n<p align=\"justify\" class=\"text1noticias\">La unidad de todos(as) los(as)  revolucionarios socialistas y el proceso de construcci\u00f3n y reconstrucci\u00f3n del  PSUV deber\u00eda replantearse en direcci\u00f3n a superar sus evidentes defectos y  obst\u00e1culos.<\/p>\n<p>&#13;<\/p>\n<p align=\"justify\" class=\"text1noticias\">La reforma universitaria amerita  un cap\u00edtulo especial, as\u00ed como la pol\u00edtica juvenil para conquistar m\u00e1s espacios  y derribar cotos reaccionarios.<\/p>\n<p>&#13;<\/p>\n<p align=\"justify\" class=\"text1noticias\">El ataque de la oposici\u00f3n  envalentonada y del imperialismo, que aspiran a revertir ese proceso generador  de grandes esperanzar a escala continental y mundial, no se har\u00e1 esperar.<\/p>\n<p>&#13;<\/p>\n<p align=\"justify\" class=\"text1noticias\">Pero existen fuerzas para  contrarrestar esa ofensiva con una contraofensiva mayor basada en el criterio  de que la mejor defensa es el ataque.<\/p>\n<p>&#13;<\/p>\n<p align=\"justify\" class=\"text1noticias\">Y unido a esto nos toca ir en  auxilio del proceso boliviano acorralado por una brutal acci\u00f3n sediciosa de la  contrarrevoluci\u00f3n, contribuir a la renovaci\u00f3n de la revoluci\u00f3n y del tr\u00e1nsito  al socialismo en Cuba, darle aliento al proceso ecuatoriano y procurar el  avance hace el cambio democr\u00e1tico, hacia la superaci\u00f3n del uribismo y el  dominio olig\u00e1rquico-imperialista, en Colombia.<\/p>\n<p>&#13;<\/p>\n<p align=\"justify\" class=\"text1noticias\">Sin duda han crecido los riesgos  de retroceso continental y se impone replantear y reunificar estrategias  transformadoras a escala nacional y continental.<\/p>\n<p>&#13;<\/p>\n<p align=\"justify\" class=\"text1noticias\">5 de diciembre del 2007, Santo Domingo, R.D.<\/p>\n<p>&#13;<\/p>\n<h6> 2007-12-06 05:02:44 <\/h6>\n<p><!--\n<link rel=\"stylesheet\" href=\"css\/bootstrap.min.css\">\n\n\n<ul class=\"pagination\">\n\t    \n\t\n\n<li >\n\t<a href='?page_no=12495'>Previous<\/a>\n\t<\/li>\n\n\n       \n    \n\n<li><a href='?page_no=1'>1<\/a><\/li>\n\n\n\n<li><a href='?page_no=2'>2<\/a><\/li>\n\n\n\n<li><a>...<\/a><\/li>\n\n\n\n<li><a href='?page_no=12494'>12494<\/a><\/li>\n\n\n\n<li><a href='?page_no=12495'>12495<\/a><\/li>\n\n\n\n<li class='active'><a>12496<\/a><\/li>\n\n\n\n<li><a href='?page_no=12497'>12497<\/a><\/li>\n\n\n\n<li><a href='?page_no=12498'>12498<\/a><\/li>\n\n\n\n<li><a>...<\/a><\/li>\n\n\n\n<li><a href='?page_no=13611'>13611<\/a><\/li>\n\n\n\n<li><a href='?page_no=13612'>13612<\/a><\/li>\n\n    \n\t\n\n<li >\n\t<a href='?page_no=12497'>Next<\/a>\n\t<\/li>\n\n\n    \n\n<li><a href='?page_no=13612'>Last &rsaquo;&rsaquo;<\/a><\/li>\n\n<\/ul>\n\n\n--><br \/>\n<\/body><\/p>\n","protected":false},"excerpt":{"rendered":"<p>Venezuela: posibles causas del rev\u00e9s del S\u00cd &#13; Por Narciso Isa Conde &#13; El SI perdi\u00f3 y ciertamente fue derrotado por la abstenci\u00f3n de unos tres millones de electores que en las elecciones pasadas votaron por la reelecci\u00f3n del comandante Hugo Ch\u00e1vez. &#13; Perdi\u00f3 por un punto, por muy pocos votos; pero igual hubiera perdido [&hellip;]<\/p>\n","protected":false},"author":3,"featured_media":0,"comment_status":"open","ping_status":"open","sticky":false,"template":"","format":"standard","meta":{"footnotes":""},"categories":[16],"tags":[],"class_list":["post-36654","post","type-post","status-publish","format-standard","hentry","category-opiniones"],"_links":{"self":[{"href":"https:\/\/diariodominicano.com\/index.php?rest_route=\/wp\/v2\/posts\/36654","targetHints":{"allow":["GET"]}}],"collection":[{"href":"https:\/\/diariodominicano.com\/index.php?rest_route=\/wp\/v2\/posts"}],"about":[{"href":"https:\/\/diariodominicano.com\/index.php?rest_route=\/wp\/v2\/types\/post"}],"author":[{"embeddable":true,"href":"https:\/\/diariodominicano.com\/index.php?rest_route=\/wp\/v2\/users\/3"}],"replies":[{"embeddable":true,"href":"https:\/\/diariodominicano.com\/index.php?rest_route=%2Fwp%2Fv2%2Fcomments&post=36654"}],"version-history":[{"count":0,"href":"https:\/\/diariodominicano.com\/index.php?rest_route=\/wp\/v2\/posts\/36654\/revisions"}],"wp:attachment":[{"href":"https:\/\/diariodominicano.com\/index.php?rest_route=%2Fwp%2Fv2%2Fmedia&parent=36654"}],"wp:term":[{"taxonomy":"category","embeddable":true,"href":"https:\/\/diariodominicano.com\/index.php?rest_route=%2Fwp%2Fv2%2Fcategories&post=36654"},{"taxonomy":"post_tag","embeddable":true,"href":"https:\/\/diariodominicano.com\/index.php?rest_route=%2Fwp%2Fv2%2Ftags&post=36654"}],"curies":[{"name":"wp","href":"https:\/\/api.w.org\/{rel}","templated":true}]}}