{"id":36653,"date":"2007-12-07T04:20:33","date_gmt":"2007-12-07T04:20:33","guid":{"rendered":"http:\/\/diariodominicano.ddns.net\/?p=36653"},"modified":"2007-12-07T04:20:33","modified_gmt":"2007-12-07T04:20:33","slug":"brasil-somos-nuestros-heroes","status":"publish","type":"post","link":"https:\/\/diariodominicano.com\/?p=36653","title":{"rendered":"Brasil: Somos nuestros h\u00e9roes"},"content":{"rendered":"<p><body><\/p>\n<p class=\"titulogrande1\"><strong>Brasil: Somos nuestros  h\u00e9roes<\/strong><\/p>\n<p>&#13;<\/p>\n<p class=\"textogrande\">Elaine Tavares<\/p>\n<p>&#13;<\/p>\n<p align=\"justify\" class=\"text1noticias\"><strong>ALAI AMLATINA, 06\/12\/2007, Florian\u00f3polis.-<\/strong> Loca por el cine, yo  veo todo lo que hay. No importa la calidad. Incluso en las \u201cbombas\u201d estadounidenses siempre hay algo que se puede sacar, con que  tengamos ojos cr\u00edticos. Dentro de ellas hay un g\u00e9nero que me gusta mucho.  Es el de los superh\u00e9roes. Me encantan sus siempre bondadosos intentos  por salvar el mundo. Y no es sin ton ni son que la industria cultural  los muestre as\u00ed. Solitarios, un poco tristes, salvadores individuales.  La vida de todos gira en torno de la buena voluntad de uno, del que  tiene los superpoderes. Quiz\u00e1s por ello me enternece una escena del Hombre-Ara\u00f1a en la que \u00e9l, cansado de salvar el mundo, pasa a comportarse como persona com\u00fan. S\u00f3lo que no consigue. El mundo  necesita de \u00e9l, y \u00e9l regresa. Y lo salva. He ah\u00ed el siempre repetido mensaje  del way of life estadounidense. \u201cQu\u00e9date tranquilo, alguien vendr\u00e1 a salvarte. De preferencia uno de los nuestros\u201d.<\/p>\n<p>&#13;<\/p>\n<p align=\"justify\" class=\"text1noticias\">Aqu\u00ed con mis botones me quedo a pensar si esa l\u00f3gica de los  superh\u00e9roes no es a la final la que tenemos que combatir. Estamos siempre  esperando el salvador. Aquel que, en un instante, vendr\u00e1, con sus ropas  coloreadas y superfuerza a salvarnos. Con los ojos hacia el cielo esperamos  la salida individual, el gesto del otro, el h\u00e9roe. Olvidamos las  propuestas colectivas, la necesidad de uni\u00f3n, las luchas trabadas en  comuni\u00f3n. Ah, esa fortaleza que desconoce su poder.<\/p>\n<p>&#13;<\/p>\n<p align=\"justify\" class=\"text1noticias\">Ahora ah\u00ed est\u00e1 nuestro fray Luiz Cappio, otra vez enfrentando,  s\u00f3lito (en huelga de hambre), a la monstruosa idea de la transposici\u00f3n  del R\u00edo S\u00e3o Francisco. \u00c9l que es flacucho, que no tiene capa, ni  superpoderes.<br \/>&#13;<br \/>\n  <br \/>&#13;<br \/>\n\u00c9l que es s\u00f3lo un hombre, demasiado fr\u00e1gil, demasiado solo. \u00bfY qu\u00e9  es lo que \u00e9l quiere? \u00bfAparecer de h\u00e9roe? \u00a1No! \u00c9l quiere que recordemos  (volver al coraz\u00f3n). Quiere que la gente se recuerde de los tiempos  inmemorables cuando, juntos, super\u00e1bamos nuestros miedos y las amenazas que se  pon\u00edan delante de la sociedad. Desesperadamente quiere que nuestros o\u00eddos  se abran y podamos volver a o\u00edr la canci\u00f3n de la comuni\u00f3n. Juntos,  pueblo, comunidad.<\/p>\n<p>&#13;<\/p>\n<p align=\"justify\" class=\"text1noticias\">Fray Luiz no quiere piedad, ni l\u00e1grimas, ni suspiros. \u00c9l quiere  acci\u00f3n. Acci\u00f3n nuestra, conjunta, real.<br \/>&#13;<br \/>\n  <br \/> &#13;<br \/>\nFray Luiz no quiere lamentos.  Quiere al pueblo de pie como si fuese un mundial de f\u00fatbol, el bramar de  banderas, ciego, en direcci\u00f3n a la cantera de obras de la transposici\u00f3n,  como invidentes van las gentes a las olimpiadas o campeonatos. S\u00f3lo  que, en este caso, no es un juego de f\u00fatbol. Es el destino de miles de  personas que va a decidirse.<\/p>\n<p>&#13;<\/p>\n<p align=\"justify\" class=\"text1noticias\">Fray Luiz quiere que las personas sepan que, conforme testifican  cientos de informes y estudios hechos por t\u00e9cnicos acreditados, la  transposici\u00f3n va a ser el acabose para las personas y para la naturaleza. La Fundaci\u00f3n Joaquim Nabuco muestra que, con la obra, va a haber una reducci\u00f3n  brutal en la generaci\u00f3n de energ\u00eda. El Instituto Miguel Calmon dice que  puede faltar agua al r\u00edo, pues los afluentes son temporales, y la  reducci\u00f3n de agua s\u00f3lo va a empeorar las cosas. El Comit\u00e9 Ejecutivo de Estudios Integrados de la Bac\u00eda Hidrogr\u00e1fica del R\u00edo S\u00e3o  Francisco-CEEIVASF, dice que la obra puede provocar una mayor evaporaci\u00f3n de las aguas, que  ya es elevada en el semi\u00e1rido. En verdad, s\u00f3lo va a ser bueno para las empresas contratistas, que ganar\u00e1n astron\u00f3micas cuant\u00edas para  hacer la obra y para los latifundistas, que podr\u00e1n irrigar sus tierras sin mayores inversiones.<\/p>\n<p>&#13;<\/p>\n<p align=\"justify\" class=\"text1noticias\">Fray Luiz est\u00e1 ayunando, est\u00e1 pidiendo socorro, como si \u00e9l mismo  fuese el r\u00edo. Es porque \u00e9l sabe que no existen superhombres, ni  hombres-ara\u00f1a, ni madrakes. Como hombre, desgraciadamente hombre, \u00e9l sabe que  s\u00f3lo hay una manera para parar las m\u00e1quinas. La fuerza y la uni\u00f3n de todas  las gentes. Por ello s\u00f3lo hay dos maneras de salvar al padre, al r\u00edo y  a nosotros mismo. O vamos todos para Sobradinho, en Bah\u00eda, o hacemos acciones en nuestros estados. \u00a1Pero acciones fuertes, firmes,  capaces de que sean o\u00eddas por los gobernantes! Nada de mociones. Acciones.<br \/>&#13;<br \/>\n  <br \/>&#13;<br \/>\n  Nosotros, de camisa verde-amarilla, con nuestras banderas,  nuestros sue\u00f1os, nuestras esperanzas. <br \/>&#13;<br \/>\n  <br \/>&#13;<br \/>\n  Para impedir la obra. Al final, hay  otras soluciones para la cuesti\u00f3n del agua en el noreste. Cientos de  ellas, dadas por t\u00e9cnicos competentes.<\/p>\n<p>&#13;<\/p>\n<p align=\"justify\" class=\"text1noticias\">S\u00f3lo as\u00ed, actuando en concreto, la gente salva al r\u00edo, a la vida,  al fray. Ese hombre que se entrega en oblaci\u00f3n, porque nosotros  todav\u00eda necesitamos de h\u00e9roes. Pienso que ser\u00e1 mucha cobard\u00eda de la gente  dejar a fray Luiz solo. \u00c9l nos quiere, juntos. No quiere estar solo.  Seamos, entonces, millones&#8230; (Traducci\u00f3n ALAI)<\/p>\n<p>&#13;<\/p>\n<p align=\"justify\" class=\"text1noticias\">&#8211; Elaine Tavares es periodista del Observat\u00f3rio<br \/>&#13;<br \/>\nLatino-Americano-OLA\/UFSC. <\/p>\n<p>&#13;<\/p>\n<h6> 2007-12-07 04:20:33 <\/h6>\n<p><!--\n<link rel=\"stylesheet\" href=\"css\/bootstrap.min.css\">\n\n\n<ul class=\"pagination\">\n\t    \n\t\n\n<li >\n\t<a href='?page_no=12494'>Previous<\/a>\n\t<\/li>\n\n\n       \n    \n\n<li><a href='?page_no=1'>1<\/a><\/li>\n\n\n\n<li><a href='?page_no=2'>2<\/a><\/li>\n\n\n\n<li><a>...<\/a><\/li>\n\n\n\n<li><a href='?page_no=12493'>12493<\/a><\/li>\n\n\n\n<li><a href='?page_no=12494'>12494<\/a><\/li>\n\n\n\n<li class='active'><a>12495<\/a><\/li>\n\n\n\n<li><a href='?page_no=12496'>12496<\/a><\/li>\n\n\n\n<li><a href='?page_no=12497'>12497<\/a><\/li>\n\n\n\n<li><a>...<\/a><\/li>\n\n\n\n<li><a href='?page_no=13611'>13611<\/a><\/li>\n\n\n\n<li><a href='?page_no=13612'>13612<\/a><\/li>\n\n    \n\t\n\n<li >\n\t<a href='?page_no=12496'>Next<\/a>\n\t<\/li>\n\n\n    \n\n<li><a href='?page_no=13612'>Last &rsaquo;&rsaquo;<\/a><\/li>\n\n<\/ul>\n\n\n--><br \/>\n<\/body><\/p>\n","protected":false},"excerpt":{"rendered":"<p>Brasil: Somos nuestros h\u00e9roes &#13; Elaine Tavares &#13; ALAI AMLATINA, 06\/12\/2007, Florian\u00f3polis.- Loca por el cine, yo veo todo lo que hay. No importa la calidad. Incluso en las \u201cbombas\u201d estadounidenses siempre hay algo que se puede sacar, con que tengamos ojos cr\u00edticos. Dentro de ellas hay un g\u00e9nero que me gusta mucho. Es el [&hellip;]<\/p>\n","protected":false},"author":3,"featured_media":0,"comment_status":"open","ping_status":"open","sticky":false,"template":"","format":"standard","meta":{"footnotes":""},"categories":[16],"tags":[],"class_list":["post-36653","post","type-post","status-publish","format-standard","hentry","category-opiniones"],"_links":{"self":[{"href":"https:\/\/diariodominicano.com\/index.php?rest_route=\/wp\/v2\/posts\/36653","targetHints":{"allow":["GET"]}}],"collection":[{"href":"https:\/\/diariodominicano.com\/index.php?rest_route=\/wp\/v2\/posts"}],"about":[{"href":"https:\/\/diariodominicano.com\/index.php?rest_route=\/wp\/v2\/types\/post"}],"author":[{"embeddable":true,"href":"https:\/\/diariodominicano.com\/index.php?rest_route=\/wp\/v2\/users\/3"}],"replies":[{"embeddable":true,"href":"https:\/\/diariodominicano.com\/index.php?rest_route=%2Fwp%2Fv2%2Fcomments&post=36653"}],"version-history":[{"count":0,"href":"https:\/\/diariodominicano.com\/index.php?rest_route=\/wp\/v2\/posts\/36653\/revisions"}],"wp:attachment":[{"href":"https:\/\/diariodominicano.com\/index.php?rest_route=%2Fwp%2Fv2%2Fmedia&parent=36653"}],"wp:term":[{"taxonomy":"category","embeddable":true,"href":"https:\/\/diariodominicano.com\/index.php?rest_route=%2Fwp%2Fv2%2Fcategories&post=36653"},{"taxonomy":"post_tag","embeddable":true,"href":"https:\/\/diariodominicano.com\/index.php?rest_route=%2Fwp%2Fv2%2Ftags&post=36653"}],"curies":[{"name":"wp","href":"https:\/\/api.w.org\/{rel}","templated":true}]}}