{"id":36651,"date":"2007-12-07T04:26:43","date_gmt":"2007-12-07T04:26:43","guid":{"rendered":"http:\/\/diariodominicano.ddns.net\/?p=36651"},"modified":"2007-12-07T04:26:43","modified_gmt":"2007-12-07T04:26:43","slug":"el-tiro-rapido-318","status":"publish","type":"post","link":"https:\/\/diariodominicano.com\/?p=36651","title":{"rendered":"EL TIRO RAPIDO"},"content":{"rendered":"<p><body><\/p>\n<p><strong class=\"titulogrande1\">EL TIRO RAPIDO<\/strong><br \/>&#13;<br \/>\n  <br \/>&#13;<br \/>\n    <strong>de<\/strong><br \/>&#13;<br \/>\n  <br \/>&#13;<br \/>\n  <span class=\"textogrande\">Mario  Rivadulla<\/span><\/p>\n<p>&#13;<\/p>\n<p align=\"justify\" class=\"text1noticias\">Aunque es opini\u00f2n expresada en otras ocasiones y  resultacompartida por muchos, vale reiterar que monse\u00f1or Francisco Jos\u00e8 Arnaiz  es una de las figuras m\u00e0s preclaras con que cuenta la Iglesia Cat\u00f2lica.<\/p>\n<p>&#13;<\/p>\n<p align=\"justify\" class=\"text1noticias\">Expulsado de Cuba al igual que  cientos de sacerdotes y monjas durante la primera oleada de agresiva  intolerancia contra la Iglesia Cat\u00f2lica por parte del r\u00e8gimen fidelista, Arnaiz  trajo con \u00e8l una gran carga de sensibilidad social y de probada vocaci\u00f2n de  servicio como orientador de la Juventud Obrera Cat\u00f2lica.<\/p>\n<p>&#13;<\/p>\n<p align=\"justify\" class=\"text1noticias\">Desde entonces han transcurrido  varias d\u00e8cadas donde el talento y la visi\u00f2n de Arnaiz le han ganado gran  reconocimiento en el seno de la Iglesia Dominicana,\u00a0 que le ha otorgado merecidamente el t\u00ectulo de  obispo em\u00e8rito de Santo Domingo, como fuera de ella,\u00a0 donde tambi\u00e8n goza de un notable caudal de  respeto y admiraci\u00f2n.<\/p>\n<p>&#13;<\/p>\n<p align=\"justify\" class=\"text1noticias\">Arnaiz, quien mantiene una bien  servida columna sabatina en las p\u00e0ginas editoriales del List\u00ecn Diario, ha  estado en estos \u00f9ltimos tiempos haciendo una serie de se\u00f1alamientos cr\u00ecticos  muy oportunos dirigidos a la clase pol\u00ectica nacional, urgi\u00e8ndola al debate  respetuoso y el discurso constructivo.<\/p>\n<p>&#13;<\/p>\n<p align=\"justify\" class=\"text1noticias\">Precisamente en la homil\u00eca de  una misa celebrada en la Catedral Primada, Arnaiz volvi\u00f2 a poner el dedo en la  llaga al demandar de la clase pol\u00ectica que deje de lado el insulto,que ofrezca  menos y exija menos a los dem\u00e0s.<\/p>\n<p>&#13;<\/p>\n<p align=\"justify\" class=\"text1noticias\">Sus palabras exactas no pueden  contener un mensaje m\u00e0s claro: \u201cQue nos propongan lo que van a hacer en cuatro  a\u00f1os y que se exijan menos, que se exijan a s\u00ec mismos y no exijan a los dem\u00e0s\u201d.<\/p>\n<p>&#13;<\/p>\n<p align=\"justify\" class=\"text1noticias\">El reclamo es tan v\u00e0lido como  preciso y contundente.\u00a0 Hablamos de  modernizar el pa\u00ecs pero tal no ser\u00e0 posible si no comenzamos por cambiar el  estilo pol\u00ectico, convirtiendo la disputa personal en un debate constructivo.\u00a0 Sustituyendo la diatriba y la descalificaci\u00f2n  personal en una saludable torneo de ideas y propuestas viables.<\/p>\n<p>&#13;<\/p>\n<p align=\"justify\" class=\"text1noticias\">Que en vez de promesas  abultadas, tan a menudo fantasiosas, que luego son casi siempre incumplidas y  de exagerados reclamos a los dem\u00e0s,\u00a0\u00a0 les  presenten al pa\u00ecs con toda claridad\u00a0propuestas razonables y viables de gobierno y nos expliquen al detalle  la forma con la que pretenden convertir en realidad sus promesas de campa\u00f1a.<\/p>\n<p>&#13;<\/p>\n<p align=\"justify\" class=\"text1noticias\">Uno de los recursos m\u00e0s  abusados de los aspirantes a cargos electivos es la oferta demag\u00f2gica.\u00a0 El ofrecer al electorado la satisfacci\u00f2n de  todas sus necesidades y aspiraciones, el solucionar todos y cada uno de los  problemas que le aquejan,dando la falsa impresi\u00f2n de que poseen una especie de  varita m\u00e0gica para lograrlo con car\u00e1cter inmediato, a\u00f9n sabiendo que eso no  ser\u00e0 posible bajo la premisa de lo importante es llegar y no cumplir y  cualquier camino para conseguirlo es v\u00e0lido.<\/p>\n<p>&#13;<\/p>\n<p align=\"justify\" class=\"text1noticias\">No decirle al pa\u00ecs que  lamentablemente confrontamos una enorme carga de problemas que requieren de  tiempo y de grandes recursos de que no disponemos,\u00a0 y que por m\u00e0s buenas intenciones que se tenga  no hay modo de\u00a0 resolver de la noche a la  ma\u00f1ana.<\/p>\n<p>&#13;<\/p>\n<p align=\"justify\" class=\"text1noticias\">Ni tampoco que hay retos que no  hay manera de superar si no logramos aunar el esfuerzo de todos sin distingos  partidarios ni de ninguna otra naturaleza.\u00a0  Si con visi\u00f2n de futuro y sentido de grandeza, pensando en el pa\u00ecs y en  el bienestar colectivo m\u00e0s que en el propio inter\u00e8s personal, no nos proponemos  un proyecto de naci\u00f2n que sea aut\u00e8ntico compromiso de todos.<\/p>\n<p>&#13;<\/p>\n<p align=\"justify\" class=\"text1noticias\">Extra\u00f1ar del debate menudo y  convertir en tarea colectiva temas de tanta significaci\u00f2n como la salud, la  educaci\u00f2n, la seguridad ciudadana, la protecci\u00f2n del medio ambiente,\u00a0 el combate a la pobreza,\u00a0 la crisis energ\u00e8tica, la lucha contra la  corrupci\u00f2n y el fin de la impunidad y la recuperaci\u00f2n y prevalencia de valores  y principios morales que hemos ido dejando en el camino.<\/p>\n<p>&#13;<\/p>\n<p align=\"justify\" class=\"text1noticias\">Todo esto podr\u00e0 lucir  ilusorio.\u00a0 Pero en realidad no lo  es.\u00a0 Por el contrario, lo que s\u00ec lo  constituye es generar falsas ilusiones,\u00a0  hacer creer que podemos salir adelante como pa\u00ecs y progresar como pueblo  si no lo hacemos bajo ese criterio de acci\u00f2n compromisaria.\u00a0 Si cada quien sigue halando por su lado y  para su propio inter\u00e8s.\u00a0 Si en vez de  unir esfuerzos y talentos para la tarea com\u00f9n de mejorar la calidad de vida de  todos, continuamos\u00a0 degradando la funci\u00f2n  p\u00f9blica y la necesaria coexistencia social convirti\u00e8ndolas en un perverso y  ego\u00ecsta ejercicio de pura sobrevivencia personal.\u00a0 <\/p>\n<p>&#13;<\/p>\n<p align=\"justify\" class=\"text1noticias\">Recordemos que la uni\u00f2n hace la  fuerza, y la dispersi\u00f2n por el contrario, nos convierte en vulnerables y  d\u00e8biles.\u00a0 Es lo que ha venido ocurriendo  hasta ahora.\u00a0 Y es el reto que debemos  superar y el que la clase pol\u00ectica debe asumir a riesgo de caer en total  descr\u00e8dito y abrir el horizonte a impredecibles consecuencias, de las cuales  tenemos cercanos y dolorosos ejemplos.<\/p>\n<p>&#13;<\/p>\n<h6> 2007-12-07 04:26:43 <\/h6>\n<p><!--\n<link rel=\"stylesheet\" href=\"css\/bootstrap.min.css\">\n\n\n<ul class=\"pagination\">\n\t    \n\t\n\n<li >\n\t<a href='?page_no=12492'>Previous<\/a>\n\t<\/li>\n\n\n       \n    \n\n<li><a href='?page_no=1'>1<\/a><\/li>\n\n\n\n<li><a href='?page_no=2'>2<\/a><\/li>\n\n\n\n<li><a>...<\/a><\/li>\n\n\n\n<li><a href='?page_no=12491'>12491<\/a><\/li>\n\n\n\n<li><a href='?page_no=12492'>12492<\/a><\/li>\n\n\n\n<li class='active'><a>12493<\/a><\/li>\n\n\n\n<li><a href='?page_no=12494'>12494<\/a><\/li>\n\n\n\n<li><a href='?page_no=12495'>12495<\/a><\/li>\n\n\n\n<li><a>...<\/a><\/li>\n\n\n\n<li><a href='?page_no=13611'>13611<\/a><\/li>\n\n\n\n<li><a href='?page_no=13612'>13612<\/a><\/li>\n\n    \n\t\n\n<li >\n\t<a href='?page_no=12494'>Next<\/a>\n\t<\/li>\n\n\n    \n\n<li><a href='?page_no=13612'>Last &rsaquo;&rsaquo;<\/a><\/li>\n\n<\/ul>\n\n\n--><br \/>\n<\/body><\/p>\n","protected":false},"excerpt":{"rendered":"<p>EL TIRO RAPIDO&#13; &#13; de&#13; &#13; Mario Rivadulla &#13; Aunque es opini\u00f2n expresada en otras ocasiones y resultacompartida por muchos, vale reiterar que monse\u00f1or Francisco Jos\u00e8 Arnaiz es una de las figuras m\u00e0s preclaras con que cuenta la Iglesia Cat\u00f2lica. &#13; Expulsado de Cuba al igual que cientos de sacerdotes y monjas durante la primera [&hellip;]<\/p>\n","protected":false},"author":3,"featured_media":0,"comment_status":"open","ping_status":"open","sticky":false,"template":"","format":"standard","meta":{"footnotes":""},"categories":[16],"tags":[],"class_list":["post-36651","post","type-post","status-publish","format-standard","hentry","category-opiniones"],"_links":{"self":[{"href":"https:\/\/diariodominicano.com\/index.php?rest_route=\/wp\/v2\/posts\/36651","targetHints":{"allow":["GET"]}}],"collection":[{"href":"https:\/\/diariodominicano.com\/index.php?rest_route=\/wp\/v2\/posts"}],"about":[{"href":"https:\/\/diariodominicano.com\/index.php?rest_route=\/wp\/v2\/types\/post"}],"author":[{"embeddable":true,"href":"https:\/\/diariodominicano.com\/index.php?rest_route=\/wp\/v2\/users\/3"}],"replies":[{"embeddable":true,"href":"https:\/\/diariodominicano.com\/index.php?rest_route=%2Fwp%2Fv2%2Fcomments&post=36651"}],"version-history":[{"count":0,"href":"https:\/\/diariodominicano.com\/index.php?rest_route=\/wp\/v2\/posts\/36651\/revisions"}],"wp:attachment":[{"href":"https:\/\/diariodominicano.com\/index.php?rest_route=%2Fwp%2Fv2%2Fmedia&parent=36651"}],"wp:term":[{"taxonomy":"category","embeddable":true,"href":"https:\/\/diariodominicano.com\/index.php?rest_route=%2Fwp%2Fv2%2Fcategories&post=36651"},{"taxonomy":"post_tag","embeddable":true,"href":"https:\/\/diariodominicano.com\/index.php?rest_route=%2Fwp%2Fv2%2Ftags&post=36651"}],"curies":[{"name":"wp","href":"https:\/\/api.w.org\/{rel}","templated":true}]}}