{"id":36650,"date":"2007-12-09T20:11:07","date_gmt":"2007-12-09T20:11:07","guid":{"rendered":"http:\/\/diariodominicano.ddns.net\/?p=36650"},"modified":"2007-12-09T20:11:07","modified_gmt":"2007-12-09T20:11:07","slug":"el-que-dana-no-paga","status":"publish","type":"post","link":"https:\/\/diariodominicano.com\/?p=36650","title":{"rendered":"El que da\u00f1a, no paga"},"content":{"rendered":"<p><body><\/p>\n<p class=\"titulogrande1\"><strong>El que da\u00f1a, no paga<\/strong><\/p>\n<p>&#13;<\/p>\n<p class=\"textogrande\">Ileana Alamilla<\/p>\n<p>&#13;<\/p>\n<p align=\"justify\" class=\"text1noticias\"><strong>ALAI AMLATINA, 07\/12\/2007, Guatemala.-<\/strong> Qu\u00e9 raz\u00f3n ten\u00edan los  \u201cradicales ambientalistas\u201d que reclamaban atenci\u00f3n para el planeta; sus  reiteradas advertencias se han ido cumpliendo, no poco a poco, sino  aceleradamente.<\/p>\n<p>&#13;<\/p>\n<p align=\"justify\" class=\"text1noticias\">Hoy enfrentamos un cambio acumulativo e irreversible a nivel  mundial, que producir\u00e1 cat\u00e1strofes econ\u00f3micas y humanas, lo que plantea el  reto global de frenar esa desquiciada carrera depredadora, tarea que  nos corresponder\u00e1 a todos (as), aunque no seamos los responsables del deterioro ni hayamos disfrutado de los beneficios de haberlo  infligido.<\/p>\n<p>&#13;<\/p>\n<p align=\"justify\" class=\"text1noticias\">El Informe sobre Desarrollo Humano 2007-2008, llamado \u201cLa lucha  contra el cambio clim\u00e1tico: solidaridad frente a un mundo dividido\u201d,  presenta datos y an\u00e1lisis cient\u00edficos que argumentan sobre el ritmo  acelerado y en mayores magnitudes que las normales del deterioro de la Tierra.<\/p>\n<p>&#13;<\/p>\n<p align=\"justify\" class=\"text1noticias\">Se ha alterado el ciclo normal de nuestro planeta, pero, como  siempre, pocos son los que contribuyen a enfrentar esta tragedia, cuyas  peores consecuencias las sufrir\u00e1n los pa\u00edses y sectores sociales  \u201cvulnerables\u201d.<\/p>\n<p>&#13;<\/p>\n<p align=\"justify\" class=\"text1noticias\">Es decir que lo m\u00e1s preocupante no es s\u00f3lo el cambio en s\u00ed, sino  el acelerado ritmo que se ha observado. Once de los 12 a\u00f1os m\u00e1s  calurosos desde 1850 se concentran entre 1995 y el 2006.<\/p>\n<p>&#13;<\/p>\n<p align=\"justify\" class=\"text1noticias\">Uno de los principales retos es evitar que la temperatura de la Tierra aumente m\u00e1s de dos grados cent\u00edgrados, y \u00a1ya estamos cerca de esa frontera!, seg\u00fan se revela en el estudio. Traspasar ese umbral  ser\u00e1 condenar a nuestra descendencia a una vida plagada de  dificultades.<\/p>\n<p>&#13;<\/p>\n<p align=\"justify\" class=\"text1noticias\">Entre los pa\u00edses con mayor responsabilidad en estas alteraciones  est\u00e1n Estados Unidos, Canad\u00e1, la Federaci\u00f3n Rusa,  el Reino Unido y, en Am\u00e9rica Latina, Brasil, cuyas gigantescas huellas ecol\u00f3gicas nos alcanzan  a todos(as).<\/p>\n<p>&#13;<\/p>\n<p align=\"justify\" class=\"text1noticias\">Ya hay da\u00f1os irreversibles en la \u00fanica casa que nos cobija, aunque todav\u00eda tenemos la oportunidad de, al menos, mitigarlos. Los  cambios que deben ser impulsados son dr\u00e1sticos y apremiantes, e implican  medidas urgentes y pol\u00edticas adecuadas y ambiciosas, se\u00f1al\u00f3 Beath Rohr, coordinador residente del Programa de Naciones Unidas para el  Desarrollo en Guatemala, quien manifest\u00f3 que se requiere suprema solidaridad  de parte de los pa\u00edses desarrollados con los pa\u00edses subdesarrollados  que poco han tenido que ver en el problema.<\/p>\n<p>&#13;<\/p>\n<p align=\"justify\" class=\"text1noticias\">Esos riesgos clim\u00e1ticos incrementan las desigualdades, porque son  los pa\u00edses subdesarrollados los m\u00e1s afectados y con menor capacidad de protegerse. Las variaciones del clima da\u00f1ar\u00e1n la agricultura, el  acceso al agua y un aumento en riesgos de salud.<\/p>\n<p>&#13;<\/p>\n<p align=\"justify\" class=\"text1noticias\">En Guatemala, el mayor desaf\u00edo radica en frenar la deforestaci\u00f3n y  la quema de combustibles f\u00f3siles, y en controlar las f\u00e1bricas de  cemento, cal y carbonato, que son parte del problema. Hay que contribuir a  la soluci\u00f3n global.<\/p>\n<p>&#13;<\/p>\n<p align=\"justify\" class=\"text1noticias\">&#8211; Ileana Alamilla, periodista guatemalteca, es Directora de la Agencia CERIGUA.<\/p>\n<p>&#13;<\/p>\n<h6> 2007-12-09 20:11:07 <\/h6>\n<p><!--\n<link rel=\"stylesheet\" href=\"css\/bootstrap.min.css\">\n\n\n<ul class=\"pagination\">\n\t    \n\t\n\n<li >\n\t<a href='?page_no=12491'>Previous<\/a>\n\t<\/li>\n\n\n       \n    \n\n<li><a href='?page_no=1'>1<\/a><\/li>\n\n\n\n<li><a href='?page_no=2'>2<\/a><\/li>\n\n\n\n<li><a>...<\/a><\/li>\n\n\n\n<li><a href='?page_no=12490'>12490<\/a><\/li>\n\n\n\n<li><a href='?page_no=12491'>12491<\/a><\/li>\n\n\n\n<li class='active'><a>12492<\/a><\/li>\n\n\n\n<li><a href='?page_no=12493'>12493<\/a><\/li>\n\n\n\n<li><a href='?page_no=12494'>12494<\/a><\/li>\n\n\n\n<li><a>...<\/a><\/li>\n\n\n\n<li><a href='?page_no=13611'>13611<\/a><\/li>\n\n\n\n<li><a href='?page_no=13612'>13612<\/a><\/li>\n\n    \n\t\n\n<li >\n\t<a href='?page_no=12493'>Next<\/a>\n\t<\/li>\n\n\n    \n\n<li><a href='?page_no=13612'>Last &rsaquo;&rsaquo;<\/a><\/li>\n\n<\/ul>\n\n\n--><br \/>\n<\/body><\/p>\n","protected":false},"excerpt":{"rendered":"<p>El que da\u00f1a, no paga &#13; Ileana Alamilla &#13; ALAI AMLATINA, 07\/12\/2007, Guatemala.- Qu\u00e9 raz\u00f3n ten\u00edan los \u201cradicales ambientalistas\u201d que reclamaban atenci\u00f3n para el planeta; sus reiteradas advertencias se han ido cumpliendo, no poco a poco, sino aceleradamente. &#13; Hoy enfrentamos un cambio acumulativo e irreversible a nivel mundial, que producir\u00e1 cat\u00e1strofes econ\u00f3micas y humanas, [&hellip;]<\/p>\n","protected":false},"author":3,"featured_media":0,"comment_status":"open","ping_status":"open","sticky":false,"template":"","format":"standard","meta":{"footnotes":""},"categories":[16],"tags":[],"class_list":["post-36650","post","type-post","status-publish","format-standard","hentry","category-opiniones"],"_links":{"self":[{"href":"https:\/\/diariodominicano.com\/index.php?rest_route=\/wp\/v2\/posts\/36650","targetHints":{"allow":["GET"]}}],"collection":[{"href":"https:\/\/diariodominicano.com\/index.php?rest_route=\/wp\/v2\/posts"}],"about":[{"href":"https:\/\/diariodominicano.com\/index.php?rest_route=\/wp\/v2\/types\/post"}],"author":[{"embeddable":true,"href":"https:\/\/diariodominicano.com\/index.php?rest_route=\/wp\/v2\/users\/3"}],"replies":[{"embeddable":true,"href":"https:\/\/diariodominicano.com\/index.php?rest_route=%2Fwp%2Fv2%2Fcomments&post=36650"}],"version-history":[{"count":0,"href":"https:\/\/diariodominicano.com\/index.php?rest_route=\/wp\/v2\/posts\/36650\/revisions"}],"wp:attachment":[{"href":"https:\/\/diariodominicano.com\/index.php?rest_route=%2Fwp%2Fv2%2Fmedia&parent=36650"}],"wp:term":[{"taxonomy":"category","embeddable":true,"href":"https:\/\/diariodominicano.com\/index.php?rest_route=%2Fwp%2Fv2%2Fcategories&post=36650"},{"taxonomy":"post_tag","embeddable":true,"href":"https:\/\/diariodominicano.com\/index.php?rest_route=%2Fwp%2Fv2%2Ftags&post=36650"}],"curies":[{"name":"wp","href":"https:\/\/api.w.org\/{rel}","templated":true}]}}