{"id":36648,"date":"2007-12-10T13:10:12","date_gmt":"2007-12-10T13:10:12","guid":{"rendered":"http:\/\/diariodominicano.ddns.net\/?p=36648"},"modified":"2007-12-10T13:10:12","modified_gmt":"2007-12-10T13:10:12","slug":"es-mejor-que-quien-te-diga-no-sea-un-amigo","status":"publish","type":"post","link":"https:\/\/diariodominicano.com\/?p=36648","title":{"rendered":"Es mejor que quien te diga NO sea un amigo"},"content":{"rendered":"<p><body><\/p>\n<p><strong class=\"titulogrande1\">Es mejor  que quien te diga NO sea un amigo<\/strong><br \/>&#13;<br \/>\n  <strong><br \/>&#13;<br \/>\n  <strong>Por: <span class=\"textogrande\">Gloria Gait\u00e1n<\/span><\/strong><\/strong><\/p>\n<p>&#13;<\/p>\n<p align=\"justify\" class=\"text1noticias\"><strong><strong>Bogot\u00e1, diciembre 9 de 2007<\/strong>.- <\/strong>Regres\u00e9 de Venezuela el domingo 2 de  diciembre, d\u00eda de elecciones. Nunca antes entend\u00ed con tanta claridad que no es  lo mismo la percepci\u00f3n que la realidad. Nosotros vemos que el sol sale todas  las ma\u00f1anas, recorre el cielo y se oculta en el horizonte, pero en realidad es  la tierra la que se mueve, mientras que el sol permanece est\u00e1tico.<br \/>&#13;<br \/>\n  <br \/> &#13;<br \/>\n  Eso mismo  ocurre con las elecciones en Venezuela. No fue la oposici\u00f3n la que gan\u00f3 las  elecciones, fueron los chavistas y bolivarianos descontentos &#8211; con toda la  raz\u00f3n &#8211; por lo que est\u00e1 sucediendo en un pa\u00eds que es esperanza para toda la Am\u00e9rica Latina.<br \/>&#13;<br \/>\n      <br \/>&#13;<br \/>\n  Mis amigos m\u00e1s estructurados pol\u00edticamente y los m\u00e1s  honestos, con quienes me reun\u00ed a cambiar impresiones, me dec\u00edan que iban a  votar por el NO para impedir que se acentuara el autoritarismo creciente de  Ch\u00e1vez que, rodeado de una proporci\u00f3n importante de oportunistas, le halagan su  ego porque lo que les interesa es seguir enriqueci\u00e9ndose como lo est\u00e1n  haciendo. Los m\u00e1s leales no se atreven a hablar por miedo a que los  desfenestren. Ch\u00e1vez no est\u00e1 aceptando que le digan no a nada. Su voz y su  voluntad representan para \u00e9l la \u00fanica verdad posible. Es por eso que &#8211; sin  ruborizarse &#8211; dijo en la manifestaci\u00f3n del cierre de campa\u00f1a que quien no  votara su iniciativa era un traidor y su enemigo. Grave afirmaci\u00f3n, porque  basta saber que un n\u00famero enorme de chavistas votaron NO para que Ch\u00e1vez abra  los ojos a la realidad y vea que el proceso, si bien tiene cosas loables, no  por ello deja de ser, por ahora, un sistema autocr\u00e1tico y corrupto, donde el  clientelismo es el m\u00e1ximo anzuelo para movilizar al pueblo.<br \/>&#13;<br \/>\n  <br \/>&#13;<br \/>\n  La inmensa abstenci\u00f3n es mayoritariamente chavista. No se atrevieron a votar  por el NO para no hacer equipo con la oposici\u00f3n, pero tampoco votaron por el  S\u00cd, porque no quer\u00edan abrir las compuertas de una presidencia eterna y de una  concentraci\u00f3n de poderes obscena, como el nombramiento de vicepresidentes para  que estuvieran por encima de los gobernadores elegidos por voluntad popular.<br \/>&#13;<br \/>\n  <br \/>&#13;<br \/>\n  Es tal el radicalismo sectario a que ha llegado Ch\u00e1vez que le ha dicho a mucha  gente que no se acerquen a m\u00ed porque yo tengo \u00abun doble lenguaje\u00bb.<br \/>&#13;<br \/>\n  <br \/>&#13;<br \/>\n  \u00bfEn qu\u00e9 consiste ese supuesto doble lenguaje? En que he hecho conocer el  pensamiento de mi padre en su oposici\u00f3n a la reelecci\u00f3n, raz\u00f3n por la cual me  molesta que Ch\u00e1vez invoque el nombre de mi padre para reforzar su idea de  gobernar hasta el a\u00f1o 2050.   Mi padre escribi\u00f3: <strong>\u00abLas tesis  reeleccionistas en s\u00ed mismas no son adjetivas ni exiguas sino graves y muy  graves desde el punto de vista doctrinario&#8230; Aunque bien puede darse el caso  de un hombre pulcro, no es en raz\u00f3n de las cualidades personales de un hombre  sobre las que debe consagrarse en Colombia un sistema que puede romper ma\u00f1ana  la fisonom\u00eda democr\u00e1tica del pa\u00eds&#8230; Como veis no se trata de un problema  individual sino de algo de profundos alcances doctrinarios, lo que ahora se  est\u00e1 debatiendo ante la conciencia nacional\u00bb.<\/strong> Por recordar las  ideas de mi padre (\u00e9l que lo invoca casi tanto como a Bol\u00edvar) me coloc\u00f3 del  lado de los \u00abtraidores\u00bb, lanzando diatribas calumniosas contra m\u00ed a  mis espaldas. Yo hubiera preferido que hubiera hecho lo que hizo Alvaro Uribe,  que me demand\u00f3 ante la justicia y los entes de control. All\u00ed pude defenderme y  salir airosa de esa persecuci\u00f3n, demostrando que se trataba de falsas  acusaciones. \u00bfPero c\u00f3mo defenderme de las acusaciones tartufas de quien no da  la cara para lanzar sus infundios?<br \/>&#13;<br \/>\n  <br \/>&#13;<br \/>\n  <strong>El famoso constitucionalista Herman Escarr\u00e1 generosamente ratific\u00f3 lo  que en m\u00faltiples ocasiones ha dicho al afirmar que fu\u00ed yo quien ide\u00f3 para  Venezuela el concepto y la esencia del Poder Ciudadano y quien le dio el  nombre.<\/strong> Eso es as\u00ed y es por ello que, consecuentemente con esa idea  que le logr\u00e9 \u00abvender\u00bb a quienes idearon el concepto global de la Constituci\u00f3n vigente,  me aterr\u00e9 con el mecanismo que le dio g\u00e9nesis a la propuesta de la nueva  constituci\u00f3n que se aleja de una Democracia Directa para otorgarle poderes  desmesurados al Primer Mandatario. Eso que llaman el \u00abcentralismo  democr\u00e1tico\u00bb&#8230;<br \/>&#13;<br \/>\n  <br \/>&#13;<br \/>\n  Mis cr\u00edticas las hice en el marco de mi apoyo &#8211; de ayer y de hoy &#8211; al proceso  bolivariano y socialista que se gesta en Venezuela, adhesi\u00f3n que aqu\u00ed y ahora  reitero, con el derecho pleno a hacer las cr\u00edticas que a mi buen entender pueda  hacerle a este proyecto que tambi\u00e9n le concierne a Colombia.<br \/>&#13;<br \/>\n  <br \/>&#13;<br \/>\n  Entre los abstencionistas se cuentan los tres millones de votantes que  eligieron a Ch\u00e1vez en diciembre \u00faltimo como presidente y que sienten como yo,  que hay que lanzarle una advertencia a Ch\u00e1vez para rectificar el rumbo porque,  como est\u00e1 rodeado de una muralla infranqueable de aduladores o de unas pocas  personas muy fieles y leales que piensan que no es posible hablarle y que  prefieren quedarse mudos a su lado para no dejarlo s\u00f3lo rodeado por los  buitres, pues la \u00fanica forma era expres\u00e1ndose p\u00fablicamente en las urnas o en la  abstenci\u00f3n.<br \/>&#13;<br \/>\n  <br \/>&#13;<br \/>\n  La abstenci\u00f3n, que triunf\u00f3, ha sido reivindicada hist\u00f3ricamente por los amigos  del PRV- Utop\u00eda Tercer Camino y ha permitido hoy, a la luz de los resultados de  este refer\u00e9ndum una perspectiva creadora del pueblo contra las contradicciones  en que se ha visto involucrado el proceso.<br \/>&#13;<br \/>\n  <br \/>&#13;<br \/>\n  S\u00e9 lo que me espera de Ch\u00e1vez y sus a\u00falicos, la mayor\u00eda usufructuando de las  ganancias ingentes que les ha dado el poder y que, si Ch\u00e1vez les hubiera  propuesto el fascismo, por esa senda habr\u00edan aplaudido con igual frenes\u00ed. No  importa. Creo que hay que gritar a los cuatro vientos que NO GAN\u00d3 LA OPOSICI\u00d3N, gan\u00f3 el  pueblo chavista que quiso decirle a Ch\u00e1vez que se necesita un gobierno  democr\u00e1tico en el d\u00eda a d\u00eda (no s\u00f3lo en el proceso electoral), que se requiere  con urgencia la   RESTAURACI\u00d3N MORAL BOLIVARIANA, que es indispensable una  revoluci\u00f3n cultural para que el pueblo asuma sus obligaciones como ciudadano y  abandone la cultura pedig\u00fce\u00f1a a la que se le est\u00e1 acostumbrando, que es  necesario acabar con el sectarismo, que es necesario formar ideol\u00f3gicamente a  la gente y no apelar &#8211; como lo hizo Ch\u00e1vez en esta campa\u00f1a &#8211; a la emoci\u00f3n  barata, besando hijas y cargando nietos y ni\u00f1itos ajenos en sus brazos &#8211; y  tambi\u00e9n, que hay que escuchar a los amigos, recordando el proverbio chino que  dice: \u00abOjal\u00e1 tengas la suerte de tener un amigo que te se\u00f1ale los errores.  Pero si no tienes esa dicha, b\u00fascate un enemigo que te haga tan grande favor\u00bb.<br \/>&#13;<br \/>\n  <br \/>&#13;<br \/>\nAhora hay que reforzar a quienes como el Partido PODEMOS, el general Baduel o  Douglas Bravo, para no mencionar sino a unos pocos, son los amigos que al  Presidente Ch\u00e1vez le dicen la verdad al precio de ser desfenestrados y con el  valor de quien pone sus ideales por encima de sus intereses personales. Hay que  alentarlos para que sean ellos, chavistas o socialistas, los que recojan los  frutos de estas elecciones, impidiendo que sean los reaccionarios, neoliberales  y proimperialistas, los que se adue\u00f1en de un triunfo que no les pertenece.<\/p>\n<p>&#13;<\/p>\n<h6> 2007-12-10 13:10:12 <\/h6>\n<p><!--\n<link rel=\"stylesheet\" href=\"css\/bootstrap.min.css\">\n\n\n<ul class=\"pagination\">\n\t    \n\t\n\n<li >\n\t<a href='?page_no=12489'>Previous<\/a>\n\t<\/li>\n\n\n       \n    \n\n<li><a href='?page_no=1'>1<\/a><\/li>\n\n\n\n<li><a href='?page_no=2'>2<\/a><\/li>\n\n\n\n<li><a>...<\/a><\/li>\n\n\n\n<li><a href='?page_no=12488'>12488<\/a><\/li>\n\n\n\n<li><a href='?page_no=12489'>12489<\/a><\/li>\n\n\n\n<li class='active'><a>12490<\/a><\/li>\n\n\n\n<li><a href='?page_no=12491'>12491<\/a><\/li>\n\n\n\n<li><a href='?page_no=12492'>12492<\/a><\/li>\n\n\n\n<li><a>...<\/a><\/li>\n\n\n\n<li><a href='?page_no=13611'>13611<\/a><\/li>\n\n\n\n<li><a href='?page_no=13612'>13612<\/a><\/li>\n\n    \n\t\n\n<li >\n\t<a href='?page_no=12491'>Next<\/a>\n\t<\/li>\n\n\n    \n\n<li><a href='?page_no=13612'>Last &rsaquo;&rsaquo;<\/a><\/li>\n\n<\/ul>\n\n\n--><br \/>\n<\/body><\/p>\n","protected":false},"excerpt":{"rendered":"<p>Es mejor que quien te diga NO sea un amigo&#13; &#13; Por: Gloria Gait\u00e1n &#13; Bogot\u00e1, diciembre 9 de 2007.- Regres\u00e9 de Venezuela el domingo 2 de diciembre, d\u00eda de elecciones. Nunca antes entend\u00ed con tanta claridad que no es lo mismo la percepci\u00f3n que la realidad. Nosotros vemos que el sol sale todas las [&hellip;]<\/p>\n","protected":false},"author":3,"featured_media":0,"comment_status":"open","ping_status":"open","sticky":false,"template":"","format":"standard","meta":{"footnotes":""},"categories":[16],"tags":[],"class_list":["post-36648","post","type-post","status-publish","format-standard","hentry","category-opiniones"],"_links":{"self":[{"href":"https:\/\/diariodominicano.com\/index.php?rest_route=\/wp\/v2\/posts\/36648","targetHints":{"allow":["GET"]}}],"collection":[{"href":"https:\/\/diariodominicano.com\/index.php?rest_route=\/wp\/v2\/posts"}],"about":[{"href":"https:\/\/diariodominicano.com\/index.php?rest_route=\/wp\/v2\/types\/post"}],"author":[{"embeddable":true,"href":"https:\/\/diariodominicano.com\/index.php?rest_route=\/wp\/v2\/users\/3"}],"replies":[{"embeddable":true,"href":"https:\/\/diariodominicano.com\/index.php?rest_route=%2Fwp%2Fv2%2Fcomments&post=36648"}],"version-history":[{"count":0,"href":"https:\/\/diariodominicano.com\/index.php?rest_route=\/wp\/v2\/posts\/36648\/revisions"}],"wp:attachment":[{"href":"https:\/\/diariodominicano.com\/index.php?rest_route=%2Fwp%2Fv2%2Fmedia&parent=36648"}],"wp:term":[{"taxonomy":"category","embeddable":true,"href":"https:\/\/diariodominicano.com\/index.php?rest_route=%2Fwp%2Fv2%2Fcategories&post=36648"},{"taxonomy":"post_tag","embeddable":true,"href":"https:\/\/diariodominicano.com\/index.php?rest_route=%2Fwp%2Fv2%2Ftags&post=36648"}],"curies":[{"name":"wp","href":"https:\/\/api.w.org\/{rel}","templated":true}]}}