{"id":366477,"date":"2022-07-06T09:30:35","date_gmt":"2022-07-06T13:30:35","guid":{"rendered":"http:\/\/diariodominicano.com\/?p=366477"},"modified":"2022-07-06T09:30:35","modified_gmt":"2022-07-06T13:30:35","slug":"cuba-recuerda-a-raul-roa-el-canciller-de-la-dignidad","status":"publish","type":"post","link":"https:\/\/diariodominicano.com\/?p=366477","title":{"rendered":"Cuba recuerda a Ra\u00fal Roa, el \u00abCanciller de la Dignidad\u00bb"},"content":{"rendered":"\n<p>La Habana, 6 jul (Prensa Latina) Cuba recuerda hoy la obra y el pensamiento de Ra\u00fal Roa, el \u00abCanciller de la Dignidad\u00bb, a 40 a\u00f1os de su desaparici\u00f3n f\u00edsica.<\/p>\n\n\n\n<ul class=\"wp-block-list\"><li>julio 6, 2022<\/li><li>CDT00:23 (GMT) -0400<\/li><\/ul>\n\n\n\n<ul class=\"wp-block-list\"><li><a href=\"https:\/\/www.prensa-latina.cu\/author\/yaa\">Por:&nbsp;Yoel Almaguer de Armas<\/a><\/li><\/ul>\n\n\n\n<p>&nbsp;&nbsp; \u00abEl m\u00e9rito no es m\u00edo, es de la Revoluci\u00f3n cubana que yo represento\u201d, afirmaba siempre que lo felicitaban por \u00e9xitos en los espacios internacionales a donde llevaba con orgullo el ejemplo de su pa\u00eds.<\/p>\n\n\n\n<p>&nbsp;&nbsp; A estos principios patrios lleg\u00f3 tambi\u00e9n por la educaci\u00f3n de su familia humilde y en especial del abuelo, el mamb\u00ed que luch\u00f3 por la independencia bajo el mando de estrategas militares como&nbsp;Antonio Maceo, Ignacio Agramonte y M\u00e1ximo G\u00f3mez.<\/p>\n\n\n\n<p>&nbsp;&nbsp; Escribi\u00f3 en una ocasi\u00f3n que descubri\u00f3 su car\u00e1cter revolucionario el d\u00eda en que se sinti\u00f3 disconforme con el mundo restante \u00aby anhel\u00e9 uno m\u00e1s justo y bello\u00bb.<\/p>\n\n\n\n<p>&nbsp;&nbsp; Heredero de la estirpe revolucionaria de su abuelo Ram\u00f3n, Roa fue fundador del Directorio Estudiantil Universitario en 1930, y poco despu\u00e9s se incorpor\u00f3 al Ala Izquierda Estudiantil.<\/p>\n\n\n\n<p>&nbsp;&nbsp; El 11 de junio de 1959 Fidel Castro anunci\u00f3 que el ministro de Estado, Roberto Agramonte Pichardo, ser\u00eda sustituido por el doctor Ra\u00fal Roa, en un momento hist\u00f3rico cuando el poder revolucionario se hizo cargo del gobierno, y se daba un nuevo rumbo a la pol\u00edtica exterior cubana.<\/p>\n\n\n\n<p>&nbsp;&nbsp; El apelativo de \u00abCanciller de la Dignidad\u00bb lo gan\u00f3 por su intensa labor al frente de la diplomacia revolucionaria, sus cruciales batallas ante organismos internacionales y su poder de decisiones r\u00e1pidas, coherentes, y pensadas siempre desde su pa\u00eds.<\/p>\n\n\n\n<p>&nbsp;&nbsp; Falleci\u00f3 el 6 de julio de 1982 a los 73 a\u00f1os de edad. Aquel martes, miles de personas le rindieron homenaje en el Aula Magna de la Universidad de La Habana, que cont\u00f3 con la guardia de honor de Fidel.<\/p>\n\n\n\n<p>&nbsp;&nbsp; En la despedida de duelo en el Cementrio de Col\u00f3n de La Habana, el entonces Ministro de Cultura, Armando Hart expres\u00f3:<\/p>\n\n\n\n<p>&nbsp;&nbsp; \u00abRoa supo siempre interpretar en forma cabal la l\u00ednea y las posiciones de Fidel (\u2026) No se podr\u00e1 escribir la historia de la diplomacia moderna en el mundo, sin recoger las luchas y la obra que en este campo llev\u00f3 el Canciller de la Dignidad\u00bb.<\/p>\n\n\n\n<p>oda\/yaa\/<\/p>\n","protected":false},"excerpt":{"rendered":"<p>La Habana, 6 jul (Prensa Latina) Cuba recuerda hoy la obra y el pensamiento de Ra\u00fal Roa, el \u00abCanciller de la Dignidad\u00bb, a 40 a\u00f1os de su desaparici\u00f3n f\u00edsica. julio 6, 2022 CDT00:23 (GMT) -0400 Por:&nbsp;Yoel Almaguer de Armas &nbsp;&nbsp; \u00abEl m\u00e9rito no es m\u00edo, es de la Revoluci\u00f3n cubana que yo represento\u201d, afirmaba siempre [&hellip;]<\/p>\n","protected":false},"author":28,"featured_media":366478,"comment_status":"closed","ping_status":"","sticky":true,"template":"","format":"standard","meta":{"footnotes":""},"categories":[26,27],"tags":[],"class_list":["post-366477","post","type-post","status-publish","format-standard","has-post-thumbnail","hentry","category-efemerides","category-portada"],"_links":{"self":[{"href":"https:\/\/diariodominicano.com\/index.php?rest_route=\/wp\/v2\/posts\/366477","targetHints":{"allow":["GET"]}}],"collection":[{"href":"https:\/\/diariodominicano.com\/index.php?rest_route=\/wp\/v2\/posts"}],"about":[{"href":"https:\/\/diariodominicano.com\/index.php?rest_route=\/wp\/v2\/types\/post"}],"author":[{"embeddable":true,"href":"https:\/\/diariodominicano.com\/index.php?rest_route=\/wp\/v2\/users\/28"}],"replies":[{"embeddable":true,"href":"https:\/\/diariodominicano.com\/index.php?rest_route=%2Fwp%2Fv2%2Fcomments&post=366477"}],"version-history":[{"count":1,"href":"https:\/\/diariodominicano.com\/index.php?rest_route=\/wp\/v2\/posts\/366477\/revisions"}],"predecessor-version":[{"id":366479,"href":"https:\/\/diariodominicano.com\/index.php?rest_route=\/wp\/v2\/posts\/366477\/revisions\/366479"}],"wp:featuredmedia":[{"embeddable":true,"href":"https:\/\/diariodominicano.com\/index.php?rest_route=\/wp\/v2\/media\/366478"}],"wp:attachment":[{"href":"https:\/\/diariodominicano.com\/index.php?rest_route=%2Fwp%2Fv2%2Fmedia&parent=366477"}],"wp:term":[{"taxonomy":"category","embeddable":true,"href":"https:\/\/diariodominicano.com\/index.php?rest_route=%2Fwp%2Fv2%2Fcategories&post=366477"},{"taxonomy":"post_tag","embeddable":true,"href":"https:\/\/diariodominicano.com\/index.php?rest_route=%2Fwp%2Fv2%2Ftags&post=366477"}],"curies":[{"name":"wp","href":"https:\/\/api.w.org\/{rel}","templated":true}]}}