{"id":366437,"date":"2022-07-06T00:24:29","date_gmt":"2022-07-06T04:24:29","guid":{"rendered":"http:\/\/diariodominicano.com\/?p=366437"},"modified":"2022-07-06T00:24:46","modified_gmt":"2022-07-06T04:24:46","slug":"efectivos-de-estados-unidos-mataron-a-vicentico-evangelista","status":"publish","type":"post","link":"https:\/\/diariodominicano.com\/?p=366437","title":{"rendered":"Efectivos de Estados Unidos mataron a Vicentico Evangelista"},"content":{"rendered":"\n<p>Externa<\/p>\n\n\n\n<p>Por H\u00e9ctor Tineo Nolasco<\/p>\n\n\n\n<p>Diariodominicano.com<\/p>\n\n\n\n<p><strong>SANTO DOMINGO, el \u00a0\u00a06 de julio de 1917<\/strong>, Militares de Estados Unidos, mataron a Vicentico Evangelista, quien hab\u00eda participado en la resistencia dominicana contra el Gobierno de Ocupaci\u00f3n.<\/p>\n\n\n\n<p>&nbsp;&nbsp;&nbsp; &nbsp;&nbsp;&nbsp;&nbsp;&nbsp; Vicentico Evangelista, un s\u00edmbolo de la resistencia&nbsp; contra la ocupaci\u00f3n militar estadounidense&nbsp; de 1916, y&nbsp; calificado&nbsp; por los interventores&nbsp; como un \u201cgavillero\u201d, hab\u00eda combatido a los militares estadounidenses en varias zonas de la regi\u00f3n Este.<\/p>\n\n\n\n<p>El m\u00fasico y escritor&nbsp; Julio Gautreau en su obra \u201c<strong>Vicentico: H\u00e9roe y M\u00e1rtir Dos Veces\u201d<\/strong>, anota que &nbsp;por la captura o muerte del general Evangelista los estadounidenses &nbsp;ofrecieron miles de d\u00f3lares, pero &nbsp;no consiguieron &nbsp;su objetivo. &nbsp;Las fuerzas patri\u00f3ticas que comand\u00f3 Vicentico Evangelista,&nbsp;&nbsp; pusieron en alto la &nbsp;Bandera tricolor en las praderas del Este.<\/p>\n\n\n\n<p>\u201cEl patriota, verdadero h\u00e9roe olvidado y de quien casi no se ense\u00f1a en las escuelas con la finalidad de que el tiempo borre cuanto \u00e9l y los suyos realizaron, lleg\u00f3 a comandar a m\u00e1s de mil hombres armados hasta de ametralladoras. La mayor\u00eda de esas armas se las quitaban a los propios soldados yanquis y sus lacayos. Aunque los altos oficiales norteamericanos enviaron numerosos asesinos a sueldos para matarle, fingiendo que se un\u00edan&nbsp;&nbsp;a su lucha patri\u00f3tica, siempre&nbsp; lleg\u00f3 a descubrirlos,&nbsp;&nbsp;ejecutando&nbsp;&nbsp;a&nbsp;&nbsp;varios,&nbsp;&nbsp;pero&nbsp;&nbsp;a&nbsp;otros les daba una pela tremenda, solt\u00e1ndolos, dej\u00e1ndolos &nbsp;presos los yanquis o mat\u00e1ndolos porque recelaban de ellos\u201d.&nbsp;&nbsp;&nbsp;&nbsp;&nbsp;<\/p>\n\n\n\n<p>&nbsp;&nbsp;&nbsp;&nbsp;Gautreau&nbsp; apunta&nbsp; que el general Vicente Evangelista rehus\u00f3 un salvoconducto y miles de d\u00f3lares para irse a Venezuela si dejaba de luchar con sus osados &nbsp;combatientes, igualmente una mayor cantidad si libertaba a unos supuestos ingenieros norteamericanos que hab\u00eda capturado. Esto deja dicho que \u00e9l no peleaba por dinero, sino por el honor de la Rep\u00fablica Dominicana\u201d.<\/p>\n\n\n\n<p>Tambi\u00e9n &nbsp;\u201crechaz\u00f3 la gobernaci\u00f3n de El Seibo, si bien un tiempo despu\u00e9s y por la incesante mediaci\u00f3n de altas personalidades, hall\u00e1ndose tambi\u00e9n los ensotanados curas, acept\u00f3 la de Macor\u00eds. Se dice que lo hizo porque las dem\u00e1s regiones del pa\u00eds estaban tranquilas, nadie combat\u00eda contra los invasores. Es como si la mayor\u00eda de aquellos habitantes (capitale\u00f1os, cibae\u00f1os y sure\u00f1os)&nbsp;contemplaban bien la vulgar intervenci\u00f3n norteamericana, algo que con frecuencia se lo recordaban a \u2018Vicentico\u2019 los muy sabihondos intermediarios para que dejara su insurrecci\u00f3n.&nbsp;&nbsp;<\/p>\n\n\n\n<p>Gautreau refiere que en una &nbsp;ocasi\u00f3n Evangelista, fue mal herido al caer&nbsp; en una emboscada, pero&nbsp; ayudado por varios compa\u00f1eros, pudo llegar a su cuartel de la \u2018Loma de la Vaca\u2019,&nbsp;\u201cLa Loma de la Vaca era un cerro inextricable perdido entre una cadena de monta\u00f1as en la secci\u00f3n Magar\u00edn, El Seibo, a cuya cima s\u00f3lo pod\u00eda llegarse caminando por el medio de un arroyo de aguas profundas\u201d. All\u00ed Vicentico &nbsp;estuvo un tiempo inactivo, hasta curarse, volviendo a combatir con m\u00e1s br\u00edos y patriotismo. \u201cA esos guerrilleros no les importaba el mote que les pusieron: \u201cbandids\u201d los norteamericanos y \u201cgavilleros\u201d aquellos mercenarios dominicanos, &nbsp;que se pusieron al servicio de quienes mancillaron la Patria de Duarte y Luper\u00f3n por m\u00edseros d\u00f3lares, esencialmente Trujillo, quien en &nbsp;trece a\u00f1os lleg\u00f3 desde teniente, 1917, a la cima del poder pol\u00edtico de &nbsp;Dominicana&nbsp;&nbsp;&nbsp;en 1930 porque as\u00ed lo quisieron los estadounidenses.&nbsp;&nbsp;&nbsp;&nbsp;<\/p>\n\n\n\n<p>&nbsp;&nbsp;&nbsp;&nbsp;\u201cLos&nbsp;&nbsp;imparciales&nbsp;&nbsp;investigadores&nbsp;que&nbsp;han rastreado con&nbsp;sumo cuidado la vida de \u2018Vicente Evangelista\u2019, a\u00fan no se explican la raz\u00f3n por la cual acept\u00f3 la Gobernaci\u00f3n de Macor\u00eds. Algunos aseguran que \u00e9l era pro germ\u00e1nico, efectu\u00e1ndolo con la&nbsp;&nbsp;intenci\u00f3n&nbsp;t\u00e1ctica de introducir armamentos por el puerto local con ayuda de los alemanes en un buque neutral (\u00bftal vez para despu\u00e9s atacar la capital?), ya que cuando aquello aconteci\u00f3 la Primera Guerra Mundial se encontraba en plena vigencia y los germanos anhelaban en&nbsp;&nbsp;gran manera extenderla, esencialmente en una naci\u00f3n intervenida del Caribe Latinoamericano. Y quiz\u00e1 por la citada posibilidad fue que luego de firmarse aquel \u2018Tratado de&nbsp;&nbsp;no&nbsp;&nbsp;Combate\u2019, el Alto al Fuego entre las partes &nbsp;suscrito entre \u2018Vicentico\u2019y un supuesto alto oficial yanqui ( luego se averiguar\u00eda que era un mat\u00f3n sargento gringo disfrazado de coronel), nuestro h\u00e9roe y parte de sus combatientes (Evangelista dej\u00f3 buena parte de su tropa entre los cerros con los mejores armamentos al mando de Ram\u00f3n Natera por cualquier posible enga\u00f1o y siguieran&nbsp;&nbsp;combatiendo), fue recibido con honores en la Gobernaci\u00f3n por la poblaci\u00f3n y autoridades. Esa edificaci\u00f3n se hallaba en aquel tiempo frente al Parque Duarte.&nbsp;&nbsp;&nbsp;&nbsp;<\/p>\n\n\n\n<p>&nbsp;&nbsp;&nbsp;\u201cEntonces los norteamericanos, como buenos descendientes de los mon\u00e1rquicos ingleses, se quitaron su horrible e hip\u00f3crita careta (algo no raro en ellos), y sin respetar lo pactado, en el Documento para dejar de batallar, le condujeron preso a su cuartel de Miramar &#8211;\u00e9ste estaba por donde se halla el \u2018Hotel Macor\u00edx\u2019. &nbsp;Varios sujetos certifican que fue llevado a pie por la calle S\u00e1nchez, a empujones y golpes, encadenado por los tobillos y manos. Le hicieron una de las humillaciones m\u00e1s terribles que se ha visto en Macor\u00eds. Comentan que curiosos, la mayor\u00eda \u2018l\u00fampenes\u2019 con botellas de alcohol en las manos, pagados, chillaban a toda voz&nbsp;<strong>\u201c<em>maldito asesino-gavillero\u201d<\/em><\/strong>, y que les lanzaban huevos,&nbsp;&nbsp;orines,&nbsp;&nbsp;c\u00e1scaras&nbsp;&nbsp;de&nbsp;&nbsp;naranjas,&nbsp;&nbsp;etc. Otros consideran que le&nbsp;&nbsp;condujeron en una carreta de basura, sucediendo lo anterior.<\/p>\n\n\n\n<p>\u00a0\u00a0\u00a0<strong>\u00a0\u00a1\u00bbCaramba, cu\u00e1nta deshonra, cobard\u00eda y traici\u00f3n en contra de un h\u00e9roe!\u201d<\/strong><\/p>\n\n\n\n<p>&nbsp;&nbsp;&nbsp;&nbsp;Gautreu anota que el &nbsp;Comandante Evangelista fue asesinado pr\u00f3ximo a la medianoche del mismo d\u00eda de su detenci\u00f3n, 6 \u00f3 7 de Julio de 1917, sin hacerle ning\u00fan juicio, viol\u00e1ndole todos sus derechos. \u201cSe asegura que fue denunciado por ciertos seudos \u2018intelectuales\u2019 que deseaban dirigir la lucha nacionalista desde la sombra, sin arriesgarse para nada y luego pasar factura. Aparte del dinero que recibieron por su pusil\u00e1nime felon\u00eda, ser\u00edan despu\u00e9s diplom\u00e1ticos del trujillato por muchos a\u00f1os\u201d.<\/p>\n\n\n\n<p>&nbsp;&nbsp;&nbsp;&nbsp;\u201cSe ignora en d\u00f3nde sepultaron el cuerpo de \u2018Vicentico\u2019, ya que jam\u00e1s fue hallado. \u00bfSus criminales lo lanzaron al mar, amarrado a un objeto pesado como con frecuencia efect\u00faa la conocida MAFIA, esa incondicional aliada del Vaticano y de la CIA? \u00bfFue enterrado secretamente en el viejo cementerio de Villa Providencia o por&nbsp;el \u2018Pley Color\u00e1o\u2019? \u00bfEn d\u00f3nde reposan los restos del olvidado Comandante Guerrillero, mortificado por hombres sin dignidad que no respetaron el convenio rubricado entre los interesados por lograr el Alto al Fuego en el Este? \u00bfQu\u00e9 habr\u00e1 pasado con su Diario de Campa\u00f1a, del cual aseguran sus partidarios, tambi\u00e9n su hija, que siempre llevaba consigo, anotando cuanto suced\u00eda? \u00bfQu\u00e9 le ocurri\u00f3 al supuesto Documento con el cual lo enga\u00f1aron, firmado por testigos, incluyendo un jerarca de la Iglesia Cat\u00f3lica? \u00bfSe limpiaron el trasero con el mismo, algo com\u00fan entre los yanquis, ya que as\u00ed lo atestigua la historia, empezando con los propios nativos de Norteam\u00e9rica, a quienes mataron por montones para hurtarle sus terrenos?&nbsp;&nbsp;&nbsp;&nbsp;<\/p>\n\n\n\n<p>&nbsp;\u201cVicentico, &nbsp;fue el \u00fanico combatiente fusilado de modo tan extra\u00f1o, sin explicaci\u00f3n, escondiendo hasta su cad\u00e1ver a familiares y amigos que lo reclamaron. \u00bfPor cu\u00e1l raz\u00f3n lo hicieron? Es una interrogante que nunca los interventores dieron a conocer. \u00bfTemieron, igual que los sacerdotes Jud\u00edos con el sepulcro de Jes\u00fas, que se convirtiera en un verdadero mausoleo de peregrinaje? Claro, esto es muy probable. Su desaparici\u00f3n contin\u00faa siendo una gran inc\u00f3gnita\u201d.<\/p>\n\n\n\n<p>Al comentar&nbsp; el tratamiento dado a Vicentico y sus compa\u00f1eros, &nbsp;Gautreau&nbsp; pregunta: \u201c\u00bfPor qu\u00e9 ninguna autoridad gubernamental ha levantado en el Este un Monumento a todos esos valerosos hombres que combatieron su lucha nacionalista contra el yanqui invasor, como se hizo con La Barranquita en el Cibao y la obra en El Seibo sobre la emboscada de Palo Hincado cuando a\u00fan la Rep\u00fablica Dominicana no exist\u00eda? Nada de esto se ha realizado porque no eran capitale\u00f1os y mucho menos cibae\u00f1os\u2026 Sin embargo, lentamente la verdad se va abriendo paso, y muy de veras llegar\u00e1 un r\u00e9gimen que los pondr\u00e1 en su justo lugar. Mientras tanto, debemos confirmar: \u00a1Loor por siempre a los h\u00e9roes que valerosamente ofrendaron sus vidas durante varios a\u00f1os, combatiendo contra los interventores norteamericanos en 1916!\u201d.&nbsp;&nbsp;&nbsp;&nbsp;<\/p>\n\n\n\n<p>Refiere que en &nbsp;la administraci\u00f3n municipal del Ayuntamiento de Macor\u00eds, 1986-1990, cuando el mun\u00edcipe Manuel Rodr\u00edguez Robles era presidente de la Sala Capitular, los honorables Regidores aprobaron una solicitud de varios compueblanos, solicitada por el autor, para que una v\u00eda de la ciudad llevara el &nbsp;nombre del general Vicente Evangelista, \u2018Vicentico\u2019. Pero no fue hecha de inmediato, pues las autoridades esperaron para rotularla junto a otras calles pedidas por las mismas personas.<\/p>\n\n\n\n<p>&nbsp;&nbsp;No obstante, Gautreau&nbsp; anota: &nbsp;\u201c&nbsp;Debo informar que la rotulaci\u00f3n de esas calles se realiz\u00f3&nbsp;&nbsp;durante&nbsp;&nbsp;una&nbsp;&nbsp;preciosa&nbsp;&nbsp;tarde&nbsp;con&nbsp;&nbsp;la&nbsp;&nbsp;asistencia&nbsp;&nbsp;de poqu\u00edsimas personas. Se leyeron semblanzas de esas grandes personalidades. Me sent\u00ed feliz. Debo confesar que mientras los poetas don Vinicio Vguera Ozuna y F\u00e9lix Ram\u00edrez Sep\u00falveda declamaban versos y cantaban hermosas &nbsp;baladas, tocando Rafael (\u2018Capi\u2019) Daguend\u00f3 Carbuccia su viol\u00edn, yo me acordaba de mi profesora Camila \u00c1lvarez, quien me ense\u00f1\u00f3 a leer con inmenso amor. Adem\u00e1s, trat\u00e9 de imaginarme a los intr\u00e9pidos nacionalistas Vicente Evangelista, Ram\u00f3n Natera, Telesforo Santana Polanco (sobrino de \u2018Vicentico), Mart\u00edn Peguero, Basilio Santana, Ram\u00f3n Bat\u00eda, etc., galopando por nuestra&nbsp;llanuras.&nbsp;Asimismo al escritor Andr\u00e9s Requena escribiendo su obra que lo llev\u00f3 a la muerte, \u00abCementerio&nbsp;sin&nbsp;cruces.\u00bb<\/p>\n\n\n\n<p>&nbsp;&nbsp;&nbsp;&nbsp; &nbsp;&nbsp;&nbsp;&nbsp; El Gobierno de Estados Unidos hab\u00eda declarado un Gobierno de Ocupaci\u00f3n en la Rep\u00fablica Dominicana,&nbsp; a partir del&nbsp; 29 de noviembre de 1916, lo que&nbsp; provoc\u00f3 una resistencia que se sinti\u00f3 en las distintas regiones de Rep\u00fablica Dominicana.<\/p>\n","protected":false},"excerpt":{"rendered":"<p>Externa Por H\u00e9ctor Tineo Nolasco Diariodominicano.com SANTO DOMINGO, el \u00a0\u00a06 de julio de 1917, Militares de Estados Unidos, mataron a Vicentico Evangelista, quien hab\u00eda participado en la resistencia dominicana contra el Gobierno de Ocupaci\u00f3n. &nbsp;&nbsp;&nbsp; &nbsp;&nbsp;&nbsp;&nbsp;&nbsp; Vicentico Evangelista, un s\u00edmbolo de la resistencia&nbsp; contra la ocupaci\u00f3n militar estadounidense&nbsp; de 1916, y&nbsp; calificado&nbsp; por los interventores&nbsp; [&hellip;]<\/p>\n","protected":false},"author":28,"featured_media":366438,"comment_status":"closed","ping_status":"","sticky":true,"template":"","format":"standard","meta":{"footnotes":""},"categories":[26,27],"tags":[],"class_list":["post-366437","post","type-post","status-publish","format-standard","has-post-thumbnail","hentry","category-efemerides","category-portada"],"_links":{"self":[{"href":"https:\/\/diariodominicano.com\/index.php?rest_route=\/wp\/v2\/posts\/366437","targetHints":{"allow":["GET"]}}],"collection":[{"href":"https:\/\/diariodominicano.com\/index.php?rest_route=\/wp\/v2\/posts"}],"about":[{"href":"https:\/\/diariodominicano.com\/index.php?rest_route=\/wp\/v2\/types\/post"}],"author":[{"embeddable":true,"href":"https:\/\/diariodominicano.com\/index.php?rest_route=\/wp\/v2\/users\/28"}],"replies":[{"embeddable":true,"href":"https:\/\/diariodominicano.com\/index.php?rest_route=%2Fwp%2Fv2%2Fcomments&post=366437"}],"version-history":[{"count":2,"href":"https:\/\/diariodominicano.com\/index.php?rest_route=\/wp\/v2\/posts\/366437\/revisions"}],"predecessor-version":[{"id":366440,"href":"https:\/\/diariodominicano.com\/index.php?rest_route=\/wp\/v2\/posts\/366437\/revisions\/366440"}],"wp:featuredmedia":[{"embeddable":true,"href":"https:\/\/diariodominicano.com\/index.php?rest_route=\/wp\/v2\/media\/366438"}],"wp:attachment":[{"href":"https:\/\/diariodominicano.com\/index.php?rest_route=%2Fwp%2Fv2%2Fmedia&parent=366437"}],"wp:term":[{"taxonomy":"category","embeddable":true,"href":"https:\/\/diariodominicano.com\/index.php?rest_route=%2Fwp%2Fv2%2Fcategories&post=366437"},{"taxonomy":"post_tag","embeddable":true,"href":"https:\/\/diariodominicano.com\/index.php?rest_route=%2Fwp%2Fv2%2Ftags&post=366437"}],"curies":[{"name":"wp","href":"https:\/\/api.w.org\/{rel}","templated":true}]}}