{"id":36643,"date":"2007-12-11T13:45:13","date_gmt":"2007-12-11T13:45:13","guid":{"rendered":"http:\/\/diariodominicano.ddns.net\/?p=36643"},"modified":"2007-12-11T13:45:13","modified_gmt":"2007-12-11T13:45:13","slug":"el-titan-de-bronce-antonio-maceo","status":"publish","type":"post","link":"https:\/\/diariodominicano.com\/?p=36643","title":{"rendered":"El Tit\u00e1n de Bronce, Antonio Maceo"},"content":{"rendered":"<p><body><\/p>\n<p align=\"justify\"><strong>Reflexiones deL PRESIDENTE Fidel<\/strong><strong><br \/>&#13;<br \/>\n  <br \/>&#13;<br \/>\n  <\/strong><strong class=\"titulogrande1\">El Tit\u00e1n de  Bronce, Antonio Maceo<\/strong> <br \/>&#13;<br \/>\n  <br \/>&#13;<br \/>\n  <span class=\"text1noticias\">Estoy en deuda con \u00e9l. Ayer se cumpli\u00f3  otro aniversario de su muerte f\u00edsica. Existen m\u00e1s de cuarenta versiones  diferentes del hecho, pero todas coinciden en varios detalles de gran inter\u00e9s. <br \/>&#13;<br \/>\n  <br \/>&#13;<br \/>\n  A Maceo lo acompa\u00f1aba el joven Francisco  G\u00f3mez Toro, que hab\u00eda arribado a Cuba por el oeste de Pinar del R\u00edo con la  expedici\u00f3n al mando del general Rius Rivera. Herido anteriormente en un brazo,  Panchito viaj\u00f3 con Maceo de una orilla a otra de la entrada de la bah\u00eda de  Mariel. Con ellos iban 17 aguerridos oficiales de su Estado Mayor, marinos del  bote y un solo hombre de su escolta. <br \/>&#13;<br \/>\n  <br \/>&#13;<br \/>\n  Ese d\u00eda 7, en las proximidades de Punta  Brava, en su improvisado campamento, Maceo y sus oficiales escucharon el relato  del autor de Cr\u00f3nicas de la   Guerra Jos\u00e9 Mir\u00f3 Argenter, sobre las acciones del combate de  Coliseo, donde la columna invasora derrot\u00f3 a las tropas del general Mart\u00ednez  Campos. Desde hac\u00eda varios d\u00edas Maceo sufr\u00eda de una fiebre epid\u00e9mica alta y  dolores en todas sus heridas. <br \/>&#13;<br \/>\n  <br \/>&#13;<br \/>\n  Alrededor de las 3 de la tarde se oyeron  fuertes disparos a unos 200   metros del campamento ubicado al oeste de la ciudad de La Habana, capital de la  colonia espa\u00f1ola. Maceo se indigna por el sorpresivo ataque, ya que hab\u00eda  ordenado la exploraci\u00f3n constante, como era habitual en sus expertas tropas.  Reclama un corneta para dar \u00f3rdenes; no estaba disponible en ese instante. <br \/>&#13;<br \/>\n  <br \/>&#13;<br \/>\n  Salta sobre el caballo y se dirige al  enemigo. Da \u00f3rdenes de abrir una brecha en la cerca de alambre que se  interpon\u00eda entre \u00e9l y los atacantes. Ante la aparente retirada del enemigo,  exclama \u201cesto va bien\u201d segundos antes de que una bala le cercenara la car\u00f3tida. <br \/>&#13;<br \/>\n  <br \/>&#13;<br \/>\n  Panchito G\u00f3mez Toro, al conocer la  noticia, llega desde el campamento, dispuesto a morir junto al cad\u00e1ver de Maceo.  Intent\u00f3 suicidarse cuando se vio cercado y a punto de caer prisionero. Antes  escribe una brev\u00edsima y dram\u00e1tica nota de despedida a su familia. La peque\u00f1a  daga, \u00fanica arma que llevaba consigo a falta de rev\u00f3lver, no penetr\u00f3 lo  suficiente con la fuerza de la mano disponible. <br \/>&#13;<br \/>\n  <br \/>&#13;<br \/>\n  Un soldado enemigo, al ver que  alguien se mov\u00eda entre varios muertos, casi le desprende la cabeza con un tajo  de machete por el cuello. <br \/>&#13;<br \/>\n  <br \/>&#13;<br \/>\n  Cunde la desmoralizaci\u00f3n con la muerte de  Maceo en las fuerzas patri\u00f3ticas, que eran en su mayor\u00eda soldados biso\u00f1os. <br \/>&#13;<br \/>\n  <br \/>&#13;<br \/>\n  El coronel mamb\u00ed Juan Delgado, del  Regimiento de Santiago de las Vegas, al conocer lo ocurrido sali\u00f3 en busca de  Maceo. <br \/>&#13;<br \/>\n  <br \/>&#13;<br \/>\n  El enemigo hab\u00eda tenido en sus manos el  cad\u00e1ver, despoj\u00e1ndolo de sus objetos personales sin darse cuenta de que era el  de Maceo, conocido y admirado en el mundo por sus haza\u00f1as. <br \/>&#13;<br \/>\n  <br \/>&#13;<br \/>\n  La tropa encabezada por Juan Delgado, en  gesto valiente, rescat\u00f3 los cuerpos sin vida de El Tit\u00e1n y su joven ayudante,  hijo del General en Jefe M\u00e1ximo G\u00f3mez. Los enterraron despu\u00e9s de largas horas  de marcha en la altura dominante de El Cacahual. Los patriotas cubanos no  dijeron entonces una palabra del valioso secreto. <br \/>&#13;<br \/>\n  <br \/>&#13;<br \/>\n  El rostro ce\u00f1udo de Mart\u00ed y la mirada  fulminante de Maceo se\u00f1alan a cada cubano el duro camino del deber y no de qu\u00e9  lado se vive mejor. Sobre estas ideas hay mucho que leer y meditar. <br \/>&#13;<br \/>\n  <br \/>&#13;<br \/>\n  <strong>Fidel Castro Ruz <\/strong><br \/>&#13;<br \/>\n  <strong>Diciembre 8 de 2007 <\/strong><\/span><\/p>\n<p>&#13;<\/p>\n<div align=\"justify\" class=\"text1noticias\"><strong>8:05 p.m. <\/strong><\/div>\n<p>&#13;<\/p>\n<h6> 2007-12-11 13:45:13 <\/h6>\n<p><!--\n<link rel=\"stylesheet\" href=\"css\/bootstrap.min.css\">\n\n\n<ul class=\"pagination\">\n\t    \n\t\n\n<li >\n\t<a href='?page_no=12485'>Previous<\/a>\n\t<\/li>\n\n\n       \n    \n\n<li><a href='?page_no=1'>1<\/a><\/li>\n\n\n\n<li><a href='?page_no=2'>2<\/a><\/li>\n\n\n\n<li><a>...<\/a><\/li>\n\n\n\n<li><a href='?page_no=12484'>12484<\/a><\/li>\n\n\n\n<li><a href='?page_no=12485'>12485<\/a><\/li>\n\n\n\n<li class='active'><a>12486<\/a><\/li>\n\n\n\n<li><a href='?page_no=12487'>12487<\/a><\/li>\n\n\n\n<li><a href='?page_no=12488'>12488<\/a><\/li>\n\n\n\n<li><a>...<\/a><\/li>\n\n\n\n<li><a href='?page_no=13611'>13611<\/a><\/li>\n\n\n\n<li><a href='?page_no=13612'>13612<\/a><\/li>\n\n    \n\t\n\n<li >\n\t<a href='?page_no=12487'>Next<\/a>\n\t<\/li>\n\n\n    \n\n<li><a href='?page_no=13612'>Last &rsaquo;&rsaquo;<\/a><\/li>\n\n<\/ul>\n\n\n--><br \/>\n<\/body><\/p>\n","protected":false},"excerpt":{"rendered":"<p>Reflexiones deL PRESIDENTE Fidel&#13; &#13; El Tit\u00e1n de Bronce, Antonio Maceo &#13; &#13; Estoy en deuda con \u00e9l. Ayer se cumpli\u00f3 otro aniversario de su muerte f\u00edsica. Existen m\u00e1s de cuarenta versiones diferentes del hecho, pero todas coinciden en varios detalles de gran inter\u00e9s. &#13; &#13; A Maceo lo acompa\u00f1aba el joven Francisco G\u00f3mez Toro, [&hellip;]<\/p>\n","protected":false},"author":3,"featured_media":0,"comment_status":"open","ping_status":"open","sticky":false,"template":"","format":"standard","meta":{"footnotes":""},"categories":[16],"tags":[],"class_list":["post-36643","post","type-post","status-publish","format-standard","hentry","category-opiniones"],"_links":{"self":[{"href":"https:\/\/diariodominicano.com\/index.php?rest_route=\/wp\/v2\/posts\/36643","targetHints":{"allow":["GET"]}}],"collection":[{"href":"https:\/\/diariodominicano.com\/index.php?rest_route=\/wp\/v2\/posts"}],"about":[{"href":"https:\/\/diariodominicano.com\/index.php?rest_route=\/wp\/v2\/types\/post"}],"author":[{"embeddable":true,"href":"https:\/\/diariodominicano.com\/index.php?rest_route=\/wp\/v2\/users\/3"}],"replies":[{"embeddable":true,"href":"https:\/\/diariodominicano.com\/index.php?rest_route=%2Fwp%2Fv2%2Fcomments&post=36643"}],"version-history":[{"count":0,"href":"https:\/\/diariodominicano.com\/index.php?rest_route=\/wp\/v2\/posts\/36643\/revisions"}],"wp:attachment":[{"href":"https:\/\/diariodominicano.com\/index.php?rest_route=%2Fwp%2Fv2%2Fmedia&parent=36643"}],"wp:term":[{"taxonomy":"category","embeddable":true,"href":"https:\/\/diariodominicano.com\/index.php?rest_route=%2Fwp%2Fv2%2Fcategories&post=36643"},{"taxonomy":"post_tag","embeddable":true,"href":"https:\/\/diariodominicano.com\/index.php?rest_route=%2Fwp%2Fv2%2Ftags&post=36643"}],"curies":[{"name":"wp","href":"https:\/\/api.w.org\/{rel}","templated":true}]}}