{"id":366416,"date":"2022-07-05T22:36:49","date_gmt":"2022-07-06T02:36:49","guid":{"rendered":"http:\/\/diariodominicano.com\/?p=366416"},"modified":"2022-07-05T22:36:49","modified_gmt":"2022-07-06T02:36:49","slug":"maduro-resalta-lealtad-de-fuerza-armada-al-proyecto-bolivariano-fotos","status":"publish","type":"post","link":"https:\/\/diariodominicano.com\/?p=366416","title":{"rendered":"Maduro resalta lealtad de fuerza armada al proyecto bolivariano (+Fotos)"},"content":{"rendered":"\n<p>Caracas, 5 jul (Prensa Latina) El presidente de Venezuela, Nicol\u00e1s Maduro, resalt\u00f3 hoy la unidad de la Fuerza Armada Nacional Bolivariana (FANB) y su lealtad a los ideales del proyecto emancipador del Libertador Sim\u00f3n Bol\u00edvar.<\/p>\n\n\n\n<ul class=\"wp-block-list\"><li>julio 5, 2022<\/li><li>CDT16:27 (GMT) -0400<\/li><\/ul>\n\n\n\n<p>En un mensaje a la naci\u00f3n, en ocasi\u00f3n de los actos centrales por el aniversario 211 de la Declaraci\u00f3n de Independencia, el jefe de Estado exhort\u00f3 a la FANB a mantenerse firme y en alerta m\u00e1xima frente a las amenazas contra el pa\u00eds.<\/p>\n\n\n\n<figure class=\"wp-block-image\"><img decoding=\"async\" src=\"https:\/\/www.prensa-latina.cu\/wp-content\/uploads\/2022\/07\/Maduro-3.jpg\" alt=\"\" class=\"wp-image-276914\"\/><\/figure>\n\n\n\n<p>El mandatario destac\u00f3 las luchas de los venezolanos, que con sacrificio y valor construyen el \u201cirreductible patrimonio de la Rep\u00fablica y la independencia nacional\u201d.<\/p>\n\n\n\n<p>En tal sentido, Maduro subray\u00f3 que Venezuela ha sido testigo de numerosas luchas y victorias, adem\u00e1s de dificultades ante las cuales se ha impuesto el coraje y rebeld\u00eda del pueblo venezolano.<\/p>\n\n\n\n<p>\u201cEste mismo cielo que nos ha visto al lanzar los pu\u00f1os y levantar la frente en cada coyuntura adversa, puede dar fe de que esta generaci\u00f3n de bolivarianos ha salvaguardado los ideales y las instituciones que nos dieran la grandeza el pasado\u201d, recalc\u00f3 el dignatario.<\/p>\n\n\n\n<p>El presidente de Venezuela manifest\u00f3 que a 211 a\u00f1os de la declaraci\u00f3n de independencia, el pueblo y la FANB fortalecen la uni\u00f3n c\u00edvico-militar para seguir construyendo una patria independiente y soberana.<\/p>\n\n\n\n<p>\u201cEsta fecha la vivimos con la certeza de nuestra recuperaci\u00f3n econ\u00f3mica, de la estabilidad pol\u00edtica y de un verdadero renacimiento cultural y de los valores de venezolanidad\u201d, agreg\u00f3 el mandatario venezolano.<\/p>\n\n\n\n<p>Una amplia representaci\u00f3n de los diversos componentes de la Fuerza Armada Nacional Bolivariana particip\u00f3 este martes en la parada militar efectuada en el Paseo Monumental de los Pr\u00f3ceres, en Caracas, para conmemorar la firma del Acta de la Declaraci\u00f3n de Independencia.<\/p>\n\n\n\n<figure class=\"wp-block-image\"><img decoding=\"async\" src=\"https:\/\/www.prensa-latina.cu\/wp-content\/uploads\/2022\/07\/desfile-Venezuela.jpg\" alt=\"\" class=\"wp-image-276915\"\/><\/figure>\n\n\n\n<p>El 5 de julio de 1811, los territorios de Caracas, Cuman\u00e1, Barinas, Margarita, M\u00e9rida, Barcelona y Trujillo declararon su independencia de la Corona de Espa\u00f1a, establecieron una nueva naci\u00f3n basada en principios republicanos y federales, y abolieron la monarqu\u00eda bajo los valores de la igualdad de los individuos.<\/p>\n\n\n\n<p>Asimismo, el Acta consagr\u00f3 el principio constitucional y se opuso radicalmente a las pr\u00e1cticas pol\u00edticas, culturales y sociales impuestas durante los 300 a\u00f1os de r\u00e9gimen colonial en Am\u00e9rica.<\/p>\n\n\n\n<p>\/wup<\/p>\n","protected":false},"excerpt":{"rendered":"<p>Caracas, 5 jul (Prensa Latina) El presidente de Venezuela, Nicol\u00e1s Maduro, resalt\u00f3 hoy la unidad de la Fuerza Armada Nacional Bolivariana (FANB) y su lealtad a los ideales del proyecto emancipador del Libertador Sim\u00f3n Bol\u00edvar. julio 5, 2022 CDT16:27 (GMT) -0400 En un mensaje a la naci\u00f3n, en ocasi\u00f3n de los actos centrales por el [&hellip;]<\/p>\n","protected":false},"author":28,"featured_media":366417,"comment_status":"closed","ping_status":"","sticky":true,"template":"","format":"standard","meta":{"footnotes":""},"categories":[26,23,27],"tags":[],"class_list":["post-366416","post","type-post","status-publish","format-standard","has-post-thumbnail","hentry","category-efemerides","category-internacional","category-portada"],"_links":{"self":[{"href":"https:\/\/diariodominicano.com\/index.php?rest_route=\/wp\/v2\/posts\/366416","targetHints":{"allow":["GET"]}}],"collection":[{"href":"https:\/\/diariodominicano.com\/index.php?rest_route=\/wp\/v2\/posts"}],"about":[{"href":"https:\/\/diariodominicano.com\/index.php?rest_route=\/wp\/v2\/types\/post"}],"author":[{"embeddable":true,"href":"https:\/\/diariodominicano.com\/index.php?rest_route=\/wp\/v2\/users\/28"}],"replies":[{"embeddable":true,"href":"https:\/\/diariodominicano.com\/index.php?rest_route=%2Fwp%2Fv2%2Fcomments&post=366416"}],"version-history":[{"count":1,"href":"https:\/\/diariodominicano.com\/index.php?rest_route=\/wp\/v2\/posts\/366416\/revisions"}],"predecessor-version":[{"id":366418,"href":"https:\/\/diariodominicano.com\/index.php?rest_route=\/wp\/v2\/posts\/366416\/revisions\/366418"}],"wp:featuredmedia":[{"embeddable":true,"href":"https:\/\/diariodominicano.com\/index.php?rest_route=\/wp\/v2\/media\/366417"}],"wp:attachment":[{"href":"https:\/\/diariodominicano.com\/index.php?rest_route=%2Fwp%2Fv2%2Fmedia&parent=366416"}],"wp:term":[{"taxonomy":"category","embeddable":true,"href":"https:\/\/diariodominicano.com\/index.php?rest_route=%2Fwp%2Fv2%2Fcategories&post=366416"},{"taxonomy":"post_tag","embeddable":true,"href":"https:\/\/diariodominicano.com\/index.php?rest_route=%2Fwp%2Fv2%2Ftags&post=366416"}],"curies":[{"name":"wp","href":"https:\/\/api.w.org\/{rel}","templated":true}]}}